{"id":47618,"date":"2026-08-31T17:51:58","date_gmt":"2026-08-31T20:51:58","guid":{"rendered":"https:\/\/ecosdelsur.com\/?p=47618"},"modified":"2026-08-31T17:51:58","modified_gmt":"2026-08-31T20:51:58","slug":"cultura-celebro-una-velada-de-canto-lirico-con-jovenes-talentos-santacrucenos","status":"publish","type":"post","link":"https:\/\/ecosdelsur.com\/?p=47618","title":{"rendered":"Cultura celebr\u00f3 una velada de canto l\u00edrico con j\u00f3venes talentos santacruce\u00f1os"},"content":{"rendered":"<p><span style=\"color: #ff0000;\">31 de Agosto 2026. <\/span>Ayer domingo, el Complejo Cultural Santa Cruz fue escenario de un concierto especial en el marco del ciclo Santa Cruz en Concierto.<\/p>\n<div class=\"redes mb-3\">\n<div class=\"d-flex flex-wrap justify-content-between align-items-center gap-3 my-2 mx-1\">\n<section class=\"ssi-block-main mb-5\">\n<div class=\"mb-2\">\n<div class=\"article-full\">\n<figure class=\"ssi-inline-image my-3\"><img decoding=\"async\" class=\"img-fluid lazyload\" data-src=\"https:\/\/noticias.santacruz.gob.ar\/media\/ssigallery\/articulos\/26292\/inline\/3.jpg\" alt=\"Cultura celebr\u00f3 una velada de canto l\u00edrico con j\u00f3venes talentos santacruce\u00f1os\" src=\"data:image\/svg+xml;base64,PHN2ZyB3aWR0aD0iMSIgaGVpZ2h0PSIxIiB4bWxucz0iaHR0cDovL3d3dy53My5vcmcvMjAwMC9zdmciPjwvc3ZnPg==\" \/><\/figure>\n<p>Con la sala colmada, las voces de Ingrith Pe\u00f1a y Lucas Malla, acompa\u00f1adas al piano por Federico Andrada y con la participaci\u00f3n del violinista invitado Diego L\u00f3pez, ofrecieron una velada que deslumbr\u00f3 al p\u00fablico con la fuerza y la belleza del canto l\u00edrico.<\/p>\n<p>El espect\u00e1culo marc\u00f3 el cierre del primer semestre del ciclo\u00a0<strong>Santa Cruz<\/strong>\u00a0en Concierto, que reuni\u00f3 a lo largo de estos meses diversas propuestas musicales y art\u00edsticas. El concierto de canto l\u00edrico se destac\u00f3 por la calidad interpretativa de j\u00f3venes santacruce\u00f1os que, con talento y compromiso, proyectaron la m\u00fasica acad\u00e9mica hacia la comunidad.<\/p>\n<p>Tras la presentaci\u00f3n, la secretaria de Estado de Cultura,\u00a0<strong>Silvia D\u2019Andrea<\/strong>, destac\u00f3:\u00a0<strong>\u201cEste cierre de Santa Cruz en Concierto fue realmente maravilloso.\u00a0<\/strong>El canto l\u00edrico, con todos j\u00f3venes santacruce\u00f1os acompa\u00f1ados por Diego L\u00f3pez en viol\u00edn, mostr\u00f3 que la continuidad de estos ciclos est\u00e1 rindiendo frutos. La sala llena es la mejor prueba de que la comunidad responde y disfruta de las propuestas culturales\u201d<strong>.<\/strong><\/p>\n<figure class=\"ssi-inline-image my-3\"><img decoding=\"async\" class=\"img-fluid lazyload\" data-src=\"https:\/\/noticias.santacruz.gob.ar\/media\/ssigallery\/articulos\/26292\/inline\/2.jpg\" alt=\"Cultura celebr\u00f3 una velada de canto l\u00edrico con j\u00f3venes talentos santacruce\u00f1os\" src=\"data:image\/svg+xml;base64,PHN2ZyB3aWR0aD0iMSIgaGVpZ2h0PSIxIiB4bWxucz0iaHR0cDovL3d3dy53My5vcmcvMjAwMC9zdmciPjwvc3ZnPg==\" \/><\/figure>\n<p>En su balance, D\u2019Andrea subray\u00f3: \u201cEstas actividades forman parte de la agenda de Santa Cruz Cultura, tanto para R\u00edo Gallegos como para el interior de la provincia.\u00a0<strong>Hac\u00eda tiempo que no se activaban ciclos de esta magnitud y la recepci\u00f3n fue excelente, tanto de los trabajadores de la cultura como del p\u00fablico<\/strong>. La armon\u00eda entre instituciones y artistas permiti\u00f3 que este primer semestre fuera un \u00e9xito\u201d.<\/p>\n<figure class=\"a-media video-inline\">\n<div class=\"ratio ratio-16x9\"><img decoding=\"async\" class=\"w-100 h-100 object-fit-cover lazyload\" data-src=\"https:\/\/img.youtube.com\/vi\/Q5e7I0jU3qs\/hqdefault.jpg\" alt=\"Portada video\" src=\"data:image\/svg+xml;base64,PHN2ZyB3aWR0aD0iMSIgaGVpZ2h0PSIxIiB4bWxucz0iaHR0cDovL3d3dy53My5vcmcvMjAwMC9zdmciPjwvc3ZnPg==\" \/><\/div>\n<\/figure>\n<p>El concierto reafirm\u00f3 la importancia de ofrecer propuestas culturales diversas y de calidad, que convocan a la comunidad y fortalecen la identidad art\u00edstica de Santa Cruz. La continuidad del ciclo dar\u00e1 paso a la Feria Provincial del Libro y posteriormente a Octubre Tango, consolidando una agenda cultural que proyecta el segundo semestre con nuevas actividades y encuentros.<\/p>\n<p>Con este cierre, la Secretar\u00eda de Estado de Cultura reafirma su compromiso con la promoci\u00f3n de la m\u00fasica y la construcci\u00f3n de espacios que acerquen a la comunidad santacruce\u00f1a a distintas expresiones art\u00edsticas.<\/p>\n<figure class=\"ssi-inline-image my-3\"><img decoding=\"async\" class=\"img-fluid lazyload\" data-src=\"https:\/\/noticias.santacruz.gob.ar\/media\/ssigallery\/articulos\/26292\/inline\/8.jpg\" alt=\"Cultura celebr\u00f3 una velada de canto l\u00edrico con j\u00f3venes talentos santacruce\u00f1os\" src=\"data:image\/svg+xml;base64,PHN2ZyB3aWR0aD0iMSIgaGVpZ2h0PSIxIiB4bWxucz0iaHR0cDovL3d3dy53My5vcmcvMjAwMC9zdmciPjwvc3ZnPg==\" \/><\/figure>\n<\/div>\n<\/div>\n<\/section>\n<\/div>\n<\/div>\n","protected":false},"excerpt":{"rendered":"<p>31 de Agosto 2026. Ayer domingo, el Complejo Cultural Santa Cruz fue escenario de un concierto especial en el marco<\/p>\n","protected":false},"author":8,"featured_media":47619,"comment_status":"open","ping_status":"closed","sticky":false,"template":"","format":"standard","meta":{"footnotes":""},"categories":[1094],"tags":[],"class_list":["post-47618","post","type-post","status-publish","format-standard","has-post-thumbnail","hentry","category-gobierno"],"_links":{"self":[{"href":"https:\/\/ecosdelsur.com\/index.php?rest_route=\/wp\/v2\/posts\/47618","targetHints":{"allow":["GET"]}}],"collection":[{"href":"https:\/\/ecosdelsur.com\/index.php?rest_route=\/wp\/v2\/posts"}],"about":[{"href":"https:\/\/ecosdelsur.com\/index.php?rest_route=\/wp\/v2\/types\/post"}],"author":[{"embeddable":true,"href":"https:\/\/ecosdelsur.com\/index.php?rest_route=\/wp\/v2\/users\/8"}],"replies":[{"embeddable":true,"href":"https:\/\/ecosdelsur.com\/index.php?rest_route=%2Fwp%2Fv2%2Fcomments&post=47618"}],"version-history":[{"count":1,"href":"https:\/\/ecosdelsur.com\/index.php?rest_route=\/wp\/v2\/posts\/47618\/revisions"}],"predecessor-version":[{"id":47620,"href":"https:\/\/ecosdelsur.com\/index.php?rest_route=\/wp\/v2\/posts\/47618\/revisions\/47620"}],"wp:featuredmedia":[{"embeddable":true,"href":"https:\/\/ecosdelsur.com\/index.php?rest_route=\/wp\/v2\/media\/47619"}],"wp:attachment":[{"href":"https:\/\/ecosdelsur.com\/index.php?rest_route=%2Fwp%2Fv2%2Fmedia&parent=47618"}],"wp:term":[{"taxonomy":"category","embeddable":true,"href":"https:\/\/ecosdelsur.com\/index.php?rest_route=%2Fwp%2Fv2%2Fcategories&post=47618"},{"taxonomy":"post_tag","embeddable":true,"href":"https:\/\/ecosdelsur.com\/index.php?rest_route=%2Fwp%2Fv2%2Ftags&post=47618"}],"curies":[{"name":"wp","href":"https:\/\/api.w.org\/{rel}","templated":true}]}}