{"id":47615,"date":"2026-08-31T17:49:54","date_gmt":"2026-08-31T20:49:54","guid":{"rendered":"https:\/\/ecosdelsur.com\/?p=47615"},"modified":"2026-08-31T17:49:54","modified_gmt":"2026-08-31T20:49:54","slug":"comenzo-el-concurso-provincial-de-residencias-de-los-equipos-de-salud-2026","status":"publish","type":"post","link":"https:\/\/ecosdelsur.com\/?p=47615","title":{"rendered":"Comenz\u00f3 el Concurso Provincial de Residencias de los Equipos de Salud 2026"},"content":{"rendered":"<p><span style=\"color: #ff0000;\">31 de Agosto 2026. <\/span>El Ministerio de Salud y Ambiente abri\u00f3 este lunes las inscripciones para profesionales que busquen formarse e incorporarse al sistema sanitario p\u00fablico de Santa Cruz. Hay cupos en distintas especialidades en los hospitales de R\u00edo Gallegos y Caleta Olivia.<\/p>\n<div class=\"redes mb-3\">\n<div class=\"d-flex flex-wrap justify-content-between align-items-center gap-3 my-2 mx-1\">\n<p>El\u00a0<strong>Gobierno de Santa Cruz<\/strong>, a trav\u00e9s del\u00a0<strong>Ministerio de Salud y Ambiente<\/strong>\u00a0inici\u00f3 el\u00a0<strong>Concurso Provincial de Residencias de los Equipos de Salud 2026<\/strong>, orientado a profesionales de diversas \u00e1reas que deseen formarse e incorporarse al sistema sanitario p\u00fablico santacruce\u00f1o en los hospitales de\u00a0<strong>R\u00edo Gallegos y Caleta Olivia.<\/strong><\/p>\n<p>La convocatoria contempla residencias m\u00e9dicas y propuestas interdisciplinarias vinculadas a la salud mental comunitaria, adem\u00e1s de una serie de\u00a0<strong>incentivos<\/strong>\u00a0destinados a promover la formaci\u00f3n y posterior incorporaci\u00f3n de profesionales al sistema p\u00fablico provincial.<\/p>\n<h2>Cupos disponibles en R\u00edo Gallegos y Caleta Olivia<\/h2>\n<p>La propuesta acad\u00e9mica y asistencial para la sede del\u00a0<strong>Hospital Regional de R\u00edo Gallegos<\/strong>\u00a0comprende dos cupos para la especialidad m\u00e9dica de\u00a0<strong>Cl\u00ednica M\u00e9dica<\/strong>\u00a0y una plaza post-b\u00e1sica en\u00a0<strong>Neonatolog\u00eda<\/strong>, destinada exclusivamente a especialistas en Pediatr\u00eda.<\/p>\n<p>En paralelo, dentro de la Residencia Interdisciplinaria de\u00a0<strong>Salud Mental Comunitaria<\/strong>\u00a0(RISAMC), la capital provincial ofrece un cupo para la Licenciatura en\u00a0<strong>Psicolog\u00eda<\/strong>, uno para\u00a0<strong>Trabajo Social\u00a0<\/strong>y uno para\u00a0<strong>Enfermer\u00eda<\/strong>.<\/p>\n<p>Por otro lado, en el\u00a0<strong>Hospital Zonal de Caleta Olivia<\/strong>\u00a0se concursar\u00e1n dos cupos para Medicina General y, en el marco de la RISAMC local, una vacante para\u00a0<strong>Psicolog\u00eda<\/strong>, una para\u00a0<strong>Trabajo Social y una para Enfermer\u00eda<\/strong>.<\/p>\n<h2>Formaci\u00f3n e incorporaci\u00f3n al sistema p\u00fablico de salud<\/h2>\n<p>Como pol\u00edtica de incentivo y jerarquizaci\u00f3n del recurso humano, el\u00a0<strong>Gobierno Provincial<\/strong>\u00a0garantiza formaci\u00f3n de posgrado de excelencia y la posterior contrataci\u00f3n inmediata a la planta permanente una vez finalizada la residencia, en el establecimiento que la cartera determine conforme a las demandas sanitarias.<\/p>\n<p>Adem\u00e1s, se otorga el adicional por t\u00edtulo, un plus habitacional para aquellos profesionales que deban alquilar una vivienda y el pago de vi\u00e1ticos espec\u00edficos para las rotaciones obligatorias programadas fuera del hospital sede.<\/p>\n<h2>Requisitos para participar<\/h2>\n<p>Podr\u00e1n postularse ciudadanos argentinos nativos, por opci\u00f3n o naturalizados, as\u00ed como personas extranjeras con DNI expedido en el pa\u00eds y situaci\u00f3n migratoria regularizada bajo la Ley N\u00b0 25.871.<\/p>\n<p>Se exige contar con t\u00edtulo de grado legalizado o constancia excepcional de t\u00edtulo en tr\u00e1mite con plan de estudios finalizado y aprobado, emitido por universidades reconocidas nacionalmente o con rev\u00e1lida oficial en caso de casas de altos estudios del exterior.<\/p>\n<p>La antig\u00fcedad m\u00e1xima del t\u00edtulo no debe superar los cinco a\u00f1os para residencias b\u00e1sicas o articuladas y los ocho a\u00f1os para la post-b\u00e1sica, fij\u00e1ndose un l\u00edmite de edad de hasta 45 a\u00f1os al momento de la preinscripci\u00f3n.<\/p>\n<h2>Cronograma del concurso<\/h2>\n<p>El cronograma del proceso selectivo estableci\u00f3 que se da paso a la etapa de inscripci\u00f3n formal y recepci\u00f3n digital de documentaci\u00f3n desde el 31 de agosto hasta el 4 de septiembre a las 23:45, mediante formulario virtual.<\/p>\n<p>Posteriormente, del 8 al 10 de septiembre inclusive se realizar\u00e1n las entrevistas de forma virtual, las cuales ser\u00e1n notificadas una vez corroborada la documentaci\u00f3n solicitada.<\/p>\n<p>La publicaci\u00f3n del orden de m\u00e9rito provisorio ser\u00e1 el 15 de septiembre, habilitando los d\u00edas 16 y 17 para eventuales reclamos, mientras que el listado definitivo se difundir\u00e1 el 21 de septiembre.<\/p>\n<p>La adjudicaci\u00f3n de cargos se desarrollar\u00e1 el 28 de septiembre y la toma de posesi\u00f3n e ingreso a las residencias ser\u00e1 el 1 de octubre, quedando la fecha del examen psicot\u00e9cnico sujeta a confirmaci\u00f3n.<\/p>\n<h2>Inscripci\u00f3n y documentaci\u00f3n<\/h2>\n<p>Las personas interesadas deber\u00e1n completar su postulaci\u00f3n a trav\u00e9s del formulario online:<\/p>\n<p><a href=\"https:\/\/forms.gle\/PT7rKXNnHbJeK2xn9\">https:\/\/forms.gle\/PT7rKXNnHbJeK2xn9<\/a><\/p>\n<p>All\u00ed deber\u00e1n adjuntar curr\u00edculum vitae actualizado, DNI, constancia de CUIL\/CUIT, t\u00edtulo o certificado de tr\u00e1mite, anal\u00edtico con aplazos, certificado de antecedentes penales y, en caso de ser nacidos o criados en Santa Cruz, la documentaci\u00f3n que lo certifique.<\/p>\n<p>Asimismo, se aclara que al momento de ingresar al sistema de residencia provincial ser\u00e1 obligatorio presentar la documentaci\u00f3n original en formato f\u00edsico ante las \u00e1reas de docencia de los respectivos hospitales donde se concursa la residencia.<\/p>\n<p>Para consultas, se encuentra disponible el correo electr\u00f3nico residenciassantacruz@gmail.com o la atenci\u00f3n presencial en el \u00c1rea de Investigaci\u00f3n y Capacitaci\u00f3n, Alberto Juan Bark N\u00b0 98, de 09:00 a 14:00 horas.<\/p>\n<\/div>\n<\/div>\n","protected":false},"excerpt":{"rendered":"<p>31 de Agosto 2026. El Ministerio de Salud y Ambiente abri\u00f3 este lunes las inscripciones para profesionales que busquen formarse<\/p>\n","protected":false},"author":8,"featured_media":47616,"comment_status":"open","ping_status":"closed","sticky":false,"template":"","format":"standard","meta":{"footnotes":""},"categories":[1139],"tags":[],"class_list":["post-47615","post","type-post","status-publish","format-standard","has-post-thumbnail","hentry","category-ministerio-de-salud-y-ambiente"],"_links":{"self":[{"href":"https:\/\/ecosdelsur.com\/index.php?rest_route=\/wp\/v2\/posts\/47615","targetHints":{"allow":["GET"]}}],"collection":[{"href":"https:\/\/ecosdelsur.com\/index.php?rest_route=\/wp\/v2\/posts"}],"about":[{"href":"https:\/\/ecosdelsur.com\/index.php?rest_route=\/wp\/v2\/types\/post"}],"author":[{"embeddable":true,"href":"https:\/\/ecosdelsur.com\/index.php?rest_route=\/wp\/v2\/users\/8"}],"replies":[{"embeddable":true,"href":"https:\/\/ecosdelsur.com\/index.php?rest_route=%2Fwp%2Fv2%2Fcomments&post=47615"}],"version-history":[{"count":1,"href":"https:\/\/ecosdelsur.com\/index.php?rest_route=\/wp\/v2\/posts\/47615\/revisions"}],"predecessor-version":[{"id":47617,"href":"https:\/\/ecosdelsur.com\/index.php?rest_route=\/wp\/v2\/posts\/47615\/revisions\/47617"}],"wp:featuredmedia":[{"embeddable":true,"href":"https:\/\/ecosdelsur.com\/index.php?rest_route=\/wp\/v2\/media\/47616"}],"wp:attachment":[{"href":"https:\/\/ecosdelsur.com\/index.php?rest_route=%2Fwp%2Fv2%2Fmedia&parent=47615"}],"wp:term":[{"taxonomy":"category","embeddable":true,"href":"https:\/\/ecosdelsur.com\/index.php?rest_route=%2Fwp%2Fv2%2Fcategories&post=47615"},{"taxonomy":"post_tag","embeddable":true,"href":"https:\/\/ecosdelsur.com\/index.php?rest_route=%2Fwp%2Fv2%2Ftags&post=47615"}],"curies":[{"name":"wp","href":"https:\/\/api.w.org\/{rel}","templated":true}]}}