{"id":47607,"date":"2026-08-31T17:26:57","date_gmt":"2026-08-31T20:26:57","guid":{"rendered":"https:\/\/ecosdelsur.com\/?p=47607"},"modified":"2026-08-31T17:28:01","modified_gmt":"2026-08-31T20:28:01","slug":"gracias-totales-messi-anuncio-que-se-retira-de-la-seleccion","status":"publish","type":"post","link":"https:\/\/ecosdelsur.com\/?p=47607","title":{"rendered":"\u00a1Gracias totales! Messi anunci\u00f3 que se retira de la Selecci\u00f3n"},"content":{"rendered":"<p><span style=\"color: #ff0000;\">31 de agosto de 2026 &#8211; <\/span>Lionel Messi anunci\u00f3, a trav\u00e9s de sus redes sociales, que dejar\u00e1 de jugar en la Selecci\u00f3n argentina. &#8220;Me vaci\u00e9, ya no tengo m\u00e1s para dar&#8221;, revel\u00f3 el capit\u00e1n.<img decoding=\"async\" class=\"alignnone size-full wp-image-47608 lazyload\" data-src=\"https:\/\/ecosdelsur.com\/wp-content\/uploads\/2026\/08\/messi12.jpg\" alt=\"\" width=\"1024\" height=\"911\" data-srcset=\"https:\/\/ecosdelsur.com\/wp-content\/uploads\/2026\/08\/messi12.jpg 1024w, https:\/\/ecosdelsur.com\/wp-content\/uploads\/2026\/08\/messi12-300x267.jpg 300w, https:\/\/ecosdelsur.com\/wp-content\/uploads\/2026\/08\/messi12-768x683.jpg 768w\" data-sizes=\"(max-width: 1024px) 100vw, 1024px\" src=\"data:image\/svg+xml;base64,PHN2ZyB3aWR0aD0iMSIgaGVpZ2h0PSIxIiB4bWxucz0iaHR0cDovL3d3dy53My5vcmcvMjAwMC9zdmciPjwvc3ZnPg==\" style=\"--smush-placeholder-width: 1024px; --smush-placeholder-aspect-ratio: 1024\/911;\" \/><\/p>\n<p>\u00bf!Lionel Messi le puso punto final a su ciclo con la camiseta de la Selecci\u00f3n argentina. El astro mundial revel\u00f3, a trav\u00e9s de sus redes sociales, que dejar\u00e1 de vestir la Albiceleste luego de m\u00e1s de 20 a\u00f1os. \u201cMe vaci\u00e9, ya no tengo m\u00e1s para dar\u201d, escribi\u00f3 el capit\u00e1n.<img decoding=\"async\" class=\"alignnone size-full wp-image-47609 lazyload\" data-src=\"https:\/\/ecosdelsur.com\/wp-content\/uploads\/2026\/08\/mnessi2.jpg\" alt=\"\" width=\"1024\" height=\"800\" data-srcset=\"https:\/\/ecosdelsur.com\/wp-content\/uploads\/2026\/08\/mnessi2.jpg 1024w, https:\/\/ecosdelsur.com\/wp-content\/uploads\/2026\/08\/mnessi2-300x234.jpg 300w, https:\/\/ecosdelsur.com\/wp-content\/uploads\/2026\/08\/mnessi2-768x600.jpg 768w\" data-sizes=\"(max-width: 1024px) 100vw, 1024px\" src=\"data:image\/svg+xml;base64,PHN2ZyB3aWR0aD0iMSIgaGVpZ2h0PSIxIiB4bWxucz0iaHR0cDovL3d3dy53My5vcmcvMjAwMC9zdmciPjwvc3ZnPg==\" style=\"--smush-placeholder-width: 1024px; --smush-placeholder-aspect-ratio: 1024\/800;\" \/><\/p>\n<p>Messi tambi\u00e9n aclar\u00f3 que la carta de despedida la hizo dos d\u00edas despu\u00e9s de la final de la Copa del Mundo 2026 y que la decisi\u00f3n la ratific\u00f3 tras la p\u00e9rdida de su padre.<img decoding=\"async\" class=\"alignnone size-full wp-image-47611 lazyload\" data-src=\"https:\/\/ecosdelsur.com\/wp-content\/uploads\/2026\/08\/messi4.jpg\" alt=\"\" width=\"1024\" height=\"782\" data-srcset=\"https:\/\/ecosdelsur.com\/wp-content\/uploads\/2026\/08\/messi4.jpg 1024w, https:\/\/ecosdelsur.com\/wp-content\/uploads\/2026\/08\/messi4-300x229.jpg 300w, https:\/\/ecosdelsur.com\/wp-content\/uploads\/2026\/08\/messi4-768x587.jpg 768w\" data-sizes=\"(max-width: 1024px) 100vw, 1024px\" src=\"data:image\/svg+xml;base64,PHN2ZyB3aWR0aD0iMSIgaGVpZ2h0PSIxIiB4bWxucz0iaHR0cDovL3d3dy53My5vcmcvMjAwMC9zdmciPjwvc3ZnPg==\" style=\"--smush-placeholder-width: 1024px; --smush-placeholder-aspect-ratio: 1024\/782;\" \/><\/p>\n<h2><strong>La carta de despedida de Messi:<\/strong><\/h2>\n<p>&#8220;Despu\u00e9s de este tiempo que pas\u00f3 desde la final, pens\u00e1ndolo mucho, quiero comunicarles a todos que me retiro de la Selecci\u00f3n.<\/p>\n<p>Fue una decisi\u00f3n que doli\u00f3 y duele en el alma pero entiendo que es el momento. Les juro que siempre dej\u00e9 todo, no solo los \u00faltimos a\u00f1os que se gan\u00f3 todo antes tambi\u00e9n y siempre pele\u00e9 y me dej\u00e9 todo por esta camiseta, por darles alegr\u00edas y hacer que se sientan orgullosos de ser argentinos a trav\u00e9s del f\u00fatbol. Queda poco y se van cerrando etapas y esta es una que me duele mucho. Amo, am\u00e9 y amar\u00e9 siempre estar en la Selecci\u00f3n. Me vaci\u00e9, ya no tengo m\u00e1s para dar y aparte vienen chicos muy grandes atr\u00e1s que merecen estar. Gracias por todo el cari\u00f1o de estos 20 a\u00f1os. Voy a extra\u00f1ar mucho escucharlos desde adentro. Ahora voy a ser uno m\u00e1s de ustedes, alentando y bancando siempre desde afuera (en las buenas y en las malas, mucho m\u00e1s). Gracias a mi familia por estar siempre, por acompa\u00f1arme en este viaje tan hermoso pero dif\u00edcil. Gracias a cada uno de entrenadores, compa\u00f1eros y dirigentes que me toc\u00f3 compartir. Me llevo recuerdos y momentos inolvidables vividos. Me voy con la tranquilidad y el orgullo de haberles regalado, juntos con mis compa\u00f1eros, momentos so\u00f1ados. Fue una locura haberlo vivido con ustedes. \u00a1Los quiero! Gracias Dios por hacerme argentino. \u00a1Vamos Argentina!&#8221; *Estas palabras las escrib\u00ed el 21 de julio, dos d\u00edas despu\u00e9s de la final. Hoy despu\u00e9s de lo de mi pap\u00e1, estoy m\u00e1s convencido que antes.<\/p>\n","protected":false},"excerpt":{"rendered":"<p>31 de agosto de 2026 &#8211; Lionel Messi anunci\u00f3, a trav\u00e9s de sus redes sociales, que dejar\u00e1 de jugar en<\/p>\n","protected":false},"author":8,"featured_media":47612,"comment_status":"open","ping_status":"closed","sticky":false,"template":"","format":"standard","meta":{"footnotes":""},"categories":[37],"tags":[],"class_list":["post-47607","post","type-post","status-publish","format-standard","has-post-thumbnail","hentry","category-deportes"],"_links":{"self":[{"href":"https:\/\/ecosdelsur.com\/index.php?rest_route=\/wp\/v2\/posts\/47607","targetHints":{"allow":["GET"]}}],"collection":[{"href":"https:\/\/ecosdelsur.com\/index.php?rest_route=\/wp\/v2\/posts"}],"about":[{"href":"https:\/\/ecosdelsur.com\/index.php?rest_route=\/wp\/v2\/types\/post"}],"author":[{"embeddable":true,"href":"https:\/\/ecosdelsur.com\/index.php?rest_route=\/wp\/v2\/users\/8"}],"replies":[{"embeddable":true,"href":"https:\/\/ecosdelsur.com\/index.php?rest_route=%2Fwp%2Fv2%2Fcomments&post=47607"}],"version-history":[{"count":1,"href":"https:\/\/ecosdelsur.com\/index.php?rest_route=\/wp\/v2\/posts\/47607\/revisions"}],"predecessor-version":[{"id":47614,"href":"https:\/\/ecosdelsur.com\/index.php?rest_route=\/wp\/v2\/posts\/47607\/revisions\/47614"}],"wp:featuredmedia":[{"embeddable":true,"href":"https:\/\/ecosdelsur.com\/index.php?rest_route=\/wp\/v2\/media\/47612"}],"wp:attachment":[{"href":"https:\/\/ecosdelsur.com\/index.php?rest_route=%2Fwp%2Fv2%2Fmedia&parent=47607"}],"wp:term":[{"taxonomy":"category","embeddable":true,"href":"https:\/\/ecosdelsur.com\/index.php?rest_route=%2Fwp%2Fv2%2Fcategories&post=47607"},{"taxonomy":"post_tag","embeddable":true,"href":"https:\/\/ecosdelsur.com\/index.php?rest_route=%2Fwp%2Fv2%2Ftags&post=47607"}],"curies":[{"name":"wp","href":"https:\/\/api.w.org\/{rel}","templated":true}]}}