{"id":47595,"date":"2026-08-31T14:01:56","date_gmt":"2026-08-31T17:01:56","guid":{"rendered":"https:\/\/ecosdelsur.com\/?p=47595"},"modified":"2026-08-31T14:06:37","modified_gmt":"2026-08-31T17:06:37","slug":"comision-de-fomento-formaliza-convenio-para-construir-10-viviendas","status":"publish","type":"post","link":"https:\/\/ecosdelsur.com\/?p=47595","title":{"rendered":"Comisi\u00f3n de fomento formaliza convenio para construir 10 viviendas"},"content":{"rendered":"<header>\n<div class=\"row\">\n<div class=\"col-xs-12\"><span style=\"font-size: 16px;\"><span style=\"color: #ff0000;\">31 agosto 2026\u00a0 <\/span>El Gobierno de Santa Cruz, a trav\u00e9s del Instituto de Desarrollo Urbano y Vivienda (IDUV), firm\u00f3 el convenio que permitir\u00e1 avanzar con la construcci\u00f3n de 10 viviendas en Ca\u00f1ad\u00f3n Seco.<img decoding=\"async\" class=\"alignnone size-full wp-image-47596 lazyload\" data-src=\"https:\/\/ecosdelsur.com\/wp-content\/uploads\/2026\/08\/cs.jpg\" alt=\"\" width=\"759\" height=\"490\" data-srcset=\"https:\/\/ecosdelsur.com\/wp-content\/uploads\/2026\/08\/cs.jpg 759w, https:\/\/ecosdelsur.com\/wp-content\/uploads\/2026\/08\/cs-300x194.jpg 300w\" data-sizes=\"(max-width: 759px) 100vw, 759px\" src=\"data:image\/svg+xml;base64,PHN2ZyB3aWR0aD0iMSIgaGVpZ2h0PSIxIiB4bWxucz0iaHR0cDovL3d3dy53My5vcmcvMjAwMC9zdmciPjwvc3ZnPg==\" style=\"--smush-placeholder-width: 759px; --smush-placeholder-aspect-ratio: 759\/490;\" \/><\/span><\/div>\n<\/div>\n<\/header>\n<div class=\"cuerpo clearfix\">\n<p id=\"p-1788178657198-40734\">Para tal fin, el viernes arrib\u00f3 a esa localidad Marcelo de la Torre, quien cumpli\u00f3 una de sus \u00faltimas gestiones como presidente del IVUD, acompa\u00f1ado por quien lo reemplazar\u00e1 a la brevedad, Federico Addy.<\/p>\n<p id=\"p-1788178657198-33023\">Ambos se reunieron con el presidente de la comisi\u00f3n de fomento, Gabriel Galarza y la directora de Obras, B\u00e1rbara Romero, formaliz\u00e1ndose el anuncio que el pasado 9 de agosto realizara el gobernador Claudio Vidal<\/p>\n<p id=\"p-1788178657198-92067\">La nueva instancia permite a la comuna formulara una Resoluci\u00f3n por la cual se har\u00e1 el llamado a licitaci\u00f3n de obras que tendr\u00e1n un plazo de ejecuci\u00f3n de 12 meses.<\/p>\n<p id=\"p-1788178657198-93206\">Las unidades habitacionales a ejecutarse ser\u00e1n de 50 metros cuadrados, demandar\u00e1n una inversi\u00f3n de 996 millones de pesos y se financiaran con fondos del programa UNIRSE.,<\/p>\n<p id=\"p-1788178657198-4278\">El acuerdo previo hab\u00eda sido destacado por ambas partes como un ejemplo de trabajo conjunto por sobre las diferencias, priorizando las necesidades de los vecinos.<\/p>\n<p id=\"p-1788178657198-13594\">En aquella oportunidad, Vidal hab\u00eda se\u00f1alado que \u201ccuando trabajamos juntos, sin ego\u00edsmos y pensando en el bienestar de nuestra gente, podemos concretar las obras que cada comunidad necesita&#8221;.<\/p>\n<p id=\"p-1788178657198-19288\">En tanto, Galarza hab\u00eda valorado que &#8220;estas 10 viviendas fueron un compromiso del gobernador con nuestra comunidad y hoy estamos dando un paso fundamental&#8221;.<\/p>\n<\/div>\n","protected":false},"excerpt":{"rendered":"<p>31 agosto 2026\u00a0 El Gobierno de Santa Cruz, a trav\u00e9s del Instituto de Desarrollo Urbano y Vivienda (IDUV), firm\u00f3 el<\/p>\n","protected":false},"author":8,"featured_media":47596,"comment_status":"open","ping_status":"closed","sticky":false,"template":"","format":"standard","meta":{"footnotes":""},"categories":[1],"tags":[],"class_list":["post-47595","post","type-post","status-publish","format-standard","has-post-thumbnail","hentry","category-uncategorized"],"_links":{"self":[{"href":"https:\/\/ecosdelsur.com\/index.php?rest_route=\/wp\/v2\/posts\/47595","targetHints":{"allow":["GET"]}}],"collection":[{"href":"https:\/\/ecosdelsur.com\/index.php?rest_route=\/wp\/v2\/posts"}],"about":[{"href":"https:\/\/ecosdelsur.com\/index.php?rest_route=\/wp\/v2\/types\/post"}],"author":[{"embeddable":true,"href":"https:\/\/ecosdelsur.com\/index.php?rest_route=\/wp\/v2\/users\/8"}],"replies":[{"embeddable":true,"href":"https:\/\/ecosdelsur.com\/index.php?rest_route=%2Fwp%2Fv2%2Fcomments&post=47595"}],"version-history":[{"count":1,"href":"https:\/\/ecosdelsur.com\/index.php?rest_route=\/wp\/v2\/posts\/47595\/revisions"}],"predecessor-version":[{"id":47597,"href":"https:\/\/ecosdelsur.com\/index.php?rest_route=\/wp\/v2\/posts\/47595\/revisions\/47597"}],"wp:featuredmedia":[{"embeddable":true,"href":"https:\/\/ecosdelsur.com\/index.php?rest_route=\/wp\/v2\/media\/47596"}],"wp:attachment":[{"href":"https:\/\/ecosdelsur.com\/index.php?rest_route=%2Fwp%2Fv2%2Fmedia&parent=47595"}],"wp:term":[{"taxonomy":"category","embeddable":true,"href":"https:\/\/ecosdelsur.com\/index.php?rest_route=%2Fwp%2Fv2%2Fcategories&post=47595"},{"taxonomy":"post_tag","embeddable":true,"href":"https:\/\/ecosdelsur.com\/index.php?rest_route=%2Fwp%2Fv2%2Ftags&post=47595"}],"curies":[{"name":"wp","href":"https:\/\/api.w.org\/{rel}","templated":true}]}}