{"id":47585,"date":"2026-08-31T13:39:00","date_gmt":"2026-08-31T16:39:00","guid":{"rendered":"https:\/\/ecosdelsur.com\/?p=47585"},"modified":"2026-08-31T13:39:00","modified_gmt":"2026-08-31T16:39:00","slug":"de-las-canchas-del-mosconi-al-podio-la-historia-de-los-gorositos-subcampeones-de-tejo-en-santa-cruz","status":"publish","type":"post","link":"https:\/\/ecosdelsur.com\/?p=47585","title":{"rendered":"De las canchas del Mosconi al podio: la historia de Los Gorositos, subcampeones de tejo en Santa Cruz"},"content":{"rendered":"<p>Representantes del equipo &#8220;Los Gorositos&#8221; pasaron por los micr\u00f3fonos de Ecos de la Ma\u00f1ana para repasar su destacada actuaci\u00f3n en Puerto Santa Cruz, reflexionar sobre el impacto del tejo en la salud y compartir sus proyectos para la comunidad.<\/p>\n<p>El tejo adaptado contin\u00faa ganando terreno como una herramienta clave de integraci\u00f3n, actividad f\u00edsica y contenci\u00f3n social para los adultos mayores en la zona norte santacruce\u00f1a. Durante la emisi\u00f3n del programa radial Ecos de la Ma\u00f1ana, conducido por el periodista Sandro Gonz\u00e1lez, integrantes del equipo local &#8220;Los Gorositos&#8221; repasaron los detalles de su reciente participaci\u00f3n en las finales provinciales de los Juegos Evita, desarrolladas en la localidad de Puerto Santa Cruz.<\/p>\n<p>Las jugadoras locales alcanzaron el segundo puesto provincial tras disputar una ajustada final frente al conjunto anfitri\u00f3n, defini\u00e9ndose la serie por apenas cuatro puntos de diferencia. Tras completar un exigente fixture de seis partidos en jornadas continuadas, las representantes caletenses destacaron la paridad del torneo y el alt\u00edsimo nivel t\u00e9cnico demostrado por los once planteles que animaron la competencia.<\/p>\n<p><a href=\"https:\/\/www.facebook.com\/share\/v\/1HiajsETMk\/\">https:\/\/www.facebook.com\/share\/v\/1HiajsETMk\/<\/a><\/p>\n<p>&#8220;Encontr\u00e9 una alegr\u00eda enorme para no estar encerrada en mi casa pensando cosas; es un apoyo constante estar con todos mis compa\u00f1eros&#8221;, expres\u00f3 una de las referentes durante la entrevista radial, al remarcar el impacto transformador del deporte en la rutina diaria tras la jubilaci\u00f3n. Desde el grupo se\u00f1alaron que el club cuenta actualmente con 21 integrantes en su n\u00f3mina activa, entrenando dos veces por semana en las instalaciones del Gimnasio Municipal General Mosconi.<\/p>\n<p>M\u00e1s all\u00e1 del rendimiento deportivo en el terreno de juego, las integrantes explicaron los tecnicismos de la disciplina, el riguroso reglamento de precisi\u00f3n que exige el arbitraje regional y la estricta concentraci\u00f3n que requieren los momentos definitorios de cada partido. Asimismo, valoraron la contenci\u00f3n emocional que brinda el grupo ante la soledad que suele afectar tanto a j\u00f3venes como a adultos mayores en la ciudad.<\/p>\n<p>De cara al futuro, la agrupaci\u00f3n conform\u00f3 recientemente su comisi\u00f3n directiva con el objetivo de organizar torneos abiertos, sumar equipamiento y reunir fondos para afrontar los viajes competitivos. Entre sus metas principales proyectan la organizaci\u00f3n de un certamen interprovincial para el mes de marzo en Caleta Olivia, con vistas a recibir delegaciones de diversos puntos de la Patagonia y consolidar la infraestructura de las canchas locales.<\/p>\n","protected":false},"excerpt":{"rendered":"<p>Representantes del equipo &#8220;Los Gorositos&#8221; pasaron por los micr\u00f3fonos de Ecos de la Ma\u00f1ana para repasar su destacada actuaci\u00f3n en<\/p>\n","protected":false},"author":8,"featured_media":47586,"comment_status":"open","ping_status":"closed","sticky":false,"template":"","format":"standard","meta":{"footnotes":""},"categories":[37],"tags":[1907,1908,1906],"class_list":["post-47585","post","type-post","status-publish","format-standard","has-post-thumbnail","hentry","category-deportes","tag-juegos-evita-santa-cruz","tag-los-gorositos-tejo","tag-tejo-caleta-olivia"],"_links":{"self":[{"href":"https:\/\/ecosdelsur.com\/index.php?rest_route=\/wp\/v2\/posts\/47585","targetHints":{"allow":["GET"]}}],"collection":[{"href":"https:\/\/ecosdelsur.com\/index.php?rest_route=\/wp\/v2\/posts"}],"about":[{"href":"https:\/\/ecosdelsur.com\/index.php?rest_route=\/wp\/v2\/types\/post"}],"author":[{"embeddable":true,"href":"https:\/\/ecosdelsur.com\/index.php?rest_route=\/wp\/v2\/users\/8"}],"replies":[{"embeddable":true,"href":"https:\/\/ecosdelsur.com\/index.php?rest_route=%2Fwp%2Fv2%2Fcomments&post=47585"}],"version-history":[{"count":1,"href":"https:\/\/ecosdelsur.com\/index.php?rest_route=\/wp\/v2\/posts\/47585\/revisions"}],"predecessor-version":[{"id":47587,"href":"https:\/\/ecosdelsur.com\/index.php?rest_route=\/wp\/v2\/posts\/47585\/revisions\/47587"}],"wp:featuredmedia":[{"embeddable":true,"href":"https:\/\/ecosdelsur.com\/index.php?rest_route=\/wp\/v2\/media\/47586"}],"wp:attachment":[{"href":"https:\/\/ecosdelsur.com\/index.php?rest_route=%2Fwp%2Fv2%2Fmedia&parent=47585"}],"wp:term":[{"taxonomy":"category","embeddable":true,"href":"https:\/\/ecosdelsur.com\/index.php?rest_route=%2Fwp%2Fv2%2Fcategories&post=47585"},{"taxonomy":"post_tag","embeddable":true,"href":"https:\/\/ecosdelsur.com\/index.php?rest_route=%2Fwp%2Fv2%2Ftags&post=47585"}],"curies":[{"name":"wp","href":"https:\/\/api.w.org\/{rel}","templated":true}]}}