{"id":47577,"date":"2026-08-31T12:17:16","date_gmt":"2026-08-31T15:17:16","guid":{"rendered":"https:\/\/ecosdelsur.com\/?p=47577"},"modified":"2026-08-31T12:17:16","modified_gmt":"2026-08-31T15:17:16","slug":"soledad-boggio-y-el-trabajo-en-aeroevacuacion-ellos-son-los-pilotos-que-acortan-distancias-cuando-cada-minuto-cuenta","status":"publish","type":"post","link":"https:\/\/ecosdelsur.com\/?p=47577","title":{"rendered":"Soledad Boggio y el trabajo en aeroevacuaci\u00f3n: \u201cEllos son los pilotos que acortan distancias cuando cada minuto cuenta&#8221;"},"content":{"rendered":"<p><span style=\"color: #ff0000;\">31 de Agosto 2026. <\/span>18 profesionales. Operaciones las 24 horas. 816 horas de vuelo en 2025. Una aeron\u00e1utica provincial al servicio de la salud y las emergencias.<\/p>\n<div class=\"redes mb-3\">\n<div class=\"d-flex flex-wrap justify-content-between align-items-center gap-3 my-2 mx-1\">\n<p>En una provincia donde las distancias pueden significar cientos o miles de kil\u00f3metros, contar con una estructura propia de aeron\u00e1utica constituye una herramienta estrat\u00e9gica para garantizar respuestas r\u00e1pidas ante emergencias sanitarias y situaciones que requieren asistencia inmediata.<\/p>\n<p>El Gobierno de Santa Cruz, a trav\u00e9s de la\u00a0<strong>Direcci\u00f3n Provincial de Aeron\u00e1utica (DPA)<\/strong>, sostiene una operaci\u00f3n permanente con aeronaves y personal especializado para realizar vuelos sanitarios, aeroevacuaciones, misiones humanitarias y traslados de pacientes e insumos.<\/p>\n<p>Detr\u00e1s de cada vuelo hay un equipo de\u00a0<strong>18 integrantes<\/strong>, entre pilotos, mec\u00e1nicos, tripulaci\u00f3n de cabina y personal administrativo, que permanece preparado para intervenir cuando una emergencia lo requiere.<\/p>\n<p>La ministra\u00a0<strong>Soledad Boggio<\/strong>\u00a0destac\u00f3 el papel de los pilotos y sintetiz\u00f3 la importancia de su tarea:\u00a0<strong>\u201cEllos son los pilotos que acortan distancias cuando cada minuto cuenta\u201d<\/strong>.<\/p>\n<h2>Una tarea que comienza antes del despegue<\/h2>\n<p>El trabajo de los pilotos sanitarios excede la conducci\u00f3n de una aeronave. Cada misi\u00f3n requiere evaluar las condiciones meteorol\u00f3gicas, combustible, plan de vuelo, destino y caracter\u00edsticas particulares de la operaci\u00f3n.<\/p>\n<p>\u201cNosotros, de nuestra parte, vemos los requerimientos que puede tener el avi\u00f3n, en cuanto a combustible, plan de vuelo, la meteorolog\u00eda, en fin, todas las cuestiones que el piloto tiene que prever\u201d, explic\u00f3 el director Provincial de Aeron\u00e1utica,\u00a0<strong>Germ\u00e1n Calliero<\/strong>.<\/p>\n<p>En una aeroevacuaci\u00f3n, adem\u00e1s, la coordinaci\u00f3n con los equipos m\u00e9dicos resulta fundamental. M\u00e9dicos, pilotos, tripulaci\u00f3n, ambulancias, aeropuertos, control a\u00e9reo y hospitales deben trabajar de manera sincronizada para que el traslado se concrete con seguridad.<\/p>\n<blockquote class=\"ssi-editorial-block ssi-quote ssi-quote-featured\"><p>\u201cSiempre estamos proactivos para poder generar procedimientos seguros\u201d, se\u00f1al\u00f3 Calliero.<\/p><\/blockquote>\n<h2>Capacitaci\u00f3n permanente para responder ante emergencias<\/h2>\n<p>La preparaci\u00f3n de las tripulaciones es otro de los pilares del sistema. Los pilotos deben realizar entrenamientos peri\u00f3dicos y renovar anualmente sus habilitaciones.<\/p>\n<p>\u201cRequiere de un simulador peri\u00f3dico en el exterior, que se hace una vez por a\u00f1o\u201d, explic\u00f3 Calliero.<\/p>\n<p>A esta formaci\u00f3n se suman capacitaciones en mercanc\u00edas peligrosas, prevenci\u00f3n de accidentes, seguridad y trabajo en equipo. Tambi\u00e9n existen entrenamientos espec\u00edficos para transportar medicaci\u00f3n especial y elementos vinculados al\u00a0<strong>INCUCAI<\/strong>.<\/p>\n<h2>816 horas de vuelo que reflejan la intensidad del trabajo<\/h2>\n<p>La intensidad de las operaciones qued\u00f3 reflejada en dos reconocimientos obtenidos por el\u00a0<strong>Pilatus PC-24<\/strong>, una de las aeronaves utilizadas por la Provincia.<\/p>\n<p>Durante 2025, la aeronave matr\u00edcula\u00a0<strong>LV-KJY acumul\u00f3 816 horas de vuelo<\/strong>, convirti\u00e9ndose en el PC-24 m\u00e1s volado de Latinoam\u00e9rica durante ese a\u00f1o.<\/p>\n<p>Adem\u00e1s, en febrero de 2026, la Direcci\u00f3n Provincial de Aeron\u00e1utica recibi\u00f3 un segundo reconocimiento al alcanzar las\u00a0<strong>1.500 horas de vuelo<\/strong>\u00a0con el Pilatus PC-24 al servicio de la poblaci\u00f3n santacruce\u00f1a.<\/p>\n<p>Los reconocimientos fueron vinculados por la propia f\u00e1brica con la intensidad de las operaciones desarrolladas por la aeronave, incluyendo vuelos sanitarios, misiones humanitarias y acciones de inter\u00e9s p\u00fablico.<\/p>\n<h2>Una herramienta clave para una provincia extensa<\/h2>\n<p>La geograf\u00eda de Santa Cruz convierte a la aviaci\u00f3n sanitaria en un componente fundamental para garantizar el acceso de pacientes a centros de mayor complejidad.<\/p>\n<blockquote class=\"ssi-editorial-block ssi-quote ssi-quote-featured\"><p>\u201cEs un servicio muy importante poder brindarle a los santacruce\u00f1os esa posibilidad de tener un avi\u00f3n el cual permite poder llegar a los centros complejos, en caso de la medicina, en muy poco tiempo\u201d, sostuvo Calliero.<\/p><\/blockquote>\n<p>El sistema tambi\u00e9n permite realizar operaciones humanitarias, transportar medicamentos e insumos y asistir a localidades cuando otras v\u00edas de conectividad presentan dificultades.<\/p>\n<p>Durante per\u00edodos en que la conectividad terrestre hacia\u00a0<strong>Perito Moreno<\/strong>\u00a0se vio afectada, por ejemplo, la aeron\u00e1utica provincial utiliz\u00f3 el Beechcraft King Air 350 para transportar insumos y abastecer a la zona. Tambi\u00e9n se realizaron operaciones hacia Las Heras, Puerto Deseado, San Juli\u00e1n y 28 de Noviembre.<\/p>\n<h2>Pilotos santacruce\u00f1os al servicio de la comunidad<\/h2>\n<p>Calliero puso especialmente en valor el componente humano detr\u00e1s de cada operativo.<\/p>\n<blockquote class=\"ssi-editorial-block ssi-quote ssi-quote-featured\"><p>\u201cEstas personas, estos pilotos, estos m\u00e9dicos, son de ac\u00e1, son personas que est\u00e1n capacitadas ac\u00e1 y que brindan todo su profesionalismo, su responsabilidad y mucho m\u00e1s en esto\u201d, afirm\u00f3.<\/p><\/blockquote>\n<p>Los n\u00fameros permiten dimensionar parte del trabajo:\u00a0<strong>816 horas de vuelo durante 2025 y 1.500 horas acumuladas con el Pilatus PC-24<\/strong>, en operaciones sanitarias, humanitarias y de inter\u00e9s p\u00fablico.<\/p>\n<p>Pero detr\u00e1s de cada cifra hay una decisi\u00f3n, una preparaci\u00f3n y un equipo listo para despegar.<\/p>\n<p>Porque en Santa Cruz, donde las distancias son parte de la vida cotidiana,\u00a0<strong>acortar el tiempo tambi\u00e9n significa acercar salud, asistencia y oportunidades de respuesta a cada localidad de la provincia<\/strong>.<\/p>\n<\/div>\n<\/div>\n","protected":false},"excerpt":{"rendered":"<p>31 de Agosto 2026. 18 profesionales. Operaciones las 24 horas. 816 horas de vuelo en 2025. Una aeron\u00e1utica provincial al<\/p>\n","protected":false},"author":8,"featured_media":47578,"comment_status":"open","ping_status":"closed","sticky":false,"template":"","format":"standard","meta":{"footnotes":""},"categories":[1094],"tags":[],"class_list":["post-47577","post","type-post","status-publish","format-standard","has-post-thumbnail","hentry","category-gobierno"],"_links":{"self":[{"href":"https:\/\/ecosdelsur.com\/index.php?rest_route=\/wp\/v2\/posts\/47577","targetHints":{"allow":["GET"]}}],"collection":[{"href":"https:\/\/ecosdelsur.com\/index.php?rest_route=\/wp\/v2\/posts"}],"about":[{"href":"https:\/\/ecosdelsur.com\/index.php?rest_route=\/wp\/v2\/types\/post"}],"author":[{"embeddable":true,"href":"https:\/\/ecosdelsur.com\/index.php?rest_route=\/wp\/v2\/users\/8"}],"replies":[{"embeddable":true,"href":"https:\/\/ecosdelsur.com\/index.php?rest_route=%2Fwp%2Fv2%2Fcomments&post=47577"}],"version-history":[{"count":1,"href":"https:\/\/ecosdelsur.com\/index.php?rest_route=\/wp\/v2\/posts\/47577\/revisions"}],"predecessor-version":[{"id":47579,"href":"https:\/\/ecosdelsur.com\/index.php?rest_route=\/wp\/v2\/posts\/47577\/revisions\/47579"}],"wp:featuredmedia":[{"embeddable":true,"href":"https:\/\/ecosdelsur.com\/index.php?rest_route=\/wp\/v2\/media\/47578"}],"wp:attachment":[{"href":"https:\/\/ecosdelsur.com\/index.php?rest_route=%2Fwp%2Fv2%2Fmedia&parent=47577"}],"wp:term":[{"taxonomy":"category","embeddable":true,"href":"https:\/\/ecosdelsur.com\/index.php?rest_route=%2Fwp%2Fv2%2Fcategories&post=47577"},{"taxonomy":"post_tag","embeddable":true,"href":"https:\/\/ecosdelsur.com\/index.php?rest_route=%2Fwp%2Fv2%2Ftags&post=47577"}],"curies":[{"name":"wp","href":"https:\/\/api.w.org\/{rel}","templated":true}]}}