{"id":47574,"date":"2026-08-31T12:15:50","date_gmt":"2026-08-31T15:15:50","guid":{"rendered":"https:\/\/ecosdelsur.com\/?p=47574"},"modified":"2026-08-31T12:15:50","modified_gmt":"2026-08-31T15:15:50","slug":"ross-achicamos-distancias-y-podemos-acercar-la-salud-y-las-especialidades-a-todas-las-localidades","status":"publish","type":"post","link":"https:\/\/ecosdelsur.com\/?p=47574","title":{"rendered":"Ross: \u201cAchicamos distancias y podemos acercar la salud y las especialidades a todas las localidades\u201d"},"content":{"rendered":"<p><span style=\"color: #ff0000;\">31 de Agosto 2026. <\/span>El Gobierno provincial puso en marcha la telemedicina en la red de salud p\u00fablica mediante una presentaci\u00f3n realizada en simult\u00e1neo en todos los hospitales y puestos sanitarios de la provincia. La herramienta digital busca garantizar atenci\u00f3n m\u00e9dica especializada y evitar traslados innecesarios en el territorio santacruce\u00f1o.<\/p>\n<div class=\"redes mb-3\">\n<div class=\"d-flex flex-wrap justify-content-between align-items-center gap-3 my-2 mx-1\">\n<p>La ministra de Salud y Ambiente, Lorena Ross, encabez\u00f3 la presentaci\u00f3n desde el Centro de Salud de Ca\u00f1ad\u00f3n Seco. El lanzamiento oficial se realiz\u00f3 en simult\u00e1neo con todos los hospitales y puestos sanitarios de la provincia. La iniciativa garantiza prestaciones de salud gratuitas para usuarios de la cobertura p\u00fablica exclusiva y afiliados a la Caja de Servicios Sociales.<\/p>\n<p>La puesta en marcha de esta plataforma representa una transformaci\u00f3n estrat\u00e9gica para el esquema sanitario santacruce\u00f1o. La integraci\u00f3n de herramientas digitales permite vincular puestos sanitarios, centros de salud de atenci\u00f3n primaria y hospitales de diversa complejidad.<\/p>\n<p>Esta red permanente fortalecer el trabajo colaborativo interprofesional, optimiza el seguimiento cl\u00ednico de los pacientes y evita los traslados derivados del aislamiento geogr\u00e1fico.<\/p>\n<h2>Integraci\u00f3n digital y soporte presencial en el territorio<\/h2>\n<p>El modelo operativo desplegado combina la autogesti\u00f3n remota con la asistencia f\u00edsica en cada una de las dependencias de salud provinciales. Durante la jornada de presentaci\u00f3n, la titular de la cartera sanitaria remarc\u00f3 el valor del trabajo t\u00e9cnico interdisciplinario que hizo posible la implementaci\u00f3n del equipamiento interactivo.\u00a0<strong>\u201cLa verdad cost\u00f3 mucho llegar hasta ac\u00e1; agradezco a todos los profesionales, m\u00e9dicos, t\u00e9cnicos y profesionales de salud que han acompa\u00f1ado en este proyecto y nos han ayudado a que podamos lograrlo\u201d<\/strong>, destac\u00f3 la Dra. Lorena Ross.<\/p>\n<h2>Modalidades de atenci\u00f3n y autogesti\u00f3n de turnos<\/h2>\n<p>Para garantizar el acceso universal, el dispositivo contempla alternativas adaptadas a las posibilidades tecnol\u00f3gicas de cada usuario o localidad.<\/p>\n<blockquote class=\"ssi-editorial-block ssi-quote ssi-quote-featured\"><p>\u201cNosotros lo que planteamos son dos modalidades, una es la de los t\u00f3tems en los centros y despu\u00e9s una plataforma, donde el acceso es mucho m\u00e1s sencillo y donde uno desde su celular va a poder contar con adquirir los turnos programados\u201d, detall\u00f3 la ministra Ross<\/p><\/blockquote>\n<p>Los t\u00f3tems f\u00edsicos responder\u00e1n tanto a la demanda espont\u00e1nea como a citas agendadas, contando siempre con el acompa\u00f1amiento de enfermeros y personal administrativo local.<\/p>\n<h2>Gratuidad, receta digital y seguimiento m\u00e9dico<\/h2>\n<p>La plataforma permite la carga instant\u00e1nea de estudios previos mediante im\u00e1genes de tel\u00e9fono, la gesti\u00f3n de cuestionarios de s\u00edntomas y la recepci\u00f3n de \u00f3rdenes, certificados o recetas en formato digital. Todos los documentos quedan disponibles para su descarga inmediata a trav\u00e9s de un c\u00f3digo QR o mediante env\u00edo autom\u00e1tico al correo electr\u00f3nico registrado.<\/p>\n<p>Respecto al alcance social de la medida, la funcionaria concluy\u00f3 que\u00a0<strong>\u201ces un gran avance lograr que cada paciente que tenga cobertura p\u00fablica exclusiva y los pacientes asociados de la Caja de Servicios Sociales puedan tener esta prestaci\u00f3n de telemedicina totalmente gratuita\u201d<\/strong>.<\/p>\n<\/div>\n<\/div>\n","protected":false},"excerpt":{"rendered":"<p>31 de Agosto 2026. El Gobierno provincial puso en marcha la telemedicina en la red de salud p\u00fablica mediante una<\/p>\n","protected":false},"author":8,"featured_media":47575,"comment_status":"open","ping_status":"closed","sticky":false,"template":"","format":"standard","meta":{"footnotes":""},"categories":[1094],"tags":[],"class_list":["post-47574","post","type-post","status-publish","format-standard","has-post-thumbnail","hentry","category-gobierno"],"_links":{"self":[{"href":"https:\/\/ecosdelsur.com\/index.php?rest_route=\/wp\/v2\/posts\/47574","targetHints":{"allow":["GET"]}}],"collection":[{"href":"https:\/\/ecosdelsur.com\/index.php?rest_route=\/wp\/v2\/posts"}],"about":[{"href":"https:\/\/ecosdelsur.com\/index.php?rest_route=\/wp\/v2\/types\/post"}],"author":[{"embeddable":true,"href":"https:\/\/ecosdelsur.com\/index.php?rest_route=\/wp\/v2\/users\/8"}],"replies":[{"embeddable":true,"href":"https:\/\/ecosdelsur.com\/index.php?rest_route=%2Fwp%2Fv2%2Fcomments&post=47574"}],"version-history":[{"count":1,"href":"https:\/\/ecosdelsur.com\/index.php?rest_route=\/wp\/v2\/posts\/47574\/revisions"}],"predecessor-version":[{"id":47576,"href":"https:\/\/ecosdelsur.com\/index.php?rest_route=\/wp\/v2\/posts\/47574\/revisions\/47576"}],"wp:featuredmedia":[{"embeddable":true,"href":"https:\/\/ecosdelsur.com\/index.php?rest_route=\/wp\/v2\/media\/47575"}],"wp:attachment":[{"href":"https:\/\/ecosdelsur.com\/index.php?rest_route=%2Fwp%2Fv2%2Fmedia&parent=47574"}],"wp:term":[{"taxonomy":"category","embeddable":true,"href":"https:\/\/ecosdelsur.com\/index.php?rest_route=%2Fwp%2Fv2%2Fcategories&post=47574"},{"taxonomy":"post_tag","embeddable":true,"href":"https:\/\/ecosdelsur.com\/index.php?rest_route=%2Fwp%2Fv2%2Ftags&post=47574"}],"curies":[{"name":"wp","href":"https:\/\/api.w.org\/{rel}","templated":true}]}}