{"id":47571,"date":"2026-08-31T12:14:26","date_gmt":"2026-08-31T15:14:26","guid":{"rendered":"https:\/\/ecosdelsur.com\/?p=47571"},"modified":"2026-08-31T12:14:26","modified_gmt":"2026-08-31T15:14:26","slug":"economia-y-educacion-coordinan-el-traspaso-de-liquidaciones-y-mantenimiento-escolar","status":"publish","type":"post","link":"https:\/\/ecosdelsur.com\/?p=47571","title":{"rendered":"Econom\u00eda y Educaci\u00f3n coordinan el traspaso de Liquidaciones y Mantenimiento Escolar"},"content":{"rendered":"<p><span style=\"color: #ff0000;\">31 de Agosto 2026. <\/span>Los equipos t\u00e9cnicos de ambas \u00e1reas comenzaron a definir c\u00f3mo se instrumentar\u00e1 la transferencia anunciada por el gobernador Claudio Vidal.<\/p>\n<div class=\"redes mb-3\">\n<div class=\"d-flex flex-wrap justify-content-between align-items-center gap-3 my-2 mx-1\">\n<p>Autoridades y equipos t\u00e9cnicos del Ministerio de Econom\u00eda, Finanzas e Infraestructura y del Consejo Provincial de Educaci\u00f3n (CPE) mantuvieron una reuni\u00f3n de trabajo para\u00a0<strong>coordinar la transferencia operativa de las \u00e1reas de Liquidaci\u00f3n de Haberes y Mantenimiento Escolar<\/strong>, en cumplimiento de lo anunciado por el gobernador Claudio Vidal.<\/p>\n<p>El encuentro fue encabezado por la presidenta del Consejo Provincial de Educaci\u00f3n,\u00a0<strong>Iris Rasgido<\/strong>, y el ministro de Econom\u00eda, Finanzas e Infraestructura,\u00a0<strong>Ezequiel Verbes<\/strong>, acompa\u00f1ados por los equipos responsables de las \u00e1reas involucradas.<\/p>\n<figure class=\"ssi-inline-image my-3\"><img decoding=\"async\" class=\"img-fluid lazyload\" data-src=\"https:\/\/noticias.santacruz.gob.ar\/media\/ssigallery\/articulos\/26286\/inline\/WhatsApp_Image_2026-08-31_at_10.28.26.jpeg\" alt=\"Econom\u00eda y Educaci\u00f3n coordinan el traspaso de Liquidaciones y Mantenimiento Escolar\" src=\"data:image\/svg+xml;base64,PHN2ZyB3aWR0aD0iMSIgaGVpZ2h0PSIxIiB4bWxucz0iaHR0cDovL3d3dy53My5vcmcvMjAwMC9zdmciPjwvc3ZnPg==\" \/><\/figure>\n<p>Las mesas conjuntas tienen como objetivo\u00a0<strong>definir los aspectos t\u00e9cnicos, administrativos y operativos necesarios para concretar una transici\u00f3n ordenada<\/strong>, garantizando la continuidad de los servicios esenciales y el normal funcionamiento de las tareas que actualmente se desarrollan.<\/p>\n<h2>Un esquema espec\u00edfico para Liquidaciones<\/h2>\n<p>Durante la reuni\u00f3n se analizaron las caracter\u00edsticas del \u00e1rea de\u00a0<strong>Liquidaci\u00f3n de Haberes<\/strong>, teniendo en cuenta su din\u00e1mica de funcionamiento y las tareas de procesamiento que se realizan de manera continua durante todo el mes.<\/p>\n<p>En ese sentido, los equipos comenzaron a trabajar sobre\u00a0<strong>un esquema diferenciado para organizar el traspaso<\/strong>, contemplando los procesos administrativos previos a la liquidaci\u00f3n y al pago de haberes de los sectores activo y pasivo.<\/p>\n<p>La planificaci\u00f3n apunta a compatibilizar progresivamente los procedimientos del \u00e1rea con el esquema utilizado por el resto de los organismos dependientes del Poder Ejecutivo Provincial.<\/p>\n<figure class=\"ssi-inline-image my-3\"><img decoding=\"async\" class=\"img-fluid lazyload\" data-src=\"https:\/\/noticias.santacruz.gob.ar\/media\/ssigallery\/articulos\/26286\/inline\/WhatsApp_Image_2026-08-31_at_10.28.27.jpeg\" alt=\"Econom\u00eda y Educaci\u00f3n coordinan el traspaso de Liquidaciones y Mantenimiento Escolar\" src=\"data:image\/svg+xml;base64,PHN2ZyB3aWR0aD0iMSIgaGVpZ2h0PSIxIiB4bWxucz0iaHR0cDovL3d3dy53My5vcmcvMjAwMC9zdmciPjwvc3ZnPg==\" \/><\/figure>\n<h2>Mantenimiento Escolar y presencia en toda la provincia<\/h2>\n<p>Otro de los puntos centrales estuvo relacionado con\u00a0<strong>Mantenimiento Escolar<\/strong>, un \u00e1rea que presenta una din\u00e1mica particular debido a la distribuci\u00f3n territorial de su personal y a las necesidades de los establecimientos educativos de las distintas localidades santacruce\u00f1as.<\/p>\n<p>Por este motivo, comenz\u00f3 a diagramarse\u00a0<strong>un plan espec\u00edfico que permita concretar la transferencia sin afectar la capacidad de respuesta<\/strong>, evitando la dispersi\u00f3n en la organizaci\u00f3n del personal y garantizando que las instituciones educativas contin\u00faen contando con atenci\u00f3n t\u00e9cnica permanente.<\/p>\n<figure class=\"ssi-inline-image my-3\"><img decoding=\"async\" class=\"img-fluid lazyload\" data-src=\"https:\/\/noticias.santacruz.gob.ar\/media\/ssigallery\/articulos\/26286\/inline\/WhatsApp_Image_2026-08-31_at_10.28.29.jpeg\" alt=\"Econom\u00eda y Educaci\u00f3n coordinan el traspaso de Liquidaciones y Mantenimiento Escolar\" src=\"data:image\/svg+xml;base64,PHN2ZyB3aWR0aD0iMSIgaGVpZ2h0PSIxIiB4bWxucz0iaHR0cDovL3d3dy53My5vcmcvMjAwMC9zdmciPjwvc3ZnPg==\" \/><\/figure>\n<h2>Continuidad de las mesas t\u00e9cnicas<\/h2>\n<p>Durante los pr\u00f3ximos d\u00edas,\u00a0<strong>los equipos t\u00e9cnicos de Econom\u00eda y Educaci\u00f3n continuar\u00e1n con las reuniones operativas y el trabajo conjunto<\/strong>\u00a0para definir los aspectos administrativos pendientes y concretar formalmente el traspaso.<\/p>\n<p>El proceso forma parte de la reorganizaci\u00f3n anunciada por el Ejecutivo Provincial y busca establecer mecanismos de gesti\u00f3n comunes para estas \u00e1reas, preservando la continuidad de las tareas y servicios que actualmente se prestan dentro del sistema educativo.<\/p>\n<\/div>\n<\/div>\n","protected":false},"excerpt":{"rendered":"<p>31 de Agosto 2026. Los equipos t\u00e9cnicos de ambas \u00e1reas comenzaron a definir c\u00f3mo se instrumentar\u00e1 la transferencia anunciada por<\/p>\n","protected":false},"author":8,"featured_media":47572,"comment_status":"open","ping_status":"closed","sticky":false,"template":"","format":"standard","meta":{"footnotes":""},"categories":[34],"tags":[],"class_list":["post-47571","post","type-post","status-publish","format-standard","has-post-thumbnail","hentry","category-economia"],"_links":{"self":[{"href":"https:\/\/ecosdelsur.com\/index.php?rest_route=\/wp\/v2\/posts\/47571","targetHints":{"allow":["GET"]}}],"collection":[{"href":"https:\/\/ecosdelsur.com\/index.php?rest_route=\/wp\/v2\/posts"}],"about":[{"href":"https:\/\/ecosdelsur.com\/index.php?rest_route=\/wp\/v2\/types\/post"}],"author":[{"embeddable":true,"href":"https:\/\/ecosdelsur.com\/index.php?rest_route=\/wp\/v2\/users\/8"}],"replies":[{"embeddable":true,"href":"https:\/\/ecosdelsur.com\/index.php?rest_route=%2Fwp%2Fv2%2Fcomments&post=47571"}],"version-history":[{"count":1,"href":"https:\/\/ecosdelsur.com\/index.php?rest_route=\/wp\/v2\/posts\/47571\/revisions"}],"predecessor-version":[{"id":47573,"href":"https:\/\/ecosdelsur.com\/index.php?rest_route=\/wp\/v2\/posts\/47571\/revisions\/47573"}],"wp:featuredmedia":[{"embeddable":true,"href":"https:\/\/ecosdelsur.com\/index.php?rest_route=\/wp\/v2\/media\/47572"}],"wp:attachment":[{"href":"https:\/\/ecosdelsur.com\/index.php?rest_route=%2Fwp%2Fv2%2Fmedia&parent=47571"}],"wp:term":[{"taxonomy":"category","embeddable":true,"href":"https:\/\/ecosdelsur.com\/index.php?rest_route=%2Fwp%2Fv2%2Fcategories&post=47571"},{"taxonomy":"post_tag","embeddable":true,"href":"https:\/\/ecosdelsur.com\/index.php?rest_route=%2Fwp%2Fv2%2Ftags&post=47571"}],"curies":[{"name":"wp","href":"https:\/\/api.w.org\/{rel}","templated":true}]}}