{"id":47562,"date":"2026-08-31T12:08:55","date_gmt":"2026-08-31T15:08:55","guid":{"rendered":"https:\/\/ecosdelsur.com\/?p=47562"},"modified":"2026-08-31T12:08:55","modified_gmt":"2026-08-31T15:08:55","slug":"el-iduv-participo-de-aike-jugar","status":"publish","type":"post","link":"https:\/\/ecosdelsur.com\/?p=47562","title":{"rendered":"El IDUV particip\u00f3 de Aike Jugar"},"content":{"rendered":"<p><span style=\"color: #ff0000;\">31 de Agosto 2026. <\/span>El Instituto de Desarrollo Urbano y Vivienda particip\u00f3 este domingo 30 de agosto de la Jornada Recreativa Aike Jugar, asesorando a los vecinos.<\/p>\n<div class=\"redes mb-3\">\n<div class=\"d-flex flex-wrap justify-content-between align-items-center gap-3 my-2 mx-1\">\n<section class=\"ssi-block-main mb-5\">\n<div class=\"mb-2\">\n<div class=\"article-full\">\n<p>En el marco de las actividades por el Mes de la Infancia, el Instituto de Desarrollo Urbano y Vivienda (IDUV), particip\u00f3 ante la propuesta impulsada por el Gobierno de Santa Cruz, convirtiendo al Boxing Club en un espacio de encuentro, diversi\u00f3n y propuestas para toda la familia, con una gran participaci\u00f3n de vecinos.<\/p>\n<p>Personal del\u00a0<strong>IDUV<\/strong>\u00a0estuvo presente con\u00a0<strong>un stand informativo del Programa Construir Santa Cruz<\/strong>, brindando asesoramiento personalizado y despejando todas las dudas sobre el proceso de inscripci\u00f3n.<\/p>\n<p>Durante la jornada se resolvieron diferentes consultas sobre qui\u00e9nes pueden inscribirse al programa, resaltando que es un tr\u00e1mite totalmente virtual. Otros vecinos se acercaron con dudas puntuales\u00a0<strong>sobre la carga del formulario, como la conformaci\u00f3n del grupo familiar, la situaci\u00f3n habitacional\u00a0<\/strong>y consultas de quienes ya contaban con legajo IDUV, a quienes tambi\u00e9n se les recomend\u00f3 realizar la inscripci\u00f3n.<\/p>\n<p>Adem\u00e1s, se proporcion\u00f3 material impreso\u00a0<strong>con c\u00f3digo QR\u00a0<\/strong>de acceso directo al formulario, el documento de Preguntas Frecuentes y, para aquellos que requirieron informaci\u00f3n m\u00e1s detallada, el\u00a0<strong>Anexo Metodol\u00f3gico<\/strong>, que explica c\u00f3mo se eval\u00faa cada inscripci\u00f3n, es decir, qu\u00e9 variables se tienen en cuenta y c\u00f3mo adiciona puntaje.<\/p>\n<p>De esta manera, el IDUV contin\u00faa acercando sus programas a la comunidad, en l\u00ednea con\u00a0<strong>la pol\u00edtica de un Estado<\/strong>\u00a0presente impulsada por el gobernador\u00a0<strong>Claudio Vidal.<\/strong><\/p>\n<\/div>\n<\/div>\n<\/section>\n<aside class=\"ssi-block-side\">\n<aside class=\"a-gallery mt-2\">\n<div class=\"row g-3 ssigallery-frontend mt-3 row-cols-2 row-cols-sm-3 row-cols-md-3 row-cols-lg-4\">\n<div class=\"col-6 col-sm-4 col-md-4 col-lg-3 mt-0\"><a class=\"ssig-item\" href=\"https:\/\/noticias.santacruz.gob.ar\/media\/ssigallery\/articulos\/26283\/galeria\/WhatsApp_Image_2026-08-30_at_10.26.48_PM.jpeg\" data-ssig=\"1\" data-caption=\"\" data-fancybox=\"ssigallery-article-26283\"><img decoding=\"async\" class=\"img-fluid rounded lazyload\" data-src=\"https:\/\/noticias.santacruz.gob.ar\/media\/ssigallery\/articulos\/26283\/galeria\/thumbs\/WhatsApp_Image_2026-08-30_at_10.26.48_PM.jpeg\" alt=\"El IDUV particip\u00f3 de Aike Jugar\" src=\"data:image\/svg+xml;base64,PHN2ZyB3aWR0aD0iMSIgaGVpZ2h0PSIxIiB4bWxucz0iaHR0cDovL3d3dy53My5vcmcvMjAwMC9zdmciPjwvc3ZnPg==\" \/><\/a><\/div>\n<div class=\"col-6 col-sm-4 col-md-4 col-lg-3 mt-0\"><a class=\"ssig-item\" href=\"https:\/\/noticias.santacruz.gob.ar\/media\/ssigallery\/articulos\/26283\/galeria\/WhatsApp_Image_2026-08-30_at_10.28.22_PM.jpeg\" data-ssig=\"1\" data-caption=\"\" data-fancybox=\"ssigallery-article-26283\"><img decoding=\"async\" class=\"img-fluid rounded lazyload\" data-src=\"https:\/\/noticias.santacruz.gob.ar\/media\/ssigallery\/articulos\/26283\/galeria\/thumbs\/WhatsApp_Image_2026-08-30_at_10.28.22_PM.jpeg\" alt=\"El IDUV particip\u00f3 de Aike Jugar\" src=\"data:image\/svg+xml;base64,PHN2ZyB3aWR0aD0iMSIgaGVpZ2h0PSIxIiB4bWxucz0iaHR0cDovL3d3dy53My5vcmcvMjAwMC9zdmciPjwvc3ZnPg==\" \/><\/a><\/div>\n<\/div>\n<\/aside>\n<\/aside>\n<\/div>\n<\/div>\n","protected":false},"excerpt":{"rendered":"<p>31 de Agosto 2026. El Instituto de Desarrollo Urbano y Vivienda particip\u00f3 este domingo 30 de agosto de la Jornada<\/p>\n","protected":false},"author":8,"featured_media":47563,"comment_status":"open","ping_status":"closed","sticky":false,"template":"","format":"standard","meta":{"footnotes":""},"categories":[1181],"tags":[],"class_list":["post-47562","post","type-post","status-publish","format-standard","has-post-thumbnail","hentry","category-i-d-u-v"],"_links":{"self":[{"href":"https:\/\/ecosdelsur.com\/index.php?rest_route=\/wp\/v2\/posts\/47562","targetHints":{"allow":["GET"]}}],"collection":[{"href":"https:\/\/ecosdelsur.com\/index.php?rest_route=\/wp\/v2\/posts"}],"about":[{"href":"https:\/\/ecosdelsur.com\/index.php?rest_route=\/wp\/v2\/types\/post"}],"author":[{"embeddable":true,"href":"https:\/\/ecosdelsur.com\/index.php?rest_route=\/wp\/v2\/users\/8"}],"replies":[{"embeddable":true,"href":"https:\/\/ecosdelsur.com\/index.php?rest_route=%2Fwp%2Fv2%2Fcomments&post=47562"}],"version-history":[{"count":1,"href":"https:\/\/ecosdelsur.com\/index.php?rest_route=\/wp\/v2\/posts\/47562\/revisions"}],"predecessor-version":[{"id":47564,"href":"https:\/\/ecosdelsur.com\/index.php?rest_route=\/wp\/v2\/posts\/47562\/revisions\/47564"}],"wp:featuredmedia":[{"embeddable":true,"href":"https:\/\/ecosdelsur.com\/index.php?rest_route=\/wp\/v2\/media\/47563"}],"wp:attachment":[{"href":"https:\/\/ecosdelsur.com\/index.php?rest_route=%2Fwp%2Fv2%2Fmedia&parent=47562"}],"wp:term":[{"taxonomy":"category","embeddable":true,"href":"https:\/\/ecosdelsur.com\/index.php?rest_route=%2Fwp%2Fv2%2Fcategories&post=47562"},{"taxonomy":"post_tag","embeddable":true,"href":"https:\/\/ecosdelsur.com\/index.php?rest_route=%2Fwp%2Fv2%2Ftags&post=47562"}],"curies":[{"name":"wp","href":"https:\/\/api.w.org\/{rel}","templated":true}]}}