{"id":47556,"date":"2026-08-30T22:40:18","date_gmt":"2026-08-31T01:40:18","guid":{"rendered":"https:\/\/ecosdelsur.com\/?p=47556"},"modified":"2026-08-30T22:40:18","modified_gmt":"2026-08-31T01:40:18","slug":"rio-gallegos-y-rio-grande-se-consagraron-en-la-copa-challenger-de-newcom-en-caleta-olivia","status":"publish","type":"post","link":"https:\/\/ecosdelsur.com\/?p=47556","title":{"rendered":"R\u00edo Gallegos y R\u00edo Grande se consagraron en la Copa Challenger de Newcom en Caleta Olivia"},"content":{"rendered":"<p><span style=\"color: #ff0000;\">30 de Agosto 2026. <\/span>La Municipalidad de Caleta Olivia acompa\u00f1\u00f3 el cierre de la Copa Challenger de Newcom, que este domingo 30 de agosto tuvo su \u00faltima jornada en el gimnasio municipal Francisco \u201cPancho\u201d Cerda. El torneo, disputado durante dos jornadas en las categor\u00edas +60 y +68, reuni\u00f3 a equipos de diferentes localidades y culmin\u00f3 con R\u00edo Gallegos como campe\u00f3n en +60 y R\u00edo Grande como ganador en +68.<\/p>\n<p>La competencia cont\u00f3 con una importante convocatoria de jugadores, familias y p\u00fablico que durante todo el fin de semana acompa\u00f1aron los distintos encuentros. La propuesta permiti\u00f3 adem\u00e1s que Caleta Olivia recibiera a delegaciones de otras localidades, fortaleciendo el intercambio y los v\u00ednculos que se generan alrededor de una disciplina que contin\u00faa creciendo.<\/p>\n<p>M\u00f3nica Y\u00e1\u00f1ez, capitana y presidenta del equipo campe\u00f3n de R\u00edo Gallegos en la categor\u00eda +60, expres\u00f3 su felicidad luego del triunfo, \u201cDetr\u00e1s de una copa hay mucho trabajo, entrenamiento y compa\u00f1erismo, y poder llevarnos este resultado nos llena de alegr\u00eda\u201d.<\/p>\n<figure class=\"wp-block-image size-large\"><img decoding=\"async\" class=\"wp-image-21785 lazyload\" data-src=\"https:\/\/caletaolivia.gov.ar\/wp-content\/uploads\/2026\/08\/3-12-1024x576.jpg\" data-sizes=\"(max-width: 1024px) 100vw, 1024px\" data-srcset=\"https:\/\/caletaolivia.gov.ar\/wp-content\/uploads\/2026\/08\/3-12-1024x576.jpg 1024w, https:\/\/caletaolivia.gov.ar\/wp-content\/uploads\/2026\/08\/3-12-300x169.jpg 300w, https:\/\/caletaolivia.gov.ar\/wp-content\/uploads\/2026\/08\/3-12-768x432.jpg 768w, https:\/\/caletaolivia.gov.ar\/wp-content\/uploads\/2026\/08\/3-12-1536x864.jpg 1536w, https:\/\/caletaolivia.gov.ar\/wp-content\/uploads\/2026\/08\/3-12.jpg 1600w\" alt=\"\" width=\"1024\" height=\"576\" src=\"data:image\/svg+xml;base64,PHN2ZyB3aWR0aD0iMSIgaGVpZ2h0PSIxIiB4bWxucz0iaHR0cDovL3d3dy53My5vcmcvMjAwMC9zdmciPjwvc3ZnPg==\" style=\"--smush-placeholder-width: 1024px; --smush-placeholder-aspect-ratio: 1024\/576;\" \/><\/figure>\n<p>La referente tambi\u00e9n puso en valor la convocatoria que tiene actualmente esta disciplina y su crecimiento, \u201cEs hermoso ver c\u00f3mo cada a\u00f1o se suma m\u00e1s gente al Newcom. Ya no es solamente algo que crece en nuestra provincia, sino que se est\u00e1 desarrollando en diferentes lugares de la Argentina. Estos encuentros nos permiten compartir, competir y conocer a otros equipos\u201d, destac\u00f3.<\/p>\n<p>En la categor\u00eda +68, la copa qued\u00f3 en manos de R\u00edo Grande, Daniel Brizuela, director t\u00e9cnico del equipo fueguino, celebr\u00f3 el campeonato: \u201cEl equipo trabaj\u00f3 mucho para llegar hasta ac\u00e1 y poder cerrar el torneo con la copa es una satisfacci\u00f3n enorme\u201d, manifest\u00f3 Brizuela.<\/p>\n<figure class=\"wp-block-image size-large\"><img decoding=\"async\" class=\"wp-image-21783 lazyload\" data-src=\"https:\/\/caletaolivia.gov.ar\/wp-content\/uploads\/2026\/08\/1-10-1024x576.jpg\" data-sizes=\"(max-width: 1024px) 100vw, 1024px\" data-srcset=\"https:\/\/caletaolivia.gov.ar\/wp-content\/uploads\/2026\/08\/1-10-1024x576.jpg 1024w, https:\/\/caletaolivia.gov.ar\/wp-content\/uploads\/2026\/08\/1-10-300x169.jpg 300w, https:\/\/caletaolivia.gov.ar\/wp-content\/uploads\/2026\/08\/1-10-768x432.jpg 768w, https:\/\/caletaolivia.gov.ar\/wp-content\/uploads\/2026\/08\/1-10-1536x864.jpg 1536w, https:\/\/caletaolivia.gov.ar\/wp-content\/uploads\/2026\/08\/1-10.jpg 1600w\" alt=\"\" width=\"1024\" height=\"576\" src=\"data:image\/svg+xml;base64,PHN2ZyB3aWR0aD0iMSIgaGVpZ2h0PSIxIiB4bWxucz0iaHR0cDovL3d3dy53My5vcmcvMjAwMC9zdmciPjwvc3ZnPg==\" style=\"--smush-placeholder-width: 1024px; --smush-placeholder-aspect-ratio: 1024\/576;\" \/><\/figure>\n<p>El entrenador tambi\u00e9n agradeci\u00f3 la recepci\u00f3n de la ciudad y destac\u00f3 el rol de Caleta Olivia como anfitriona, \u201cQueremos agradecer a Caleta Olivia por ser tan buenos anfitriones y por recibirnos de esta manera. Poder participar de esta movida del Newcom es algo maravilloso y estos encuentros generan momentos y experiencias realmente gratificantes\u201d, expres\u00f3.<\/p>\n<p>Brizuela valor\u00f3 adem\u00e1s el crecimiento que viene teniendo la disciplina y la posibilidad de compartir escenarios con equipos de diferentes localidades, entendiendo que cada torneo representa una nueva oportunidad para seguir fortaleciendo el deporte.<\/p>\n<p><strong>Coiron, anfitri\u00f3n y organizador<\/strong><\/p>\n<p>El equipo Coiron de Caleta Olivia tuvo un rol central en la realizaci\u00f3n de la Copa Challenger, al estar a cargo de la organizaci\u00f3n del torneo y generar las condiciones para recibir a las diferentes delegaciones que llegaron a la ciudad.<\/p>\n<p>Desde la Municipalidad de Caleta Olivia se contin\u00faa acompa\u00f1ando el desarrollo del Newcom y poniendo a disposici\u00f3n los espacios deportivos municipales, fortaleciendo el trabajo junto a los equipos y organizaciones locales para que esta disciplina siga creciendo y la ciudad pueda continuar siendo anfitriona de encuentros deportivos regionales.<\/p>\n","protected":false},"excerpt":{"rendered":"<p>30 de Agosto 2026. La Municipalidad de Caleta Olivia acompa\u00f1\u00f3 el cierre de la Copa Challenger de Newcom, que este<\/p>\n","protected":false},"author":8,"featured_media":47557,"comment_status":"open","ping_status":"closed","sticky":false,"template":"","format":"standard","meta":{"footnotes":""},"categories":[1185],"tags":[],"class_list":["post-47556","post","type-post","status-publish","format-standard","has-post-thumbnail","hentry","category-comunicaciones-y-medios"],"_links":{"self":[{"href":"https:\/\/ecosdelsur.com\/index.php?rest_route=\/wp\/v2\/posts\/47556","targetHints":{"allow":["GET"]}}],"collection":[{"href":"https:\/\/ecosdelsur.com\/index.php?rest_route=\/wp\/v2\/posts"}],"about":[{"href":"https:\/\/ecosdelsur.com\/index.php?rest_route=\/wp\/v2\/types\/post"}],"author":[{"embeddable":true,"href":"https:\/\/ecosdelsur.com\/index.php?rest_route=\/wp\/v2\/users\/8"}],"replies":[{"embeddable":true,"href":"https:\/\/ecosdelsur.com\/index.php?rest_route=%2Fwp%2Fv2%2Fcomments&post=47556"}],"version-history":[{"count":1,"href":"https:\/\/ecosdelsur.com\/index.php?rest_route=\/wp\/v2\/posts\/47556\/revisions"}],"predecessor-version":[{"id":47558,"href":"https:\/\/ecosdelsur.com\/index.php?rest_route=\/wp\/v2\/posts\/47556\/revisions\/47558"}],"wp:featuredmedia":[{"embeddable":true,"href":"https:\/\/ecosdelsur.com\/index.php?rest_route=\/wp\/v2\/media\/47557"}],"wp:attachment":[{"href":"https:\/\/ecosdelsur.com\/index.php?rest_route=%2Fwp%2Fv2%2Fmedia&parent=47556"}],"wp:term":[{"taxonomy":"category","embeddable":true,"href":"https:\/\/ecosdelsur.com\/index.php?rest_route=%2Fwp%2Fv2%2Fcategories&post=47556"},{"taxonomy":"post_tag","embeddable":true,"href":"https:\/\/ecosdelsur.com\/index.php?rest_route=%2Fwp%2Fv2%2Ftags&post=47556"}],"curies":[{"name":"wp","href":"https:\/\/api.w.org\/{rel}","templated":true}]}}