{"id":47553,"date":"2026-08-30T22:37:38","date_gmt":"2026-08-31T01:37:38","guid":{"rendered":"https:\/\/ecosdelsur.com\/?p=47553"},"modified":"2026-08-30T22:37:38","modified_gmt":"2026-08-31T01:37:38","slug":"el-ministerio-de-gobierno-y-el-registro-civil-acompanaron-el-cierre-de-aike-jugar","status":"publish","type":"post","link":"https:\/\/ecosdelsur.com\/?p=47553","title":{"rendered":"El Ministerio de Gobierno y el Registro Civil acompa\u00f1aron el cierre de Aike Jugar"},"content":{"rendered":"<p><span style=\"color: #ff0000;\">30 de Agosto 2026. <\/span>El Registro Civil acerc\u00f3 tr\u00e1mites a trav\u00e9s del DNI M\u00f3vil, mientras que la Secretar\u00eda de Estado de Cultura particip\u00f3 con propuestas para promover la lectura, la inclusi\u00f3n y el patrimonio cultural santacruce\u00f1o.<\/p>\n<div class=\"redes mb-3\">\n<div class=\"d-flex flex-wrap justify-content-between align-items-center gap-3 my-2 mx-1\">\n<section class=\"ssi-block-main mb-5\">\n<div class=\"mb-2\">\n<div class=\"article-full\">\n<p>En el marco de\u00a0<strong>Aike Jugar<\/strong>, la jornada organizada para celebrar el\u00a0<strong>D\u00eda de las Infancias<\/strong>, el Ministerio de Gobierno de Santa Cruz acompa\u00f1\u00f3 el cierre del Mes de las Infancias con distintas propuestas destinadas a las familias que se acercaron al Gimnasio Atl\u00e9tico Boxing Club.<\/p>\n<p>A trav\u00e9s de la Subsecretar\u00eda de Gobierno y Asuntos Registrales, el Registro Civil estuvo presente con el\u00a0<strong>DNI M\u00f3vil<\/strong>, acercando servicios a la comunidad. Durante la jornada se realizaron m\u00e1s de\u00a0<strong>90 tr\u00e1mites<\/strong>, entre actualizaciones y renovaciones de DNI, tr\u00e1mites vinculados a\u00a0<strong>pasaportes y emisi\u00f3n de actas.<\/strong><\/p>\n<p>Adem\u00e1s, el Registro Civil cont\u00f3 con un espacio recreativo con\u00a0<strong>juegos y sorpresas,<\/strong>\u00a0pensado especialmente para las ni\u00f1as y ni\u00f1os que participaron de la jornada.<\/p>\n<h2>Cultura tambi\u00e9n fue parte de Aike Jugar<\/h2>\n<p>La Secretar\u00eda de Estado de Cultura acompa\u00f1\u00f3 la propuesta a trav\u00e9s de distintos organismos y espacios culturales.<\/p>\n<p>La Biblioteca Provincial\u00a0<strong>Juan Hilari\u00f3n Lenzi<\/strong>\u00a0particip\u00f3 con una iniciativa destinada a fomentar la lectura, donde ni\u00f1as y ni\u00f1os pudieron acercarse al stand, conocer diferentes propuestas y llevarse libros para continuar disfrutando de la lectura en sus hogares.<\/p>\n<p>Por su parte, el Programa de\u00a0<strong>Recuperaci\u00f3n y Est\u00edmulo del Patrimonio Artesanal Provincial (PREPAP)<\/strong>\u00a0acerc\u00f3 una propuesta vinculada a la producci\u00f3n artesanal y al patrimonio cultural de Santa Cruz, permitiendo a las familias conocer parte del trabajo de los\u00a0<strong>artesanos y artesanas de la provincia<\/strong>.<\/p>\n<p>Tambi\u00e9n particip\u00f3 la Asociaci\u00f3n Cultural\u00a0<strong>Luis Braille,<\/strong>\u00a0que present\u00f3 juegos adaptados para personas con discapacidad visual, promoviendo una experiencia inclusiva en la que todas las personas pudieron participar y compartir.<\/p>\n<h2>Un cierre para compartir en comunidad<\/h2>\n<p>La ministra de Gobierno<strong>, Mar\u00eda Bel\u00e9n Elmiger<\/strong>, destac\u00f3 la importancia de la jornada y el trabajo conjunto entre los organismos provinciales para acompa\u00f1ar a las familias: \u201cEs una felicidad absoluta terminar de esta manera el Mes de las Infancias\u201d. La jornada reuni\u00f3 a cientos de familias y cont\u00f3 con propuestas recreativas, culturales y de servicios, en una iniciativa que busc\u00f3 generar un espacio de encuentro y celebraci\u00f3n para las infancias.<\/p>\n<p>De esta manera, el\u00a0<strong>Ministerio de Gobierno<\/strong>, a trav\u00e9s de sus distintas \u00e1reas, acompa\u00f1\u00f3 una jornada que\u00a0<strong>combin\u00f3 recreaci\u00f3n, cultura, inclusi\u00f3n y servicios p\u00fablicos<\/strong>, con el objetivo de acercar\u00a0<strong>el Estado<\/strong> a la comunidad y generar espacios pensados para disfrutar en familia.<\/p>\n<\/div>\n<\/div>\n<\/section>\n<aside class=\"ssi-block-side\">\n<aside class=\"a-gallery mt-2\">\n<div class=\"row g-3 ssigallery-frontend mt-3 row-cols-2 row-cols-sm-3 row-cols-md-3 row-cols-lg-4\">\n<div class=\"col-6 col-sm-4 col-md-4 col-lg-3 mt-0\"><a class=\"ssig-item\" href=\"https:\/\/noticias.santacruz.gob.ar\/media\/ssigallery\/articulos\/26282\/galeria\/DSC08264.JPG\" data-ssig=\"1\" data-caption=\"\" data-fancybox=\"ssigallery-article-26282\"><img decoding=\"async\" class=\"img-fluid rounded lazyload\" data-src=\"https:\/\/noticias.santacruz.gob.ar\/media\/ssigallery\/articulos\/26282\/galeria\/thumbs\/DSC08264.JPG\" alt=\"El Ministerio de Gobierno y el Registro Civil acompa\u00f1aron el cierre  de Aike Jugar \" src=\"data:image\/svg+xml;base64,PHN2ZyB3aWR0aD0iMSIgaGVpZ2h0PSIxIiB4bWxucz0iaHR0cDovL3d3dy53My5vcmcvMjAwMC9zdmciPjwvc3ZnPg==\" \/><\/a><\/div>\n<div class=\"col-6 col-sm-4 col-md-4 col-lg-3 mt-0\"><a class=\"ssig-item\" href=\"https:\/\/noticias.santacruz.gob.ar\/media\/ssigallery\/articulos\/26282\/galeria\/DSC08271.JPG\" data-ssig=\"1\" data-caption=\"\" data-fancybox=\"ssigallery-article-26282\"><img decoding=\"async\" class=\"img-fluid rounded lazyload\" data-src=\"https:\/\/noticias.santacruz.gob.ar\/media\/ssigallery\/articulos\/26282\/galeria\/thumbs\/DSC08271.JPG\" alt=\"El Ministerio de Gobierno y el Registro Civil acompa\u00f1aron el cierre  de Aike Jugar \" src=\"data:image\/svg+xml;base64,PHN2ZyB3aWR0aD0iMSIgaGVpZ2h0PSIxIiB4bWxucz0iaHR0cDovL3d3dy53My5vcmcvMjAwMC9zdmciPjwvc3ZnPg==\" \/><\/a><\/div>\n<div class=\"col-6 col-sm-4 col-md-4 col-lg-3 mt-0\"><a class=\"ssig-item\" href=\"https:\/\/noticias.santacruz.gob.ar\/media\/ssigallery\/articulos\/26282\/galeria\/DSC08287.JPG\" data-ssig=\"1\" data-caption=\"\" data-fancybox=\"ssigallery-article-26282\"><img decoding=\"async\" class=\"img-fluid rounded lazyload\" data-src=\"https:\/\/noticias.santacruz.gob.ar\/media\/ssigallery\/articulos\/26282\/galeria\/thumbs\/DSC08287.JPG\" alt=\"El Ministerio de Gobierno y el Registro Civil acompa\u00f1aron el cierre  de Aike Jugar \" src=\"data:image\/svg+xml;base64,PHN2ZyB3aWR0aD0iMSIgaGVpZ2h0PSIxIiB4bWxucz0iaHR0cDovL3d3dy53My5vcmcvMjAwMC9zdmciPjwvc3ZnPg==\" \/><\/a><\/div>\n<div class=\"col-6 col-sm-4 col-md-4 col-lg-3 mt-0\"><a class=\"ssig-item\" href=\"https:\/\/noticias.santacruz.gob.ar\/media\/ssigallery\/articulos\/26282\/galeria\/DSC08288.JPG\" data-ssig=\"1\" data-caption=\"\" data-fancybox=\"ssigallery-article-26282\"><img decoding=\"async\" class=\"img-fluid rounded lazyload\" data-src=\"https:\/\/noticias.santacruz.gob.ar\/media\/ssigallery\/articulos\/26282\/galeria\/thumbs\/DSC08288.JPG\" alt=\"El Ministerio de Gobierno y el Registro Civil acompa\u00f1aron el cierre  de Aike Jugar \" src=\"data:image\/svg+xml;base64,PHN2ZyB3aWR0aD0iMSIgaGVpZ2h0PSIxIiB4bWxucz0iaHR0cDovL3d3dy53My5vcmcvMjAwMC9zdmciPjwvc3ZnPg==\" \/><\/a><\/div>\n<div class=\"col-6 col-sm-4 col-md-4 col-lg-3 mt-0\"><a class=\"ssig-item\" href=\"https:\/\/noticias.santacruz.gob.ar\/media\/ssigallery\/articulos\/26282\/galeria\/DSC08291.JPG\" data-ssig=\"1\" data-caption=\"\" data-fancybox=\"ssigallery-article-26282\"><img decoding=\"async\" class=\"img-fluid rounded lazyload\" data-src=\"https:\/\/noticias.santacruz.gob.ar\/media\/ssigallery\/articulos\/26282\/galeria\/thumbs\/DSC08291.JPG\" alt=\"El Ministerio de Gobierno y el Registro Civil acompa\u00f1aron el cierre  de Aike Jugar \" src=\"data:image\/svg+xml;base64,PHN2ZyB3aWR0aD0iMSIgaGVpZ2h0PSIxIiB4bWxucz0iaHR0cDovL3d3dy53My5vcmcvMjAwMC9zdmciPjwvc3ZnPg==\" \/><\/a><\/div>\n<div class=\"col-6 col-sm-4 col-md-4 col-lg-3 mt-0\"><a class=\"ssig-item\" href=\"https:\/\/noticias.santacruz.gob.ar\/media\/ssigallery\/articulos\/26282\/galeria\/DSC08310.JPG\" data-ssig=\"1\" data-caption=\"\" data-fancybox=\"ssigallery-article-26282\"><img decoding=\"async\" class=\"img-fluid rounded lazyload\" data-src=\"https:\/\/noticias.santacruz.gob.ar\/media\/ssigallery\/articulos\/26282\/galeria\/thumbs\/DSC08310.JPG\" alt=\"El Ministerio de Gobierno y el Registro Civil acompa\u00f1aron el cierre  de Aike Jugar \" src=\"data:image\/svg+xml;base64,PHN2ZyB3aWR0aD0iMSIgaGVpZ2h0PSIxIiB4bWxucz0iaHR0cDovL3d3dy53My5vcmcvMjAwMC9zdmciPjwvc3ZnPg==\" \/><\/a><\/div>\n<div class=\"col-6 col-sm-4 col-md-4 col-lg-3 mt-0\"><a class=\"ssig-item\" href=\"https:\/\/noticias.santacruz.gob.ar\/media\/ssigallery\/articulos\/26282\/galeria\/WhatsApp_Image_2026-08-30_at_19.59.31.jpeg\" data-ssig=\"1\" data-caption=\"\" data-fancybox=\"ssigallery-article-26282\"><img decoding=\"async\" class=\"img-fluid rounded lazyload\" data-src=\"https:\/\/noticias.santacruz.gob.ar\/media\/ssigallery\/articulos\/26282\/galeria\/thumbs\/WhatsApp_Image_2026-08-30_at_19.59.31.jpeg\" alt=\"El Ministerio de Gobierno y el Registro Civil acompa\u00f1aron el cierre  de Aike Jugar \" src=\"data:image\/svg+xml;base64,PHN2ZyB3aWR0aD0iMSIgaGVpZ2h0PSIxIiB4bWxucz0iaHR0cDovL3d3dy53My5vcmcvMjAwMC9zdmciPjwvc3ZnPg==\" \/><\/a><\/div>\n<div class=\"col-6 col-sm-4 col-md-4 col-lg-3 mt-0\"><a class=\"ssig-item\" href=\"https:\/\/noticias.santacruz.gob.ar\/media\/ssigallery\/articulos\/26282\/galeria\/WhatsApp_Image_2026-08-30_at_20.54.49.jpeg\" data-ssig=\"1\" data-caption=\"\" data-fancybox=\"ssigallery-article-26282\"><img decoding=\"async\" class=\"img-fluid rounded lazyload\" data-src=\"https:\/\/noticias.santacruz.gob.ar\/media\/ssigallery\/articulos\/26282\/galeria\/thumbs\/WhatsApp_Image_2026-08-30_at_20.54.49.jpeg\" alt=\"El Ministerio de Gobierno y el Registro Civil acompa\u00f1aron el cierre  de Aike Jugar \" src=\"data:image\/svg+xml;base64,PHN2ZyB3aWR0aD0iMSIgaGVpZ2h0PSIxIiB4bWxucz0iaHR0cDovL3d3dy53My5vcmcvMjAwMC9zdmciPjwvc3ZnPg==\" \/><\/a><\/div>\n<\/div>\n<\/aside>\n<\/aside>\n<\/div>\n<\/div>\n","protected":false},"excerpt":{"rendered":"<p>30 de Agosto 2026. El Registro Civil acerc\u00f3 tr\u00e1mites a trav\u00e9s del DNI M\u00f3vil, mientras que la Secretar\u00eda de Estado<\/p>\n","protected":false},"author":8,"featured_media":47554,"comment_status":"open","ping_status":"closed","sticky":false,"template":"","format":"standard","meta":{"footnotes":""},"categories":[1094],"tags":[],"class_list":["post-47553","post","type-post","status-publish","format-standard","has-post-thumbnail","hentry","category-gobierno"],"_links":{"self":[{"href":"https:\/\/ecosdelsur.com\/index.php?rest_route=\/wp\/v2\/posts\/47553","targetHints":{"allow":["GET"]}}],"collection":[{"href":"https:\/\/ecosdelsur.com\/index.php?rest_route=\/wp\/v2\/posts"}],"about":[{"href":"https:\/\/ecosdelsur.com\/index.php?rest_route=\/wp\/v2\/types\/post"}],"author":[{"embeddable":true,"href":"https:\/\/ecosdelsur.com\/index.php?rest_route=\/wp\/v2\/users\/8"}],"replies":[{"embeddable":true,"href":"https:\/\/ecosdelsur.com\/index.php?rest_route=%2Fwp%2Fv2%2Fcomments&post=47553"}],"version-history":[{"count":1,"href":"https:\/\/ecosdelsur.com\/index.php?rest_route=\/wp\/v2\/posts\/47553\/revisions"}],"predecessor-version":[{"id":47555,"href":"https:\/\/ecosdelsur.com\/index.php?rest_route=\/wp\/v2\/posts\/47553\/revisions\/47555"}],"wp:featuredmedia":[{"embeddable":true,"href":"https:\/\/ecosdelsur.com\/index.php?rest_route=\/wp\/v2\/media\/47554"}],"wp:attachment":[{"href":"https:\/\/ecosdelsur.com\/index.php?rest_route=%2Fwp%2Fv2%2Fmedia&parent=47553"}],"wp:term":[{"taxonomy":"category","embeddable":true,"href":"https:\/\/ecosdelsur.com\/index.php?rest_route=%2Fwp%2Fv2%2Fcategories&post=47553"},{"taxonomy":"post_tag","embeddable":true,"href":"https:\/\/ecosdelsur.com\/index.php?rest_route=%2Fwp%2Fv2%2Ftags&post=47553"}],"curies":[{"name":"wp","href":"https:\/\/api.w.org\/{rel}","templated":true}]}}