{"id":47546,"date":"2026-08-30T21:10:26","date_gmt":"2026-08-31T00:10:26","guid":{"rendered":"https:\/\/ecosdelsur.com\/?p=47546"},"modified":"2026-08-30T21:10:26","modified_gmt":"2026-08-31T00:10:26","slug":"servicios-publicos-acerco-su-trabajo-a-las-infancias-durante-la-jornada-aike-jugar","status":"publish","type":"post","link":"https:\/\/ecosdelsur.com\/?p=47546","title":{"rendered":"Servicios P\u00fablicos acerc\u00f3 su trabajo a las infancias durante la jornada Aike Jugar"},"content":{"rendered":"<p><span style=\"color: #ff0000;\">30 de Agosto 2026. <\/span>La empresa estatal particip\u00f3 de la propuesta llevada adelante este domingo en el Boxing Club de R\u00edo Gallegos con propuestas que permitieron conocer por medio del juego y la experimentaci\u00f3n, las tareas que se desarrollan de manera cotidiana en los servicios de energ\u00eda y agua potable.<\/p>\n<div class=\"redes mb-3\">\n<div class=\"d-flex flex-wrap justify-content-between align-items-center gap-3 my-2 mx-1\">\n<figure class=\"ssi-inline-image my-3\"><img decoding=\"async\" class=\"img-fluid lazyload\" data-src=\"https:\/\/noticias.santacruz.gob.ar\/media\/ssigallery\/articulos\/26280\/inline\/spse.jpeg\" alt=\"Servicios P\u00fablicos acerc\u00f3 su trabajo a las infancias durante la jornada Aike Jugar\" src=\"data:image\/svg+xml;base64,PHN2ZyB3aWR0aD0iMSIgaGVpZ2h0PSIxIiB4bWxucz0iaHR0cDovL3d3dy53My5vcmcvMjAwMC9zdmciPjwvc3ZnPg==\" \/><\/figure>\n<p>La propuesta de SPSE incluy\u00f3 un elevador utilizado por el personal del \u00e1rea de energ\u00eda. La presencia de esta herramienta permit\u00f3 que los ni\u00f1os y ni\u00f1as puedan subir acompa\u00f1ados por trabajadores de la empresa y acercarse a una actividad que habitualmente observan desde otra perspectiva.<\/p>\n<p>La jornada \u201cAike Jugar\u201d, una iniciativa\u00a0 del Gobierno de Santa Cruz, reuni\u00f3 este domingo a cientos de familias en el Boxing Club de R\u00edo Gallegos, donde ni\u00f1as y ni\u00f1os disfrutaron de un espacio de encuentro, recreaci\u00f3n y aprendizaje.<\/p>\n<p><strong>La propuesta congreg\u00f3 a diferentes organismos y \u00e1reas provinciales que acercan actividades destinadas a las infancias y permiten conocer, desde distintas perspectivas, el trabajo que desarrolla el Estado en beneficio de la comunidad.<\/strong><\/p>\n<p>En esta ocasi\u00f3n, la oferta que present\u00f3 por parte de<strong>\u00a0Servicios P\u00fablicos Sociedad del Estado (<\/strong>SPSE) incluy\u00f3 diferentes actividades que combina entretenimiento y conocimiento para que las familias pudiesen familiarizarse con algunas de las tareas vinculadas con los servicios esenciales que brinda la empresa.<\/p>\n<figure class=\"ssi-inline-image my-3\"><img decoding=\"async\" class=\"img-fluid lazyload\" data-src=\"https:\/\/noticias.santacruz.gob.ar\/media\/ssigallery\/articulos\/26280\/inline\/REM_4345.jpg\" alt=\"Servicios P\u00fablicos acerc\u00f3 su trabajo a las infancias durante la jornada Aike Jugar\" src=\"data:image\/svg+xml;base64,PHN2ZyB3aWR0aD0iMSIgaGVpZ2h0PSIxIiB4bWxucz0iaHR0cDovL3d3dy53My5vcmcvMjAwMC9zdmciPjwvc3ZnPg==\" \/><\/figure>\n<h2>Acercar el trabajo a las familias<\/h2>\n<p>En este contexto, la directora de Servicios P\u00fablicos Sociedad del Estado,\u00a0<strong>Mar\u00eda Ruiz\u00a0<\/strong>indic\u00f3: \u201cEn esta oportunidad, nos hicimos presentes para participar en el mes de las infancias convocada por el Gobierno Provincial y para esta ocasi\u00f3n hemos tra\u00eddo dos propuestas, siendo la primera el elevador donde los ni\u00f1os est\u00e1n muy contentos subiendo con la ayuda del personal nuestro y tambi\u00e9n para que ellos vean un poco nuestra tarea que se usa en el sector de energ\u00eda\u201d.<\/p>\n<p>\u201cLuego, la segunda propuesta es el laboratorio donde se mostr\u00f3 un poco el proceso de tratamiento de agua potable para que los ni\u00f1os tambi\u00e9n puedan realizar experimentos y dem\u00e1s. La propuesta realmente gust\u00f3, tanto los chicos como el p\u00fablico en general, sobre todo, en esta \u00e9poca donde ellos est\u00e1n tanto tiempo al frente de la pantalla y la verdad que es sacarlos un poco de casa y disfrutar la tarde en familia\u201d, continu\u00f3.<\/p>\n<h2>Agua y energ\u00eda como experiencias de aprendizaje<\/h2>\n<p>Por su parte, Ruiz manifest\u00f3 que \u201csomos una empresa de servicios y por ah\u00ed los chicos no est\u00e1n familiarizados con el proceso por lo que es una buena oportunidad realmente para mostrarles lo que hacemos\u201d.<\/p>\n<figure class=\"ssi-inline-image my-3\"><img decoding=\"async\" class=\"img-fluid lazyload\" data-src=\"https:\/\/noticias.santacruz.gob.ar\/media\/ssigallery\/articulos\/26280\/inline\/REM_4344.jpg\" alt=\"Servicios P\u00fablicos acerc\u00f3 su trabajo a las infancias durante la jornada Aike Jugar\" src=\"data:image\/svg+xml;base64,PHN2ZyB3aWR0aD0iMSIgaGVpZ2h0PSIxIiB4bWxucz0iaHR0cDovL3d3dy53My5vcmcvMjAwMC9zdmciPjwvc3ZnPg==\" \/><\/figure>\n<h2>Viva Barrio<\/h2>\n<p>Por \u00faltimo, la funcionaria provincial coment\u00f3 sobre la participaci\u00f3n de la empresa estatal en Viva Barrio con el objetivo que las personas conozcan los trabajo que se realizan. \u201cTanto en este evento como en el Viva Barrio participamos con la misma premisa para que la sociedad nos conozca y a su vez, hacerles llegar la empresa en el barrio y que puedan tambi\u00e9n resolver situaciones relacionadas a los tr\u00e1mites administrativos a cada usuario\u201d<\/p>\n<\/div>\n<\/div>\n","protected":false},"excerpt":{"rendered":"<p>30 de Agosto 2026. La empresa estatal particip\u00f3 de la propuesta llevada adelante este domingo en el Boxing Club de<\/p>\n","protected":false},"author":8,"featured_media":47547,"comment_status":"open","ping_status":"closed","sticky":false,"template":"","format":"standard","meta":{"footnotes":""},"categories":[1111],"tags":[],"class_list":["post-47546","post","type-post","status-publish","format-standard","has-post-thumbnail","hentry","category-servicios-publicos"],"_links":{"self":[{"href":"https:\/\/ecosdelsur.com\/index.php?rest_route=\/wp\/v2\/posts\/47546","targetHints":{"allow":["GET"]}}],"collection":[{"href":"https:\/\/ecosdelsur.com\/index.php?rest_route=\/wp\/v2\/posts"}],"about":[{"href":"https:\/\/ecosdelsur.com\/index.php?rest_route=\/wp\/v2\/types\/post"}],"author":[{"embeddable":true,"href":"https:\/\/ecosdelsur.com\/index.php?rest_route=\/wp\/v2\/users\/8"}],"replies":[{"embeddable":true,"href":"https:\/\/ecosdelsur.com\/index.php?rest_route=%2Fwp%2Fv2%2Fcomments&post=47546"}],"version-history":[{"count":1,"href":"https:\/\/ecosdelsur.com\/index.php?rest_route=\/wp\/v2\/posts\/47546\/revisions"}],"predecessor-version":[{"id":47548,"href":"https:\/\/ecosdelsur.com\/index.php?rest_route=\/wp\/v2\/posts\/47546\/revisions\/47548"}],"wp:featuredmedia":[{"embeddable":true,"href":"https:\/\/ecosdelsur.com\/index.php?rest_route=\/wp\/v2\/media\/47547"}],"wp:attachment":[{"href":"https:\/\/ecosdelsur.com\/index.php?rest_route=%2Fwp%2Fv2%2Fmedia&parent=47546"}],"wp:term":[{"taxonomy":"category","embeddable":true,"href":"https:\/\/ecosdelsur.com\/index.php?rest_route=%2Fwp%2Fv2%2Fcategories&post=47546"},{"taxonomy":"post_tag","embeddable":true,"href":"https:\/\/ecosdelsur.com\/index.php?rest_route=%2Fwp%2Fv2%2Ftags&post=47546"}],"curies":[{"name":"wp","href":"https:\/\/api.w.org\/{rel}","templated":true}]}}