{"id":47490,"date":"2026-08-30T19:36:22","date_gmt":"2026-08-30T22:36:22","guid":{"rendered":"https:\/\/ecosdelsur.com\/?p=47490"},"modified":"2026-08-30T19:36:22","modified_gmt":"2026-08-30T22:36:22","slug":"presentaron-y-entregaron-libros-para-fortalecer-la-alfabetizacion-inicial-en-puerto-santa-cruz","status":"publish","type":"post","link":"https:\/\/ecosdelsur.com\/?p=47490","title":{"rendered":"Presentaron y entregaron libros para fortalecer la alfabetizaci\u00f3n inicial en Puerto Santa Cruz"},"content":{"rendered":"<p><span style=\"color: #ff0000;\">30 de Agosto 2026. <\/span>En el marco del Plan Provincial de Alfabetizaci\u00f3n &#8220;Plen@&#8221;, el Consejo Provincial de Educaci\u00f3n realiz\u00f3 la presentaci\u00f3n y entrega formal del nuevo material bibliogr\u00e1fico dise\u00f1ado espec\u00edficamente para estudiantes, docentes y familias del Nivel Inicial de Puerto Santa Cruz. Dicho evento tiene como fin fortalecer los cimientos del aprendizaje de las infancias.<\/p>\n<div class=\"redes mb-3\">\n<div class=\"d-flex flex-wrap justify-content-between align-items-center gap-3 my-2 mx-1\">\n<section class=\"ssi-block-main mb-5\">\n<div class=\"mb-2\">\n<div class=\"article-full\">\n<p>La jornada estuvo encabezada por el Intendente\u00a0<strong>Juan Manuel B\u00f3rquez<\/strong>; la coordinadora General de Nivel Inicial,\u00a0<strong>Daniela Brooks<\/strong>; la directora General de Educaci\u00f3n de J\u00f3venes y Adultos,\u00a0<strong>Carolina Charles<\/strong>; y la directora General Regional Zona Sursudoeste,\u00a0<strong>Mar\u00eda P\u00eda Morino<\/strong>, acompa\u00f1ados por equipos directivos, docentes y familias.<\/p>\n<h2>Fortalecimiento de los objetivos pedag\u00f3gicos<\/h2>\n<p>El objetivo principal de esta entrega es poner a disposici\u00f3n de la comunidad educativa\u00a0<strong>herramientas pedag\u00f3gicas<\/strong>\u00a0que unifiquen, orienten y gu\u00eden los procesos de ense\u00f1anza y aprendizaje de la lengua escrita tanto en las salas de jard\u00edn como en los hogares. Se busca asegurar que cada ni\u00f1o desarrolle el\u00a0<strong>lenguaje oral<\/strong>,\u00a0<strong>enriquezca su vocabulario<\/strong>,\u00a0<strong>escuche y comprenda textos<\/strong>, narre y explore la escritura con el acompa\u00f1amiento activo de adultos mediadores.<\/p>\n<p>De este modo, los materiales entregados permiten\u00a0<strong>saldar una deuda hist\u00f3rica<\/strong>\u00a0al articular una mirada compartida entre el Estado, la escuela y la familia, convirtiendo la alfabetizaci\u00f3n temprana en una\u00a0<strong>responsabilidad colectiva<\/strong>\u00a0que ampl\u00eda las oportunidades de acceso a la cultura escrita.<\/p>\n<figure class=\"ssi-inline-image my-3\"><img decoding=\"async\" class=\"img-fluid lazyload\" data-src=\"https:\/\/noticias.santacruz.gob.ar\/media\/ssigallery\/articulos\/26265\/inline\/Imagen_1.jpg\" alt=\"Presentaron y entregaron libros para fortalecer la alfabetizaci\u00f3n inicial en Puerto Santa Cruz\" src=\"data:image\/svg+xml;base64,PHN2ZyB3aWR0aD0iMSIgaGVpZ2h0PSIxIiB4bWxucz0iaHR0cDovL3d3dy53My5vcmcvMjAwMC9zdmciPjwvc3ZnPg==\" \/><\/figure>\n<h2>Un amplio material bibliogr\u00e1fico distribuido<\/h2>\n<p>La<strong>\u00a0propuesta pedag\u00f3gica\u00a0<\/strong>contempla un conjunto unificado de cinco t\u00edtulos dise\u00f1ados integralmente para los diferentes actores del proceso educativo:\u00a0&#8220;Alfabetizaci\u00f3n Temprana: Propuestas de trabajo para Sala de 4 a\u00f1os&#8221;;\u00a0&#8220;Alfabetizaci\u00f3n Temprana: Propuestas de trabajo para Sala de 5 a\u00f1os&#8221;; un recurso in\u00e9dito denominado\u00a0&#8220;Alfabetizaci\u00f3n Temprana: Propuestas de trabajo con las Familias&#8221;, pensado para integrar activamente al hogar en el desarrollo lector; y las obras literarias\u00a0&#8220;La casa de Oscarcito&#8221;\u00a0y\u00a0&#8220;En la casa de Nayeli&#8221;, destinadas a conformar el\u00a0<strong>acervo cultural\u00a0<\/strong>de la biblioteca de cada instituci\u00f3n educativa de la localidad.<\/p>\n<h2>Jardines e instituciones destinadas<\/h2>\n<p>Durante el acto, se convoc\u00f3 a los equipos directivos, docentes y representantes de las familias de Puerto Santa Cruz para hacer la entrega formal de los ejemplares. Las comunidades educativas beneficiadas que recibieron este valioso material para sus salas y bibliotecas fueron el\u00a0<strong>Jard\u00edn de Infantes N\u00b03 &#8220;Tamborcito de Tacuar\u00ed&#8221;;<\/strong>\u00a0el\u00a0<strong>Jard\u00edn de Infantes &#8220;Mar\u00eda Auxiliadora&#8221; y la Secci\u00f3n Anexa N\u00b02.<\/strong>\u00a0Las autoridades destacaron que la llegada de estas herramientas refuerza directamente el trabajo cotidiano de los docentes e incentiva la participaci\u00f3n de los padres y tutores en el camino lector de los ni\u00f1os.<\/p>\n<figure class=\"ssi-inline-image my-3\"><img decoding=\"async\" class=\"img-fluid lazyload\" data-src=\"https:\/\/noticias.santacruz.gob.ar\/media\/ssigallery\/articulos\/26265\/inline\/Imagen_2.JPG\" alt=\"Presentaron y entregaron libros para fortalecer la alfabetizaci\u00f3n inicial en Puerto Santa Cruz\" src=\"data:image\/svg+xml;base64,PHN2ZyB3aWR0aD0iMSIgaGVpZ2h0PSIxIiB4bWxucz0iaHR0cDovL3d3dy53My5vcmcvMjAwMC9zdmciPjwvc3ZnPg==\" \/><\/figure>\n<h2>Proyecciones y alianza estrat\u00e9gica por la educaci\u00f3n<\/h2>\n<p>La ceremonia cont\u00f3 adem\u00e1s con la proyecci\u00f3n de un video institucional con las palabras alusivas de\u00a0<strong>Daniela Brooks\u00a0<\/strong>y un mensaje especial de la Doctora\u00a0<strong>Celia Renata Rosemberg<\/strong>\u00a0\u2014investigadora principal del\u00a0<strong>CONICET<\/strong>\u00a0y especialista en lenguaje y desarrollo infantil\u2014, quien destac\u00f3 la solidez cient\u00edfica de la propuesta.<\/p>\n<p>Asimismo, se resalt\u00f3 que la provincia de Santa Cruz forma parte de la\u00a0<strong>Alianza Estrat\u00e9gica por la Alfabetizaci\u00f3n\u00a0<\/strong>en conjunto con la\u00a0<strong>Fundaci\u00f3n P\u00e9rez Companc<\/strong>,\u00a0<strong>Fundaci\u00f3n Natura,<\/strong>\u00a0<strong>CGC<\/strong>,\u00a0<strong>Latitud 45<\/strong>\u00a0y\u00a0<strong>PCR<\/strong>. Esta consolidaci\u00f3n del trabajo articulado entre el Estado provincial, el sector privado y la sociedad civil demuestra que cuando la comunidad se une, es posible construir un futuro con m\u00e1s\u00a0<strong>oportunidades, inclusi\u00f3n<\/strong> y libros para las primeras infancias.<\/p>\n<\/div>\n<\/div>\n<\/section>\n<aside class=\"ssi-block-side\">\n<aside class=\"a-gallery mt-2\">\n<div class=\"row g-3 ssigallery-frontend mt-3 row-cols-2 row-cols-sm-3 row-cols-md-3 row-cols-lg-4\">\n<div class=\"col-6 col-sm-4 col-md-4 col-lg-3 mt-0\"><a class=\"ssig-item\" href=\"https:\/\/noticias.santacruz.gob.ar\/media\/ssigallery\/articulos\/26265\/galeria\/260830-ENTREGA_DE_LIBROS_PSC__10_.JPG\" data-ssig=\"1\" data-caption=\"\" data-fancybox=\"ssigallery-article-26265\"><img decoding=\"async\" class=\"img-fluid rounded lazyload\" data-src=\"https:\/\/noticias.santacruz.gob.ar\/media\/ssigallery\/articulos\/26265\/galeria\/thumbs\/260830-ENTREGA_DE_LIBROS_PSC__10_.JPG\" alt=\"Presentaron y entregaron libros para fortalecer la alfabetizaci\u00f3n inicial en Puerto Santa Cruz\" src=\"data:image\/svg+xml;base64,PHN2ZyB3aWR0aD0iMSIgaGVpZ2h0PSIxIiB4bWxucz0iaHR0cDovL3d3dy53My5vcmcvMjAwMC9zdmciPjwvc3ZnPg==\" \/><\/a><\/div>\n<div class=\"col-6 col-sm-4 col-md-4 col-lg-3 mt-0\"><a class=\"ssig-item\" href=\"https:\/\/noticias.santacruz.gob.ar\/media\/ssigallery\/articulos\/26265\/galeria\/260830-ENTREGA_DE_LIBROS_PSC__4_.jpg\" data-ssig=\"1\" data-caption=\"\" data-fancybox=\"ssigallery-article-26265\"><img decoding=\"async\" class=\"img-fluid rounded lazyload\" data-src=\"https:\/\/noticias.santacruz.gob.ar\/media\/ssigallery\/articulos\/26265\/galeria\/thumbs\/260830-ENTREGA_DE_LIBROS_PSC__4_.jpg\" alt=\"Presentaron y entregaron libros para fortalecer la alfabetizaci\u00f3n inicial en Puerto Santa Cruz\" src=\"data:image\/svg+xml;base64,PHN2ZyB3aWR0aD0iMSIgaGVpZ2h0PSIxIiB4bWxucz0iaHR0cDovL3d3dy53My5vcmcvMjAwMC9zdmciPjwvc3ZnPg==\" \/><\/a><\/div>\n<div class=\"col-6 col-sm-4 col-md-4 col-lg-3 mt-0\"><a class=\"ssig-item\" href=\"https:\/\/noticias.santacruz.gob.ar\/media\/ssigallery\/articulos\/26265\/galeria\/260830-ENTREGA_DE_LIBROS_PSC__5_.jpg\" data-ssig=\"1\" data-caption=\"\" data-fancybox=\"ssigallery-article-26265\"><img decoding=\"async\" class=\"img-fluid rounded lazyload\" data-src=\"https:\/\/noticias.santacruz.gob.ar\/media\/ssigallery\/articulos\/26265\/galeria\/thumbs\/260830-ENTREGA_DE_LIBROS_PSC__5_.jpg\" alt=\"Presentaron y entregaron libros para fortalecer la alfabetizaci\u00f3n inicial en Puerto Santa Cruz\" src=\"data:image\/svg+xml;base64,PHN2ZyB3aWR0aD0iMSIgaGVpZ2h0PSIxIiB4bWxucz0iaHR0cDovL3d3dy53My5vcmcvMjAwMC9zdmciPjwvc3ZnPg==\" \/><\/a><\/div>\n<div class=\"col-6 col-sm-4 col-md-4 col-lg-3 mt-0\"><a class=\"ssig-item\" href=\"https:\/\/noticias.santacruz.gob.ar\/media\/ssigallery\/articulos\/26265\/galeria\/260830-ENTREGA_DE_LIBROS_PSC__7_.JPG\" data-ssig=\"1\" data-caption=\"\" data-fancybox=\"ssigallery-article-26265\"><img decoding=\"async\" class=\"img-fluid rounded lazyload\" data-src=\"https:\/\/noticias.santacruz.gob.ar\/media\/ssigallery\/articulos\/26265\/galeria\/thumbs\/260830-ENTREGA_DE_LIBROS_PSC__7_.JPG\" alt=\"Presentaron y entregaron libros para fortalecer la alfabetizaci\u00f3n inicial en Puerto Santa Cruz\" src=\"data:image\/svg+xml;base64,PHN2ZyB3aWR0aD0iMSIgaGVpZ2h0PSIxIiB4bWxucz0iaHR0cDovL3d3dy53My5vcmcvMjAwMC9zdmciPjwvc3ZnPg==\" \/><\/a><\/div>\n<\/div>\n<\/aside>\n<\/aside>\n<\/div>\n<\/div>\n","protected":false},"excerpt":{"rendered":"<p>30 de Agosto 2026. En el marco del Plan Provincial de Alfabetizaci\u00f3n &#8220;Plen@&#8221;, el Consejo Provincial de Educaci\u00f3n realiz\u00f3 la<\/p>\n","protected":false},"author":8,"featured_media":47491,"comment_status":"open","ping_status":"closed","sticky":false,"template":"","format":"standard","meta":{"footnotes":""},"categories":[89],"tags":[],"class_list":["post-47490","post","type-post","status-publish","format-standard","has-post-thumbnail","hentry","category-educacion"],"_links":{"self":[{"href":"https:\/\/ecosdelsur.com\/index.php?rest_route=\/wp\/v2\/posts\/47490","targetHints":{"allow":["GET"]}}],"collection":[{"href":"https:\/\/ecosdelsur.com\/index.php?rest_route=\/wp\/v2\/posts"}],"about":[{"href":"https:\/\/ecosdelsur.com\/index.php?rest_route=\/wp\/v2\/types\/post"}],"author":[{"embeddable":true,"href":"https:\/\/ecosdelsur.com\/index.php?rest_route=\/wp\/v2\/users\/8"}],"replies":[{"embeddable":true,"href":"https:\/\/ecosdelsur.com\/index.php?rest_route=%2Fwp%2Fv2%2Fcomments&post=47490"}],"version-history":[{"count":1,"href":"https:\/\/ecosdelsur.com\/index.php?rest_route=\/wp\/v2\/posts\/47490\/revisions"}],"predecessor-version":[{"id":47492,"href":"https:\/\/ecosdelsur.com\/index.php?rest_route=\/wp\/v2\/posts\/47490\/revisions\/47492"}],"wp:featuredmedia":[{"embeddable":true,"href":"https:\/\/ecosdelsur.com\/index.php?rest_route=\/wp\/v2\/media\/47491"}],"wp:attachment":[{"href":"https:\/\/ecosdelsur.com\/index.php?rest_route=%2Fwp%2Fv2%2Fmedia&parent=47490"}],"wp:term":[{"taxonomy":"category","embeddable":true,"href":"https:\/\/ecosdelsur.com\/index.php?rest_route=%2Fwp%2Fv2%2Fcategories&post=47490"},{"taxonomy":"post_tag","embeddable":true,"href":"https:\/\/ecosdelsur.com\/index.php?rest_route=%2Fwp%2Fv2%2Ftags&post=47490"}],"curies":[{"name":"wp","href":"https:\/\/api.w.org\/{rel}","templated":true}]}}