{"id":47487,"date":"2026-08-30T13:37:39","date_gmt":"2026-08-30T16:37:39","guid":{"rendered":"https:\/\/ecosdelsur.com\/?p=47487"},"modified":"2026-08-30T13:37:39","modified_gmt":"2026-08-30T16:37:39","slug":"bomberos-voluntarios-cerro-el-mes-de-las-infancias-con-una-jornada-de-juegos-y-diversion","status":"publish","type":"post","link":"https:\/\/ecosdelsur.com\/?p=47487","title":{"rendered":"Bomberos Voluntarios cerr\u00f3 el Mes de las Infancias con una jornada de juegos y diversi\u00f3n"},"content":{"rendered":"<p><span style=\"color: #ff0000;\">30 de Agosto 2026. <\/span>La Municipalidad de Caleta Olivia contin\u00faa acompa\u00f1ando las propuestas que generan espacios de encuentro para las familias de la comunidad. En este marco, el Cuartel de Bomberos Voluntarios 2 de Junio fue escenario de una celebraci\u00f3n especial para cerrar el Mes de las Infancias, con una importante concurrencia de vecinos, familias y representantes de distintas \u00e1reas municipales que compartieron una tarde de juegos, sorteos y entretenimiento.<\/p>\n<p>El festejo cont\u00f3 con el acompa\u00f1amiento de la Supervisi\u00f3n de Turismo, dependiente de la Secretar\u00eda de Gobierno, y la participaci\u00f3n de diferentes secretar\u00edas y \u00e1reas municipales que se sumaron a la propuesta para acompa\u00f1ar a las familias y a los m\u00e1s peque\u00f1os.<\/p>\n<p>Entre las actividades, el equipo de Turismo estuvo presente con sus cascos de realidad virtual, una propuesta que permiti\u00f3 a ni\u00f1os, j\u00f3venes y adultos acercarse de una manera diferente al conocimiento de la fauna de la zona patag\u00f3nica, combinando entretenimiento y aprendizaje.<\/p>\n<figure class=\"wp-block-image size-large\"><img decoding=\"async\" class=\"wp-image-21776 lazyload\" data-src=\"https:\/\/caletaolivia.gov.ar\/wp-content\/uploads\/2026\/08\/2-10-1024x576.jpg\" data-sizes=\"(max-width: 1024px) 100vw, 1024px\" data-srcset=\"https:\/\/caletaolivia.gov.ar\/wp-content\/uploads\/2026\/08\/2-10-1024x576.jpg 1024w, https:\/\/caletaolivia.gov.ar\/wp-content\/uploads\/2026\/08\/2-10-300x169.jpg 300w, https:\/\/caletaolivia.gov.ar\/wp-content\/uploads\/2026\/08\/2-10-768x432.jpg 768w, https:\/\/caletaolivia.gov.ar\/wp-content\/uploads\/2026\/08\/2-10-1536x864.jpg 1536w, https:\/\/caletaolivia.gov.ar\/wp-content\/uploads\/2026\/08\/2-10.jpg 1600w\" alt=\"\" width=\"1024\" height=\"576\" src=\"data:image\/svg+xml;base64,PHN2ZyB3aWR0aD0iMSIgaGVpZ2h0PSIxIiB4bWxucz0iaHR0cDovL3d3dy53My5vcmcvMjAwMC9zdmciPjwvc3ZnPg==\" style=\"--smush-placeholder-width: 1024px; --smush-placeholder-aspect-ratio: 1024\/576;\" \/><\/figure>\n<p>La celebraci\u00f3n tambi\u00e9n cont\u00f3 con juegos, sorteos y diferentes propuestas recreativas, generando un espacio de encuentro donde las familias pudieron disfrutar y compartir el cierre de un mes dedicado especialmente a las infancias.<\/p>\n<p>El presidente de Bomberos Voluntarios, Segundo Rodr\u00edguez, destac\u00f3 la convocatoria, \u201cEstamos muy contentos por poder realizar este festejo y cerrar el Mes de las Infancias de esta manera, compartiendo con los vecinos y las familias. Tener el cuartel lleno de chicos, juegos, sorteos y alegr\u00eda realmente nos pone muy felices\u201d, expres\u00f3.<\/p>\n<p>Rodr\u00edguez tambi\u00e9n agradeci\u00f3 el acompa\u00f1amiento del intendente Pablo Carrizo y de las distintas \u00e1reas municipale, \u201cQueremos agradecer al intendente por el acompa\u00f1amiento y a todas las secretar\u00edas y \u00e1reas del Municipio que se hicieron presentes y aportaron para que esta celebraci\u00f3n pudiera realizarse. El trabajo conjunto hace posible generar estos espacios para nuestros chicos\u201d, se\u00f1al\u00f3.<\/p>\n<figure class=\"wp-block-image size-large\"><img decoding=\"async\" class=\"wp-image-21775 lazyload\" data-src=\"https:\/\/caletaolivia.gov.ar\/wp-content\/uploads\/2026\/08\/1-9-1024x576.jpg\" data-sizes=\"(max-width: 1024px) 100vw, 1024px\" data-srcset=\"https:\/\/caletaolivia.gov.ar\/wp-content\/uploads\/2026\/08\/1-9-1024x576.jpg 1024w, https:\/\/caletaolivia.gov.ar\/wp-content\/uploads\/2026\/08\/1-9-300x169.jpg 300w, https:\/\/caletaolivia.gov.ar\/wp-content\/uploads\/2026\/08\/1-9-768x432.jpg 768w, https:\/\/caletaolivia.gov.ar\/wp-content\/uploads\/2026\/08\/1-9-1536x864.jpg 1536w, https:\/\/caletaolivia.gov.ar\/wp-content\/uploads\/2026\/08\/1-9.jpg 1600w\" alt=\"\" width=\"1024\" height=\"576\" src=\"data:image\/svg+xml;base64,PHN2ZyB3aWR0aD0iMSIgaGVpZ2h0PSIxIiB4bWxucz0iaHR0cDovL3d3dy53My5vcmcvMjAwMC9zdmciPjwvc3ZnPg==\" style=\"--smush-placeholder-width: 1024px; --smush-placeholder-aspect-ratio: 1024\/576;\" \/><\/figure>\n<p>Por su parte, la participaci\u00f3n de Turismo permiti\u00f3 sumar una propuesta educativa a la celebraci\u00f3n, acercando a las familias herramientas para conocer y valorar la fauna caracter\u00edstica de la Patagonia.<\/p>\n<p>De esta manera, Bomberos Voluntarios 2 de Junio, el Municipio y diferentes instituciones compartieron una tarde especial que permiti\u00f3 cerrar el Mes de las Infancias con alegr\u00eda, participaci\u00f3n y actividades pensadas para disfrutar en familia.<\/p>\n","protected":false},"excerpt":{"rendered":"<p>30 de Agosto 2026. La Municipalidad de Caleta Olivia contin\u00faa acompa\u00f1ando las propuestas que generan espacios de encuentro para las<\/p>\n","protected":false},"author":8,"featured_media":47488,"comment_status":"open","ping_status":"closed","sticky":false,"template":"","format":"standard","meta":{"footnotes":""},"categories":[1185],"tags":[],"class_list":["post-47487","post","type-post","status-publish","format-standard","has-post-thumbnail","hentry","category-comunicaciones-y-medios"],"_links":{"self":[{"href":"https:\/\/ecosdelsur.com\/index.php?rest_route=\/wp\/v2\/posts\/47487","targetHints":{"allow":["GET"]}}],"collection":[{"href":"https:\/\/ecosdelsur.com\/index.php?rest_route=\/wp\/v2\/posts"}],"about":[{"href":"https:\/\/ecosdelsur.com\/index.php?rest_route=\/wp\/v2\/types\/post"}],"author":[{"embeddable":true,"href":"https:\/\/ecosdelsur.com\/index.php?rest_route=\/wp\/v2\/users\/8"}],"replies":[{"embeddable":true,"href":"https:\/\/ecosdelsur.com\/index.php?rest_route=%2Fwp%2Fv2%2Fcomments&post=47487"}],"version-history":[{"count":1,"href":"https:\/\/ecosdelsur.com\/index.php?rest_route=\/wp\/v2\/posts\/47487\/revisions"}],"predecessor-version":[{"id":47489,"href":"https:\/\/ecosdelsur.com\/index.php?rest_route=\/wp\/v2\/posts\/47487\/revisions\/47489"}],"wp:featuredmedia":[{"embeddable":true,"href":"https:\/\/ecosdelsur.com\/index.php?rest_route=\/wp\/v2\/media\/47488"}],"wp:attachment":[{"href":"https:\/\/ecosdelsur.com\/index.php?rest_route=%2Fwp%2Fv2%2Fmedia&parent=47487"}],"wp:term":[{"taxonomy":"category","embeddable":true,"href":"https:\/\/ecosdelsur.com\/index.php?rest_route=%2Fwp%2Fv2%2Fcategories&post=47487"},{"taxonomy":"post_tag","embeddable":true,"href":"https:\/\/ecosdelsur.com\/index.php?rest_route=%2Fwp%2Fv2%2Ftags&post=47487"}],"curies":[{"name":"wp","href":"https:\/\/api.w.org\/{rel}","templated":true}]}}