{"id":47484,"date":"2026-08-30T13:35:53","date_gmt":"2026-08-30T16:35:53","guid":{"rendered":"https:\/\/ecosdelsur.com\/?p=47484"},"modified":"2026-08-30T13:35:53","modified_gmt":"2026-08-30T16:35:53","slug":"encuentro-y-diversion-en-el-rotary-23-por-el-mes-de-las-infancias","status":"publish","type":"post","link":"https:\/\/ecosdelsur.com\/?p=47484","title":{"rendered":"Encuentro y diversi\u00f3n en el Rotary 23 por el mes de las infancias"},"content":{"rendered":"<p><span style=\"color: #ff0000;\">30 de Agosto 2026. <\/span>La Municipalidad de Caleta Olivia contin\u00faa acompa\u00f1ando las propuestas comunitarias que generan espacios de encuentro para las familias. En este marco, el barrio Rotary 23 vivi\u00f3 una jornada especial por el Mes de las Infancias, con una gran participaci\u00f3n de vecinos del sector y zonas aleda\u00f1as que se acercaron para disfrutar de juegos, sorteos y diferentes propuestas recreativas.<\/p>\n<p>La celebraci\u00f3n fue organizada por referentes del Merendero 11 de Noviembre, junto a diferentes entidades y con el acompa\u00f1amiento de distintas \u00e1reas y por la Secretaria de Estrategia y Gesti\u00f3n Operativa de Caleta Olivia.<\/p>\n<figure class=\"wp-block-image size-large\"><img decoding=\"async\" class=\"wp-image-21770 lazyload\" data-src=\"https:\/\/caletaolivia.gov.ar\/wp-content\/uploads\/2026\/08\/1-8-1024x576.jpg\" data-sizes=\"(max-width: 1024px) 100vw, 1024px\" data-srcset=\"https:\/\/caletaolivia.gov.ar\/wp-content\/uploads\/2026\/08\/1-8-1024x576.jpg 1024w, https:\/\/caletaolivia.gov.ar\/wp-content\/uploads\/2026\/08\/1-8-300x169.jpg 300w, https:\/\/caletaolivia.gov.ar\/wp-content\/uploads\/2026\/08\/1-8-768x432.jpg 768w, https:\/\/caletaolivia.gov.ar\/wp-content\/uploads\/2026\/08\/1-8-1536x864.jpg 1536w, https:\/\/caletaolivia.gov.ar\/wp-content\/uploads\/2026\/08\/1-8.jpg 1600w\" alt=\"\" width=\"1024\" height=\"576\" src=\"data:image\/svg+xml;base64,PHN2ZyB3aWR0aD0iMSIgaGVpZ2h0PSIxIiB4bWxucz0iaHR0cDovL3d3dy53My5vcmcvMjAwMC9zdmciPjwvc3ZnPg==\" style=\"--smush-placeholder-width: 1024px; --smush-placeholder-aspect-ratio: 1024\/576;\" \/><\/figure>\n<p>Durante la jornada, las familias pudieron compartir una tarde al aire libre, donde los ni\u00f1os y ni\u00f1as fueron protagonistas de las diferentes actividades, participando de juegos, sorteos y propuestas pensadas especialmente para ellos. Adem\u00e1s, el clima acompa\u00f1\u00f3 el desarrollo del encuentro y permiti\u00f3 disfrutar plenamente del espacio p\u00fablico.<\/p>\n<p>Una de las referentes, Mar\u00eda Vidal destac\u00f3 la respuesta de la comunidad, \u201cEstamos muy felices por la gran concurrencia de los vecinos del barrio y de las zonas aleda\u00f1as. Ver a las familias participando, jugando y disfrutando de esta jornada es algo muy lindo para nosotros\u201d, expres\u00f3.<\/p>\n<figure class=\"wp-block-image size-large\"><img decoding=\"async\" class=\"wp-image-21772 lazyload\" data-src=\"https:\/\/caletaolivia.gov.ar\/wp-content\/uploads\/2026\/08\/3-10-1024x576.jpg\" data-sizes=\"(max-width: 1024px) 100vw, 1024px\" data-srcset=\"https:\/\/caletaolivia.gov.ar\/wp-content\/uploads\/2026\/08\/3-10-1024x576.jpg 1024w, https:\/\/caletaolivia.gov.ar\/wp-content\/uploads\/2026\/08\/3-10-300x169.jpg 300w, https:\/\/caletaolivia.gov.ar\/wp-content\/uploads\/2026\/08\/3-10-768x432.jpg 768w, https:\/\/caletaolivia.gov.ar\/wp-content\/uploads\/2026\/08\/3-10-1536x864.jpg 1536w, https:\/\/caletaolivia.gov.ar\/wp-content\/uploads\/2026\/08\/3-10.jpg 1600w\" alt=\"\" width=\"1024\" height=\"576\" src=\"data:image\/svg+xml;base64,PHN2ZyB3aWR0aD0iMSIgaGVpZ2h0PSIxIiB4bWxucz0iaHR0cDovL3d3dy53My5vcmcvMjAwMC9zdmciPjwvc3ZnPg==\" style=\"--smush-placeholder-width: 1024px; --smush-placeholder-aspect-ratio: 1024\/576;\" \/><\/figure>\n<p>La referente del merendero tambi\u00e9n agradeci\u00f3 el acompa\u00f1amiento del intendente y de las distintas entidades que se sumaron a la iniciativa, \u201cQuiero agradecer a Pablo Carrizo por acompa\u00f1arnos, a todas las entidades que se sumaron y a las diferentes \u00e1reas y secretar\u00edas del Municipio que fueron parte de esta propuesta. Cada aporte hace posible que podamos generar una jornada as\u00ed para nuestros ni\u00f1os y ni\u00f1as\u201d, se\u00f1al\u00f3.<\/p>\n<figure class=\"wp-block-image size-large\"><img decoding=\"async\" class=\"wp-image-21771 lazyload\" data-src=\"https:\/\/caletaolivia.gov.ar\/wp-content\/uploads\/2026\/08\/2-9-1024x576.jpg\" data-sizes=\"(max-width: 1024px) 100vw, 1024px\" data-srcset=\"https:\/\/caletaolivia.gov.ar\/wp-content\/uploads\/2026\/08\/2-9-1024x576.jpg 1024w, https:\/\/caletaolivia.gov.ar\/wp-content\/uploads\/2026\/08\/2-9-300x169.jpg 300w, https:\/\/caletaolivia.gov.ar\/wp-content\/uploads\/2026\/08\/2-9-768x432.jpg 768w, https:\/\/caletaolivia.gov.ar\/wp-content\/uploads\/2026\/08\/2-9-1536x864.jpg 1536w, https:\/\/caletaolivia.gov.ar\/wp-content\/uploads\/2026\/08\/2-9.jpg 1600w\" alt=\"\" width=\"1024\" height=\"576\" src=\"data:image\/svg+xml;base64,PHN2ZyB3aWR0aD0iMSIgaGVpZ2h0PSIxIiB4bWxucz0iaHR0cDovL3d3dy53My5vcmcvMjAwMC9zdmciPjwvc3ZnPg==\" style=\"--smush-placeholder-width: 1024px; --smush-placeholder-aspect-ratio: 1024\/576;\" \/><\/figure>\n<p>El encuentro permiti\u00f3 cerrar el Mes de las Infancias con una propuesta comunitaria que reuni\u00f3 a familias, organizaciones y representantes municipales, \u201cLo m\u00e1s importante es poder compartir, encontrarnos y regalarles a los m\u00e1s peque\u00f1os una tarde diferente. Estamos muy agradecidos con todos los que se acercaron y colaboraron\u201d, concluy\u00f3 Vidal.<\/p>\n","protected":false},"excerpt":{"rendered":"<p>30 de Agosto 2026. La Municipalidad de Caleta Olivia contin\u00faa acompa\u00f1ando las propuestas comunitarias que generan espacios de encuentro para<\/p>\n","protected":false},"author":8,"featured_media":47485,"comment_status":"open","ping_status":"closed","sticky":false,"template":"","format":"standard","meta":{"footnotes":""},"categories":[1185],"tags":[],"class_list":["post-47484","post","type-post","status-publish","format-standard","has-post-thumbnail","hentry","category-comunicaciones-y-medios"],"_links":{"self":[{"href":"https:\/\/ecosdelsur.com\/index.php?rest_route=\/wp\/v2\/posts\/47484","targetHints":{"allow":["GET"]}}],"collection":[{"href":"https:\/\/ecosdelsur.com\/index.php?rest_route=\/wp\/v2\/posts"}],"about":[{"href":"https:\/\/ecosdelsur.com\/index.php?rest_route=\/wp\/v2\/types\/post"}],"author":[{"embeddable":true,"href":"https:\/\/ecosdelsur.com\/index.php?rest_route=\/wp\/v2\/users\/8"}],"replies":[{"embeddable":true,"href":"https:\/\/ecosdelsur.com\/index.php?rest_route=%2Fwp%2Fv2%2Fcomments&post=47484"}],"version-history":[{"count":1,"href":"https:\/\/ecosdelsur.com\/index.php?rest_route=\/wp\/v2\/posts\/47484\/revisions"}],"predecessor-version":[{"id":47486,"href":"https:\/\/ecosdelsur.com\/index.php?rest_route=\/wp\/v2\/posts\/47484\/revisions\/47486"}],"wp:featuredmedia":[{"embeddable":true,"href":"https:\/\/ecosdelsur.com\/index.php?rest_route=\/wp\/v2\/media\/47485"}],"wp:attachment":[{"href":"https:\/\/ecosdelsur.com\/index.php?rest_route=%2Fwp%2Fv2%2Fmedia&parent=47484"}],"wp:term":[{"taxonomy":"category","embeddable":true,"href":"https:\/\/ecosdelsur.com\/index.php?rest_route=%2Fwp%2Fv2%2Fcategories&post=47484"},{"taxonomy":"post_tag","embeddable":true,"href":"https:\/\/ecosdelsur.com\/index.php?rest_route=%2Fwp%2Fv2%2Ftags&post=47484"}],"curies":[{"name":"wp","href":"https:\/\/api.w.org\/{rel}","templated":true}]}}