{"id":47477,"date":"2026-08-30T13:32:35","date_gmt":"2026-08-30T16:32:35","guid":{"rendered":"https:\/\/ecosdelsur.com\/?p=47477"},"modified":"2026-08-30T13:32:35","modified_gmt":"2026-08-30T16:32:35","slug":"el-cic-17-de-octubre-celebro-el-mes-de-las-infancias","status":"publish","type":"post","link":"https:\/\/ecosdelsur.com\/?p=47477","title":{"rendered":"El CIC 17 de Octubre celebr\u00f3 el Mes de las Infancias"},"content":{"rendered":"<p><span style=\"color: #ff0000;\">30 de Agosto 2026. <\/span>La Municipalidad de Caleta Olivia contin\u00faa generando espacios de encuentro y recreaci\u00f3n para las familias de los distintos barrios. En este marco, el CIC 17 de Octubre llev\u00f3 adelante una jornada especial por el Mes de las Infancias, que convoc\u00f3 a vecinos del barrio y de sectores aleda\u00f1os que se acercaron en familia para disfrutar de una tarde con juegos, sorteos, propuestas recreativas y diferentes actividades.<\/p>\n<p>La celebraci\u00f3n fue organizada por el CIC 17 de Octubre, dependiente de la Secretar\u00eda de Desarrollo Social, con una propuesta pensada especialmente para que ni\u00f1os y ni\u00f1as pudieran disfrutar de su d\u00eda junto a sus familias, compartiendo un espacio de encuentro comunitario.<\/p>\n<p>La coordinadora del CIC, Soledad Ortega, expres\u00f3 su alegr\u00eda por la respuesta de la comunidad, \u201cEstamos muy felices por la convocatoria que tuvimos. Se acercaron muchos vecinos del barrio 17 de Octubre y tambi\u00e9n de zonas aleda\u00f1as, y lo m\u00e1s lindo es ver a las familias disfrutando juntas de esta jornada\u201d, manifest\u00f3.<\/p>\n<figure class=\"wp-block-image size-large\"><img decoding=\"async\" class=\"wp-image-21757 lazyload\" data-src=\"https:\/\/caletaolivia.gov.ar\/wp-content\/uploads\/2026\/08\/3-8-1024x576.jpg\" data-sizes=\"(max-width: 1024px) 100vw, 1024px\" data-srcset=\"https:\/\/caletaolivia.gov.ar\/wp-content\/uploads\/2026\/08\/3-8-1024x576.jpg 1024w, https:\/\/caletaolivia.gov.ar\/wp-content\/uploads\/2026\/08\/3-8-300x169.jpg 300w, https:\/\/caletaolivia.gov.ar\/wp-content\/uploads\/2026\/08\/3-8-768x432.jpg 768w, https:\/\/caletaolivia.gov.ar\/wp-content\/uploads\/2026\/08\/3-8-1536x864.jpg 1536w, https:\/\/caletaolivia.gov.ar\/wp-content\/uploads\/2026\/08\/3-8.jpg 1600w\" alt=\"\" width=\"1024\" height=\"576\" src=\"data:image\/svg+xml;base64,PHN2ZyB3aWR0aD0iMSIgaGVpZ2h0PSIxIiB4bWxucz0iaHR0cDovL3d3dy53My5vcmcvMjAwMC9zdmciPjwvc3ZnPg==\" style=\"--smush-placeholder-width: 1024px; --smush-placeholder-aspect-ratio: 1024\/576;\" \/><\/figure>\n<p>Durante el encuentro se desarrollaron diferentes propuestas recreativas, con juegos, sorteos, comidas y actividades pensadas para los m\u00e1s peque\u00f1os, generando un espacio de diversi\u00f3n y participaci\u00f3n para todas las edades.<\/p>\n<p>Ortega destac\u00f3 adem\u00e1s el trabajo del equipo del CIC para llevar adelante esta celebraci\u00f3n, \u201cLa idea es que el CIC sea un espacio donde las familias puedan encontrarse, participar y disfrutar. Estas jornadas nos permiten compartir de otra manera con los vecinos y fortalecer los v\u00ednculos que vamos construyendo d\u00eda a d\u00eda\u201d, se\u00f1al\u00f3.<\/p>\n<p>La coordinadora tambi\u00e9n valor\u00f3 especialmente el acompa\u00f1amiento que le brindaron, \u201cAgradecemos much\u00edsimo a cada familia que se acerc\u00f3, porque sin ellos estas propuestas no tendr\u00edan el mismo sentido. Ver a los chicos jugar, participar y compartir con sus familias es lo que nos motiva a seguir generando este tipo de encuentros\u201d, agreg\u00f3.<\/p>\n<figure class=\"wp-block-image size-large\"><img decoding=\"async\" class=\"wp-image-21755 lazyload\" data-src=\"https:\/\/caletaolivia.gov.ar\/wp-content\/uploads\/2026\/08\/1-5-1024x576.jpg\" data-sizes=\"(max-width: 1024px) 100vw, 1024px\" data-srcset=\"https:\/\/caletaolivia.gov.ar\/wp-content\/uploads\/2026\/08\/1-5-1024x576.jpg 1024w, https:\/\/caletaolivia.gov.ar\/wp-content\/uploads\/2026\/08\/1-5-300x169.jpg 300w, https:\/\/caletaolivia.gov.ar\/wp-content\/uploads\/2026\/08\/1-5-768x432.jpg 768w, https:\/\/caletaolivia.gov.ar\/wp-content\/uploads\/2026\/08\/1-5-1536x864.jpg 1536w, https:\/\/caletaolivia.gov.ar\/wp-content\/uploads\/2026\/08\/1-5.jpg 1600w\" alt=\"\" width=\"1024\" height=\"576\" src=\"data:image\/svg+xml;base64,PHN2ZyB3aWR0aD0iMSIgaGVpZ2h0PSIxIiB4bWxucz0iaHR0cDovL3d3dy53My5vcmcvMjAwMC9zdmciPjwvc3ZnPg==\" style=\"--smush-placeholder-width: 1024px; --smush-placeholder-aspect-ratio: 1024\/576;\" \/><\/figure>\n<p>De esta manera, el CIC 17 de Octubre se sum\u00f3 a las celebraciones por el Mes de las Infancias, reafirmando su rol como espacio de encuentro, acompa\u00f1amiento y participaci\u00f3n para las familias del barrio y de toda la comunidad.<\/p>\n","protected":false},"excerpt":{"rendered":"<p>30 de Agosto 2026. La Municipalidad de Caleta Olivia contin\u00faa generando espacios de encuentro y recreaci\u00f3n para las familias de<\/p>\n","protected":false},"author":8,"featured_media":47478,"comment_status":"open","ping_status":"closed","sticky":false,"template":"","format":"standard","meta":{"footnotes":""},"categories":[1185],"tags":[],"class_list":["post-47477","post","type-post","status-publish","format-standard","has-post-thumbnail","hentry","category-comunicaciones-y-medios"],"_links":{"self":[{"href":"https:\/\/ecosdelsur.com\/index.php?rest_route=\/wp\/v2\/posts\/47477","targetHints":{"allow":["GET"]}}],"collection":[{"href":"https:\/\/ecosdelsur.com\/index.php?rest_route=\/wp\/v2\/posts"}],"about":[{"href":"https:\/\/ecosdelsur.com\/index.php?rest_route=\/wp\/v2\/types\/post"}],"author":[{"embeddable":true,"href":"https:\/\/ecosdelsur.com\/index.php?rest_route=\/wp\/v2\/users\/8"}],"replies":[{"embeddable":true,"href":"https:\/\/ecosdelsur.com\/index.php?rest_route=%2Fwp%2Fv2%2Fcomments&post=47477"}],"version-history":[{"count":1,"href":"https:\/\/ecosdelsur.com\/index.php?rest_route=\/wp\/v2\/posts\/47477\/revisions"}],"predecessor-version":[{"id":47479,"href":"https:\/\/ecosdelsur.com\/index.php?rest_route=\/wp\/v2\/posts\/47477\/revisions\/47479"}],"wp:featuredmedia":[{"embeddable":true,"href":"https:\/\/ecosdelsur.com\/index.php?rest_route=\/wp\/v2\/media\/47478"}],"wp:attachment":[{"href":"https:\/\/ecosdelsur.com\/index.php?rest_route=%2Fwp%2Fv2%2Fmedia&parent=47477"}],"wp:term":[{"taxonomy":"category","embeddable":true,"href":"https:\/\/ecosdelsur.com\/index.php?rest_route=%2Fwp%2Fv2%2Fcategories&post=47477"},{"taxonomy":"post_tag","embeddable":true,"href":"https:\/\/ecosdelsur.com\/index.php?rest_route=%2Fwp%2Fv2%2Ftags&post=47477"}],"curies":[{"name":"wp","href":"https:\/\/api.w.org\/{rel}","templated":true}]}}