{"id":47468,"date":"2026-08-30T13:25:36","date_gmt":"2026-08-30T16:25:36","guid":{"rendered":"https:\/\/ecosdelsur.com\/?p=47468"},"modified":"2026-08-30T13:25:36","modified_gmt":"2026-08-30T16:25:36","slug":"viva-barrio-en-caleta-olivia-el-iduv-brindo-atencion-a-mas-de-230-vecinos","status":"publish","type":"post","link":"https:\/\/ecosdelsur.com\/?p=47468","title":{"rendered":"Viva Barrio en Caleta Olivia: El IDUV brind\u00f3 atenci\u00f3n a m\u00e1s de 230 vecinos"},"content":{"rendered":"<p><span style=\"color: #ff0000;\">30 de Agosto 2026. <\/span>Como parte de la pol\u00edtica de presencia territorial impulsada por el gobernador Claudio Vidal, el Instituto de Desarrollo Urbano y Vivienda (IDUV) particip\u00f3 de una nueva jornada de Viva Barrio: Somos Comunidad, que se desarroll\u00f3 ayer s\u00e1bado en la Escuela Primaria Provincial N\u00b0 88 del barrio Rotary XXIII.<\/p>\n<div class=\"redes mb-3\">\n<div class=\"d-flex flex-wrap justify-content-between align-items-center gap-3 my-2 mx-1\">\n<p>Con una convocatoria que super\u00f3 las 500 personas en el establecimiento ubicado en Entre R\u00edos 2784, el Gobierno de Santa Cruz acerc\u00f3, de 14:00 a 20:00 horas, los servicios de m\u00e1s de quince organismos provinciales y municipales a las familias de la zona.<\/p>\n<p>En ese marco, el IDUV brind\u00f3 atenci\u00f3n personalizada durante toda la jornada con un balance altamente positivo.\u00a0<strong>M\u00e1s de 130 vecinos se acercaron a nuestro stand para solicitar requisitos de regularizaci\u00f3n por distintos motivos y planes, y m\u00e1s de 100 personas consultaron por la p\u00e1gina de inscripci\u00f3n online,<\/strong>\u00a0donde se despejaron dudas y se brind\u00f3 asistencia para completar la carga en el momento.<\/p>\n<p>Entre las gestiones m\u00e1s requeridas se destacaron los cambios de titularidad, verificaci\u00f3n de estado de deuda, refinanciaci\u00f3n o cancelaci\u00f3n total, regularizaci\u00f3n de planes extintos, tr\u00e1mite de t\u00edtulo de propiedad e informaci\u00f3n sobre la actualizaci\u00f3n masiva de septiembre de 2025.<\/p>\n<figure class=\"ssi-inline-image my-3\"><img decoding=\"async\" class=\"img-fluid lazyload\" data-src=\"https:\/\/noticias.santacruz.gob.ar\/media\/ssigallery\/articulos\/26264\/inline\/WhatsApp_Image_2026-08-29_at_11.22.57_PM__1_.jpeg\" alt=\"Viva Barrio en Caleta Olivia: El IDUV brind\u00f3 atenci\u00f3n a m\u00e1s de 230 vecinos\" src=\"data:image\/svg+xml;base64,PHN2ZyB3aWR0aD0iMSIgaGVpZ2h0PSIxIiB4bWxucz0iaHR0cDovL3d3dy53My5vcmcvMjAwMC9zdmciPjwvc3ZnPg==\" \/><\/figure>\n<p>La jornada cont\u00f3 con la participaci\u00f3n de Distrigas, SPSE, Consejo Agrario, Desarrollo Social, Trabajo, Salud, ISPRO, LOAS, Registro Civil, Poder Judicial, Polic\u00eda, Bomberos, Turismo, Caja de Servicios Sociales, Caja de Previsi\u00f3n y el Municipio local, entre otros.<\/p>\n<p>Por el Mes de la Infancia, el encuentro sum\u00f3 adem\u00e1s propuestas recreativas y culturales para toda la familia, con feria de productores y artesanos, y shows de bandas locales, escuelas de danzas y solistas. Uno de los momentos m\u00e1s esperados fue el sorteo impulsado por la Secretar\u00eda de Estado de Turismo, que a trav\u00e9s de actividades con los ni\u00f1os entreg\u00f3 numeritos para participar por un viaje.\u00a0<strong>El ganador podr\u00e1 elegir a elecci\u00f3n entre dos destinos: El Calafate o El Chalt\u00e9n, para un ni\u00f1o y dos adultos acompa\u00f1antes, con estad\u00eda, transporte y servicios incluidos, adem\u00e1s de regalos para los m\u00e1s chicos.<\/strong><\/p>\n<p>De esta manera, Viva Barrio se consolida como un espacio de encuentro entre el Estado y la comunidad, fortaleciendo el trabajo articulado entre los organismos provinciales y municipales para brindar respuestas concretas a las necesidades de los santacruce\u00f1os.<\/p>\n<\/div>\n<\/div>\n","protected":false},"excerpt":{"rendered":"<p>30 de Agosto 2026. Como parte de la pol\u00edtica de presencia territorial impulsada por el gobernador Claudio Vidal, el Instituto<\/p>\n","protected":false},"author":8,"featured_media":47469,"comment_status":"open","ping_status":"closed","sticky":false,"template":"","format":"standard","meta":{"footnotes":""},"categories":[1094],"tags":[],"class_list":["post-47468","post","type-post","status-publish","format-standard","has-post-thumbnail","hentry","category-gobierno"],"_links":{"self":[{"href":"https:\/\/ecosdelsur.com\/index.php?rest_route=\/wp\/v2\/posts\/47468","targetHints":{"allow":["GET"]}}],"collection":[{"href":"https:\/\/ecosdelsur.com\/index.php?rest_route=\/wp\/v2\/posts"}],"about":[{"href":"https:\/\/ecosdelsur.com\/index.php?rest_route=\/wp\/v2\/types\/post"}],"author":[{"embeddable":true,"href":"https:\/\/ecosdelsur.com\/index.php?rest_route=\/wp\/v2\/users\/8"}],"replies":[{"embeddable":true,"href":"https:\/\/ecosdelsur.com\/index.php?rest_route=%2Fwp%2Fv2%2Fcomments&post=47468"}],"version-history":[{"count":1,"href":"https:\/\/ecosdelsur.com\/index.php?rest_route=\/wp\/v2\/posts\/47468\/revisions"}],"predecessor-version":[{"id":47470,"href":"https:\/\/ecosdelsur.com\/index.php?rest_route=\/wp\/v2\/posts\/47468\/revisions\/47470"}],"wp:featuredmedia":[{"embeddable":true,"href":"https:\/\/ecosdelsur.com\/index.php?rest_route=\/wp\/v2\/media\/47469"}],"wp:attachment":[{"href":"https:\/\/ecosdelsur.com\/index.php?rest_route=%2Fwp%2Fv2%2Fmedia&parent=47468"}],"wp:term":[{"taxonomy":"category","embeddable":true,"href":"https:\/\/ecosdelsur.com\/index.php?rest_route=%2Fwp%2Fv2%2Fcategories&post=47468"},{"taxonomy":"post_tag","embeddable":true,"href":"https:\/\/ecosdelsur.com\/index.php?rest_route=%2Fwp%2Fv2%2Ftags&post=47468"}],"curies":[{"name":"wp","href":"https:\/\/api.w.org\/{rel}","templated":true}]}}