{"id":47465,"date":"2026-08-30T13:23:28","date_gmt":"2026-08-30T16:23:28","guid":{"rendered":"https:\/\/ecosdelsur.com\/?p=47465"},"modified":"2026-08-30T13:23:28","modified_gmt":"2026-08-30T16:23:28","slug":"el-estado-mas-cerca-viva-barrio-reunio-a-cientos-de-vecinos-en-caleta-olivia","status":"publish","type":"post","link":"https:\/\/ecosdelsur.com\/?p=47465","title":{"rendered":"El Estado m\u00e1s cerca: Viva Barrio reuni\u00f3 a cientos de vecinos en Caleta Olivia"},"content":{"rendered":"<p><span style=\"color: #ff0000;\">29 de Agosto 2026. <\/span>La ciudad de Caleta Olivia fue escenario este s\u00e1bado 29 de agosto de una nueva jornada de Viva Barrio, una propuesta impulsada por el Gobierno de Santa Cruz y acompa\u00f1ada por el gobernador\u00a0<strong>Claudio Vidal<\/strong>, que reuni\u00f3 a una gran cantidad de vecinos y familias en la Escuela Primaria Provincial N\u00b0 88 del barrio Rotary XXIII.<\/p>\n<div class=\"redes mb-3\">\n<div class=\"d-flex flex-wrap justify-content-between align-items-center gap-3 my-2 mx-1\">\n<section class=\"ssi-block-main mb-5\">\n<div class=\"mb-2\">\n<div class=\"article-full\">\n<p>La jornada permiti\u00f3 acercar\u00a0<strong>servicios, programas, tr\u00e1mites, actividades recreativas y propuestas culturales a la comunidad<\/strong>\u00a0en un mismo espacio. El encuentro cont\u00f3 con la presencia de la subsecretaria de Gobierno<strong>, Marcela Oviedo<\/strong>; el intendente de Caleta Olivia<strong>, Pablo Carrizo<\/strong>; y el secretario de Coordinaci\u00f3n de Gobierno,\u00a0<strong>Juan Carlos Ju\u00e1rez,<\/strong>\u00a0quienes acompa\u00f1aron el desarrollo de las distintas actividades y espacios de atenci\u00f3n.<\/p>\n<p>Durante la jornada participaron\u00a0<strong>Distrigas, Servicios P\u00fablicos Sociedad del Estado, Consejo Agrario Provincial, Desarrollo Social, Ministerio de Trabajo, Ministerio de Salud, ISPRO, LOAS, Registro Civil, Poder Judicial, Polic\u00eda de Santa Cruz, Bomberos, Instituto de Desarrollo Urbano y Vivienda (IDUV), Turismo, Caja de Servicios Sociales, Caja de Previsi\u00f3n Social y el Centro de Desarrollo Infantil<\/strong>, junto a las distintas\u00a0<strong>secretar\u00edas de la Municipalidad de Caleta Olivia<\/strong>.<\/p>\n<p>Cada organismo dispuso espacios de atenci\u00f3n, asesoramiento y acompa\u00f1amiento, permitiendo a los vecinos realizar\u00a0<strong>consultas, acceder a programas y gestionar diferentes tr\u00e1mites de manera directa<\/strong>, concentrando en un mismo lugar una amplia variedad de servicios.<\/p>\n<p>En paralelo, el equipo de salud del Ministerio de Salud de la Provincia llev\u00f3 adelante un abordaje territorial en el barrio, recorriendo las viviendas y acerc\u00e1ndose casa por casa, vecino por vecino. Durante estas recorridas se realizaron\u00a0<strong>controles y revisiones de salud, vacunaci\u00f3n<\/strong>\u00a0y distintas acciones de prevenci\u00f3n y atenci\u00f3n, fortaleciendo la presencia del Estado directamente en el territorio.<\/p>\n<p>Uno de los aspectos m\u00e1s valorados por los vecinos fue precisamente la posibilidad de encontrar distintos servicios en un mismo lugar. A trav\u00e9s de los testimonios recogidos durante la jornada, destacaron la importancia de contar con este tipo de propuestas y, especialmente, la posibilidad de acercarse un s\u00e1bado, lo que facilit\u00f3 la participaci\u00f3n de familias que durante los d\u00edas h\u00e1biles tienen mayores dificultades para realizar tr\u00e1mites y consultas.<\/p>\n<p>En el marco del\u00a0<strong>Mes de las Infancias<\/strong>, Viva Barrio tambi\u00e9n cont\u00f3 con diversas actividades recreativas y propuestas pensadas especialmente para\u00a0<strong>los m\u00e1s chicos y para disfrutar en familia<\/strong>. La jornada incluy\u00f3 sorteos y diferentes espacios de entretenimiento que acompa\u00f1aron el encuentro comunitario.<\/p>\n<p>La propuesta tambi\u00e9n cont\u00f3 con la participaci\u00f3n de artesanos locales, quienes pudieron exhibir sus productos y emprendimientos. A esto se sum\u00f3 una variada\u00a0<strong>propuesta art\u00edstica con bandas, solistas y grupos de danza<\/strong>, que aportaron m\u00fasica, cultura y entretenimiento a una jornada que tuvo una amplia participaci\u00f3n de la comunidad.<\/p>\n<p>La subsecretaria de Gobierno,\u00a0<strong>Marcela Oviedo<\/strong>, destac\u00f3 el desarrollo de la jornada y se\u00f1al\u00f3 que Viva Barrio\u00a0<strong>\u201cfue un verdadero \u00e9xito\u201d,<\/strong>\u00a0al tiempo que agradeci\u00f3 el acompa\u00f1amiento del gobernador\u00a0<strong>Claudio Vidal<\/strong>\u00a0para llevar adelante este tipo de iniciativas.<\/p>\n<p>Viva Barrio forma parte de una pol\u00edtica de presencia territorial que busca fortalecer el trabajo articulado entre los\u00a0<strong>organismos provinciales y los municipios<\/strong>, acercando el Estado a los barrios y generando espacios de atenci\u00f3n directa, encuentro y acompa\u00f1amiento para los vecinos. En esta oportunidad, la propuesta volvi\u00f3 a reunir\u00a0<strong>servicios, salud, tr\u00e1mites, cultura, emprendimientos y actividades familiares<\/strong>, consolid\u00e1ndose como un espacio de cercan\u00eda con la comunidad.<\/p>\n<\/div>\n<\/div>\n<\/section>\n<aside class=\"ssi-block-side\">\n<aside class=\"a-gallery mt-2\">\n<div class=\"row g-3 ssigallery-frontend mt-3 row-cols-2 row-cols-sm-3 row-cols-md-3 row-cols-lg-4\">\n<div class=\"col-6 col-sm-4 col-md-4 col-lg-3 mt-0\"><a class=\"ssig-item\" href=\"https:\/\/noticias.santacruz.gob.ar\/media\/ssigallery\/articulos\/26263\/galeria\/WhatsApp_Image_2026-08-29_at_10.37.18_PM.jpeg\" data-ssig=\"1\" data-caption=\"\" data-fancybox=\"ssigallery-article-26263\"><img decoding=\"async\" class=\"img-fluid rounded lazyload\" data-src=\"https:\/\/noticias.santacruz.gob.ar\/media\/ssigallery\/articulos\/26263\/galeria\/thumbs\/WhatsApp_Image_2026-08-29_at_10.37.18_PM.jpeg\" alt=\"El Estado m\u00e1s cerca: Viva Barrio reuni\u00f3 a cientos de vecinos en Caleta Olivia\" src=\"data:image\/svg+xml;base64,PHN2ZyB3aWR0aD0iMSIgaGVpZ2h0PSIxIiB4bWxucz0iaHR0cDovL3d3dy53My5vcmcvMjAwMC9zdmciPjwvc3ZnPg==\" \/><\/a><\/div>\n<div class=\"col-6 col-sm-4 col-md-4 col-lg-3 mt-0\"><a class=\"ssig-item\" href=\"https:\/\/noticias.santacruz.gob.ar\/media\/ssigallery\/articulos\/26263\/galeria\/WhatsApp_Image_2026-08-29_at_10.37.19_PM__1_.jpeg\" data-ssig=\"1\" data-caption=\"\" data-fancybox=\"ssigallery-article-26263\"><img decoding=\"async\" class=\"img-fluid rounded lazyload\" data-src=\"https:\/\/noticias.santacruz.gob.ar\/media\/ssigallery\/articulos\/26263\/galeria\/thumbs\/WhatsApp_Image_2026-08-29_at_10.37.19_PM__1_.jpeg\" alt=\"El Estado m\u00e1s cerca: Viva Barrio reuni\u00f3 a cientos de vecinos en Caleta Olivia\" src=\"data:image\/svg+xml;base64,PHN2ZyB3aWR0aD0iMSIgaGVpZ2h0PSIxIiB4bWxucz0iaHR0cDovL3d3dy53My5vcmcvMjAwMC9zdmciPjwvc3ZnPg==\" \/><\/a><\/div>\n<div class=\"col-6 col-sm-4 col-md-4 col-lg-3 mt-0\"><a class=\"ssig-item\" href=\"https:\/\/noticias.santacruz.gob.ar\/media\/ssigallery\/articulos\/26263\/galeria\/WhatsApp_Image_2026-08-29_at_10.37.19_PM__2_.jpeg\" data-ssig=\"1\" data-caption=\"\" data-fancybox=\"ssigallery-article-26263\"><img decoding=\"async\" class=\"img-fluid rounded lazyload\" data-src=\"https:\/\/noticias.santacruz.gob.ar\/media\/ssigallery\/articulos\/26263\/galeria\/thumbs\/WhatsApp_Image_2026-08-29_at_10.37.19_PM__2_.jpeg\" alt=\"El Estado m\u00e1s cerca: Viva Barrio reuni\u00f3 a cientos de vecinos en Caleta Olivia\" src=\"data:image\/svg+xml;base64,PHN2ZyB3aWR0aD0iMSIgaGVpZ2h0PSIxIiB4bWxucz0iaHR0cDovL3d3dy53My5vcmcvMjAwMC9zdmciPjwvc3ZnPg==\" \/><\/a><\/div>\n<div class=\"col-6 col-sm-4 col-md-4 col-lg-3 mt-0\"><a class=\"ssig-item\" href=\"https:\/\/noticias.santacruz.gob.ar\/media\/ssigallery\/articulos\/26263\/galeria\/WhatsApp_Image_2026-08-29_at_10.37.19_PM__3_.jpeg\" data-ssig=\"1\" data-caption=\"\" data-fancybox=\"ssigallery-article-26263\"><img decoding=\"async\" class=\"img-fluid rounded lazyload\" data-src=\"https:\/\/noticias.santacruz.gob.ar\/media\/ssigallery\/articulos\/26263\/galeria\/thumbs\/WhatsApp_Image_2026-08-29_at_10.37.19_PM__3_.jpeg\" alt=\"El Estado m\u00e1s cerca: Viva Barrio reuni\u00f3 a cientos de vecinos en Caleta Olivia\" src=\"data:image\/svg+xml;base64,PHN2ZyB3aWR0aD0iMSIgaGVpZ2h0PSIxIiB4bWxucz0iaHR0cDovL3d3dy53My5vcmcvMjAwMC9zdmciPjwvc3ZnPg==\" \/><\/a><\/div>\n<div class=\"col-6 col-sm-4 col-md-4 col-lg-3 mt-0\"><a class=\"ssig-item\" href=\"https:\/\/noticias.santacruz.gob.ar\/media\/ssigallery\/articulos\/26263\/galeria\/WhatsApp_Image_2026-08-29_at_10.37.19_PM__4_.jpeg\" data-ssig=\"1\" data-caption=\"\" data-fancybox=\"ssigallery-article-26263\"><img decoding=\"async\" class=\"img-fluid rounded lazyload\" data-src=\"https:\/\/noticias.santacruz.gob.ar\/media\/ssigallery\/articulos\/26263\/galeria\/thumbs\/WhatsApp_Image_2026-08-29_at_10.37.19_PM__4_.jpeg\" alt=\"El Estado m\u00e1s cerca: Viva Barrio reuni\u00f3 a cientos de vecinos en Caleta Olivia\" src=\"data:image\/svg+xml;base64,PHN2ZyB3aWR0aD0iMSIgaGVpZ2h0PSIxIiB4bWxucz0iaHR0cDovL3d3dy53My5vcmcvMjAwMC9zdmciPjwvc3ZnPg==\" \/><\/a><\/div>\n<div class=\"col-6 col-sm-4 col-md-4 col-lg-3 mt-0\"><a class=\"ssig-item\" href=\"https:\/\/noticias.santacruz.gob.ar\/media\/ssigallery\/articulos\/26263\/galeria\/WhatsApp_Image_2026-08-29_at_10.37.20_PM.jpeg\" data-ssig=\"1\" data-caption=\"\" data-fancybox=\"ssigallery-article-26263\"><img decoding=\"async\" class=\"img-fluid rounded lazyload\" data-src=\"https:\/\/noticias.santacruz.gob.ar\/media\/ssigallery\/articulos\/26263\/galeria\/thumbs\/WhatsApp_Image_2026-08-29_at_10.37.20_PM.jpeg\" alt=\"El Estado m\u00e1s cerca: Viva Barrio reuni\u00f3 a cientos de vecinos en Caleta Olivia\" src=\"data:image\/svg+xml;base64,PHN2ZyB3aWR0aD0iMSIgaGVpZ2h0PSIxIiB4bWxucz0iaHR0cDovL3d3dy53My5vcmcvMjAwMC9zdmciPjwvc3ZnPg==\" \/><\/a><\/div>\n<div class=\"col-6 col-sm-4 col-md-4 col-lg-3 mt-0\"><a class=\"ssig-item\" href=\"https:\/\/noticias.santacruz.gob.ar\/media\/ssigallery\/articulos\/26263\/galeria\/WhatsApp_Image_2026-08-29_at_10.37.20_PM__1_.jpeg\" data-ssig=\"1\" data-caption=\"\" data-fancybox=\"ssigallery-article-26263\"><img decoding=\"async\" class=\"img-fluid rounded lazyload\" data-src=\"https:\/\/noticias.santacruz.gob.ar\/media\/ssigallery\/articulos\/26263\/galeria\/thumbs\/WhatsApp_Image_2026-08-29_at_10.37.20_PM__1_.jpeg\" alt=\"El Estado m\u00e1s cerca: Viva Barrio reuni\u00f3 a cientos de vecinos en Caleta Olivia\" src=\"data:image\/svg+xml;base64,PHN2ZyB3aWR0aD0iMSIgaGVpZ2h0PSIxIiB4bWxucz0iaHR0cDovL3d3dy53My5vcmcvMjAwMC9zdmciPjwvc3ZnPg==\" \/><\/a><\/div>\n<div class=\"col-6 col-sm-4 col-md-4 col-lg-3 mt-0\"><a class=\"ssig-item\" href=\"https:\/\/noticias.santacruz.gob.ar\/media\/ssigallery\/articulos\/26263\/galeria\/WhatsApp_Image_2026-08-29_at_10.37.20_PM__2_.jpeg\" data-ssig=\"1\" data-caption=\"\" data-fancybox=\"ssigallery-article-26263\"><img decoding=\"async\" class=\"img-fluid rounded lazyload\" data-src=\"https:\/\/noticias.santacruz.gob.ar\/media\/ssigallery\/articulos\/26263\/galeria\/thumbs\/WhatsApp_Image_2026-08-29_at_10.37.20_PM__2_.jpeg\" alt=\"El Estado m\u00e1s cerca: Viva Barrio reuni\u00f3 a cientos de vecinos en Caleta Olivia\" src=\"data:image\/svg+xml;base64,PHN2ZyB3aWR0aD0iMSIgaGVpZ2h0PSIxIiB4bWxucz0iaHR0cDovL3d3dy53My5vcmcvMjAwMC9zdmciPjwvc3ZnPg==\" \/><\/a><\/div>\n<div class=\"col-6 col-sm-4 col-md-4 col-lg-3 mt-0\"><a class=\"ssig-item\" href=\"https:\/\/noticias.santacruz.gob.ar\/media\/ssigallery\/articulos\/26263\/galeria\/WhatsApp_Image_2026-08-29_at_10.37.20_PM__3_.jpeg\" data-ssig=\"1\" data-caption=\"\" data-fancybox=\"ssigallery-article-26263\"><img decoding=\"async\" class=\"img-fluid rounded lazyload\" data-src=\"https:\/\/noticias.santacruz.gob.ar\/media\/ssigallery\/articulos\/26263\/galeria\/thumbs\/WhatsApp_Image_2026-08-29_at_10.37.20_PM__3_.jpeg\" alt=\"El Estado m\u00e1s cerca: Viva Barrio reuni\u00f3 a cientos de vecinos en Caleta Olivia\" src=\"data:image\/svg+xml;base64,PHN2ZyB3aWR0aD0iMSIgaGVpZ2h0PSIxIiB4bWxucz0iaHR0cDovL3d3dy53My5vcmcvMjAwMC9zdmciPjwvc3ZnPg==\" \/><\/a><\/div>\n<div class=\"col-6 col-sm-4 col-md-4 col-lg-3 mt-0\"><a class=\"ssig-item\" href=\"https:\/\/noticias.santacruz.gob.ar\/media\/ssigallery\/articulos\/26263\/galeria\/WhatsApp_Image_2026-08-29_at_10.37.21_PM.jpeg\" data-ssig=\"1\" data-caption=\"\" data-fancybox=\"ssigallery-article-26263\"><img decoding=\"async\" class=\"img-fluid rounded lazyload\" data-src=\"https:\/\/noticias.santacruz.gob.ar\/media\/ssigallery\/articulos\/26263\/galeria\/thumbs\/WhatsApp_Image_2026-08-29_at_10.37.21_PM.jpeg\" alt=\"El Estado m\u00e1s cerca: Viva Barrio reuni\u00f3 a cientos de vecinos en Caleta Olivia\" src=\"data:image\/svg+xml;base64,PHN2ZyB3aWR0aD0iMSIgaGVpZ2h0PSIxIiB4bWxucz0iaHR0cDovL3d3dy53My5vcmcvMjAwMC9zdmciPjwvc3ZnPg==\" \/><\/a><\/div>\n<div class=\"col-6 col-sm-4 col-md-4 col-lg-3 mt-0\"><a class=\"ssig-item\" href=\"https:\/\/noticias.santacruz.gob.ar\/media\/ssigallery\/articulos\/26263\/galeria\/WhatsApp_Image_2026-08-29_at_10.37.21_PM__1_.jpeg\" data-ssig=\"1\" data-caption=\"\" data-fancybox=\"ssigallery-article-26263\"><img decoding=\"async\" class=\"img-fluid rounded lazyload\" data-src=\"https:\/\/noticias.santacruz.gob.ar\/media\/ssigallery\/articulos\/26263\/galeria\/thumbs\/WhatsApp_Image_2026-08-29_at_10.37.21_PM__1_.jpeg\" alt=\"El Estado m\u00e1s cerca: Viva Barrio reuni\u00f3 a cientos de vecinos en Caleta Olivia\" src=\"data:image\/svg+xml;base64,PHN2ZyB3aWR0aD0iMSIgaGVpZ2h0PSIxIiB4bWxucz0iaHR0cDovL3d3dy53My5vcmcvMjAwMC9zdmciPjwvc3ZnPg==\" \/><\/a><\/div>\n<\/div>\n<\/aside>\n<\/aside>\n<\/div>\n<\/div>\n","protected":false},"excerpt":{"rendered":"<p>29 de Agosto 2026. La ciudad de Caleta Olivia fue escenario este s\u00e1bado 29 de agosto de una nueva jornada<\/p>\n","protected":false},"author":8,"featured_media":47466,"comment_status":"open","ping_status":"closed","sticky":false,"template":"","format":"standard","meta":{"footnotes":""},"categories":[1094],"tags":[],"class_list":["post-47465","post","type-post","status-publish","format-standard","has-post-thumbnail","hentry","category-gobierno"],"_links":{"self":[{"href":"https:\/\/ecosdelsur.com\/index.php?rest_route=\/wp\/v2\/posts\/47465","targetHints":{"allow":["GET"]}}],"collection":[{"href":"https:\/\/ecosdelsur.com\/index.php?rest_route=\/wp\/v2\/posts"}],"about":[{"href":"https:\/\/ecosdelsur.com\/index.php?rest_route=\/wp\/v2\/types\/post"}],"author":[{"embeddable":true,"href":"https:\/\/ecosdelsur.com\/index.php?rest_route=\/wp\/v2\/users\/8"}],"replies":[{"embeddable":true,"href":"https:\/\/ecosdelsur.com\/index.php?rest_route=%2Fwp%2Fv2%2Fcomments&post=47465"}],"version-history":[{"count":1,"href":"https:\/\/ecosdelsur.com\/index.php?rest_route=\/wp\/v2\/posts\/47465\/revisions"}],"predecessor-version":[{"id":47467,"href":"https:\/\/ecosdelsur.com\/index.php?rest_route=\/wp\/v2\/posts\/47465\/revisions\/47467"}],"wp:featuredmedia":[{"embeddable":true,"href":"https:\/\/ecosdelsur.com\/index.php?rest_route=\/wp\/v2\/media\/47466"}],"wp:attachment":[{"href":"https:\/\/ecosdelsur.com\/index.php?rest_route=%2Fwp%2Fv2%2Fmedia&parent=47465"}],"wp:term":[{"taxonomy":"category","embeddable":true,"href":"https:\/\/ecosdelsur.com\/index.php?rest_route=%2Fwp%2Fv2%2Fcategories&post=47465"},{"taxonomy":"post_tag","embeddable":true,"href":"https:\/\/ecosdelsur.com\/index.php?rest_route=%2Fwp%2Fv2%2Ftags&post=47465"}],"curies":[{"name":"wp","href":"https:\/\/api.w.org\/{rel}","templated":true}]}}