{"id":41643,"date":"2026-05-03T02:39:01","date_gmt":"2026-05-03T05:39:01","guid":{"rendered":"https:\/\/ecosdelsur.com\/?p=41643"},"modified":"2026-05-03T02:39:05","modified_gmt":"2026-05-03T05:39:05","slug":"carta-abierta-de-un-policia-de-la-provincia-de-santa-cruz","status":"publish","type":"post","link":"https:\/\/ecosdelsur.com\/?p=41643","title":{"rendered":"Carta Abierta de un Polic\u00eda de la provincia de Santa Cruz"},"content":{"rendered":"<div class=\"itemToolbar2\">\n<p><span style=\"color: #ff0000;\">\u00a0<span class=\"itemDateCreated\">S\u00e1bado, 02 Mayo 2026 &#8211; <\/span><\/span>Estoy atravesando uno de los momentos m\u00e1s dif\u00edciles de mi vida. La situaci\u00f3n econ\u00f3mica me golpea con una fuerza que a veces parece imposible de soportar.<\/p>\n<\/div>\n<p>Me siento completamente desprotegido por el sistema al que pertenezco, un sistema que no permite errores y mucho menos pedir ayuda.<br \/>\nEn nuestro \u00e1mbito, reconocer que uno est\u00e1 mal suele interpretarse como una se\u00f1al de debilidad&#8230; Significa exponerse a medidas que lejos de ayudar, agravan a\u00fan m\u00e1s la situaci\u00f3n: la posibilidad de perder el arma reglamentaria, la reducci\u00f3n de horas de servicio y con ello una mayor vulnerabilidad econ\u00f3mica y emocional. Es una realidad que empuja a muchos al silencio, a\u00fan cuando por dentro est\u00e9n librando una batalla enorme.<br \/>\nLamentablemente, muchas veces pareciera que a algunos superiores les importa m\u00e1s mantener una gesti\u00f3n sin inconvenientes que el bienestar del personal a su cargo. El temor a ser se\u00f1alado, juzgado o descartado hace que muchos opten por callar. Y ese silencio, en ocasiones, puede resultar devastador.<br \/>\nHe conocido camaradas que sinti\u00e9ndose atrapados en un pozo del que cre\u00edan no poder salir, tomaron la decisi\u00f3n de quitarse la vida. Esa realidad duele y deber\u00eda interpelarnos a todos. Nadie deber\u00eda sentirse solo en sus momentos m\u00e1s oscuros.<br \/>\nHoy sigo adelante por mi familia son ellos quienes me sostienen cuando las fuerzas flaquean. Sin embargo, no niego que siento miedo, miedo de no poder salir adelante, de que la situaci\u00f3n econ\u00f3mica me sobrepase&#8230; Peleo cada d\u00eda, busco alternativas, me rebusco de mil maneras, pero la realidad es cada vez m\u00e1s dif\u00edcil&#8230;<br \/>\nIncluso generar ingresos extras se vuelve una lucha. Para realizar servicios adicionales se presentan obst\u00e1culos constantes, y trabajar en otra actividad fuera de la instituci\u00f3n muchas veces tampoco resulta una opci\u00f3n viable. Mientras tanto, el alquiler aumenta, los impuestos suben y llegar a fin de mes se convierte en una verdadera odisea.<br \/>\nNo quiero tomar decisiones desesperadas. Tengo una familia que me necesita, y a ellos me aferro, pero tambi\u00e9n siento la necesidad de expresar lo que muchos callan: en ocasiones, dentro de esta estructura uno siente que no es m\u00e1s que un n\u00famero de legajo.<br \/>\nA\u00fan as\u00ed, mantengo la fe. Creo en Dios y conf\u00edo en que vendr\u00e1n tiempos mejores.<br \/>\nEspero encontrar la fuerza necesaria para salir adelante, y deseo profundamente que quienes est\u00e9n atravesando situaciones similares sepan que no est\u00e1n solos.<\/p>\n","protected":false},"excerpt":{"rendered":"<p>\u00a0S\u00e1bado, 02 Mayo 2026 &#8211; Estoy atravesando uno de los momentos m\u00e1s dif\u00edciles de mi vida. La situaci\u00f3n econ\u00f3mica me<\/p>\n","protected":false},"author":8,"featured_media":41644,"comment_status":"open","ping_status":"closed","sticky":false,"template":"","format":"standard","meta":{"footnotes":""},"categories":[35],"tags":[],"class_list":["post-41643","post","type-post","status-publish","format-standard","has-post-thumbnail","hentry","category-sociedad"],"_links":{"self":[{"href":"https:\/\/ecosdelsur.com\/index.php?rest_route=\/wp\/v2\/posts\/41643","targetHints":{"allow":["GET"]}}],"collection":[{"href":"https:\/\/ecosdelsur.com\/index.php?rest_route=\/wp\/v2\/posts"}],"about":[{"href":"https:\/\/ecosdelsur.com\/index.php?rest_route=\/wp\/v2\/types\/post"}],"author":[{"embeddable":true,"href":"https:\/\/ecosdelsur.com\/index.php?rest_route=\/wp\/v2\/users\/8"}],"replies":[{"embeddable":true,"href":"https:\/\/ecosdelsur.com\/index.php?rest_route=%2Fwp%2Fv2%2Fcomments&post=41643"}],"version-history":[{"count":1,"href":"https:\/\/ecosdelsur.com\/index.php?rest_route=\/wp\/v2\/posts\/41643\/revisions"}],"predecessor-version":[{"id":41645,"href":"https:\/\/ecosdelsur.com\/index.php?rest_route=\/wp\/v2\/posts\/41643\/revisions\/41645"}],"wp:featuredmedia":[{"embeddable":true,"href":"https:\/\/ecosdelsur.com\/index.php?rest_route=\/wp\/v2\/media\/41644"}],"wp:attachment":[{"href":"https:\/\/ecosdelsur.com\/index.php?rest_route=%2Fwp%2Fv2%2Fmedia&parent=41643"}],"wp:term":[{"taxonomy":"category","embeddable":true,"href":"https:\/\/ecosdelsur.com\/index.php?rest_route=%2Fwp%2Fv2%2Fcategories&post=41643"},{"taxonomy":"post_tag","embeddable":true,"href":"https:\/\/ecosdelsur.com\/index.php?rest_route=%2Fwp%2Fv2%2Ftags&post=41643"}],"curies":[{"name":"wp","href":"https:\/\/api.w.org\/{rel}","templated":true}]}}