{"id":41633,"date":"2026-05-03T01:03:53","date_gmt":"2026-05-03T04:03:53","guid":{"rendered":"https:\/\/ecosdelsur.com\/?p=41633"},"modified":"2026-05-03T01:04:11","modified_gmt":"2026-05-03T04:04:11","slug":"a-44-anos-del-hundimiento-del-crucero-ara-general-belgrano-la-municipalidad-acompano-el-homenaje-a-los-heroes-de-malvinas","status":"publish","type":"post","link":"https:\/\/ecosdelsur.com\/?p=41633","title":{"rendered":"A 44 a\u00f1os del hundimiento del Crucero ARA General Belgrano, la Municipalidad acompa\u00f1\u00f3 el homenaje a los h\u00e9roes de Malvinas"},"content":{"rendered":"<header class=\"entry-header\"><span style=\"color: #ff0000; font-size: 16px;\">2 de mayo de 2026 &#8211; <\/span>La Municipalidad de Caleta Olivia acompa\u00f1\u00f3, este s\u00e1bado, el acto conmemorativo al cumplirse 44 a\u00f1os del hundimiento del Crucero ARA General Belgrano, uno de los hechos m\u00e1s dolorosos y recordados de la Guerra de Malvinas. La ceremonia tuvo lugar en el busto al Almirante Brown, emplazado sobre la costanera local, en un espacio cargado de simbolismo y memoria.<\/header>\n<div class=\"entry-content si-entry\">\n<figure class=\"wp-block-image size-large\"><img decoding=\"async\" class=\"wp-image-18525 lazyload\" data-src=\"https:\/\/caletaolivia.gov.ar\/wp-content\/uploads\/2026\/05\/1001689989-1024x768.jpg\" data-sizes=\"(max-width: 1024px) 100vw, 1024px\" data-srcset=\"https:\/\/caletaolivia.gov.ar\/wp-content\/uploads\/2026\/05\/1001689989-1024x768.jpg 1024w, https:\/\/caletaolivia.gov.ar\/wp-content\/uploads\/2026\/05\/1001689989-300x225.jpg 300w, https:\/\/caletaolivia.gov.ar\/wp-content\/uploads\/2026\/05\/1001689989-768x576.jpg 768w, https:\/\/caletaolivia.gov.ar\/wp-content\/uploads\/2026\/05\/1001689989-1536x1152.jpg 1536w, https:\/\/caletaolivia.gov.ar\/wp-content\/uploads\/2026\/05\/1001689989-2048x1536.jpg 2048w\" alt=\"\" width=\"1024\" height=\"768\" src=\"data:image\/svg+xml;base64,PHN2ZyB3aWR0aD0iMSIgaGVpZ2h0PSIxIiB4bWxucz0iaHR0cDovL3d3dy53My5vcmcvMjAwMC9zdmciPjwvc3ZnPg==\" style=\"--smush-placeholder-width: 1024px; --smush-placeholder-aspect-ratio: 1024\/768;\" \/><\/figure>\n<p>En representaci\u00f3n del Ejecutivo Municipal, el jefe de Gabinete, Mariano Mazzaglia, destac\u00f3 la importancia de mantener vivo el recuerdo de quienes combatieron y dieron su vida por la patria durante el conflicto del Atl\u00e1ntico Sur. \u201cHoy es un d\u00eda de inter\u00e9s nacional y es parte de recordar a todos los veteranos de lo que fue el conflicto en Malvinas y el hundimiento del General Belgrano. Es honrar a m\u00e1s de 300 personas que dejaron la vida por la patria\u201d, expres\u00f3 el funcionario.<\/p>\n<figure class=\"wp-block-image size-large\"><img decoding=\"async\" class=\"wp-image-18526 lazyload\" data-src=\"https:\/\/caletaolivia.gov.ar\/wp-content\/uploads\/2026\/05\/1001689979-1024x768.jpg\" data-sizes=\"(max-width: 1024px) 100vw, 1024px\" data-srcset=\"https:\/\/caletaolivia.gov.ar\/wp-content\/uploads\/2026\/05\/1001689979-1024x768.jpg 1024w, https:\/\/caletaolivia.gov.ar\/wp-content\/uploads\/2026\/05\/1001689979-300x225.jpg 300w, https:\/\/caletaolivia.gov.ar\/wp-content\/uploads\/2026\/05\/1001689979-768x576.jpg 768w, https:\/\/caletaolivia.gov.ar\/wp-content\/uploads\/2026\/05\/1001689979-1536x1152.jpg 1536w, https:\/\/caletaolivia.gov.ar\/wp-content\/uploads\/2026\/05\/1001689979-2048x1536.jpg 2048w\" alt=\"\" width=\"1024\" height=\"768\" src=\"data:image\/svg+xml;base64,PHN2ZyB3aWR0aD0iMSIgaGVpZ2h0PSIxIiB4bWxucz0iaHR0cDovL3d3dy53My5vcmcvMjAwMC9zdmciPjwvc3ZnPg==\" style=\"--smush-placeholder-width: 1024px; --smush-placeholder-aspect-ratio: 1024\/768;\" \/><\/figure>\n<p>Asimismo, Mazzaglia remarc\u00f3 que el hundimiento del crucero contin\u00faa siendo un hecho repudiado por haberse producido fuera de la zona de exclusi\u00f3n establecida durante la guerra. \u201cSeguir reclamando tambi\u00e9n eso es parte de recordar la entrega y el patriotismo que tuvieron por nuestro pa\u00eds\u201d, sostuvo.<\/p>\n<figure class=\"wp-block-image size-large\"><img decoding=\"async\" class=\"wp-image-18527 lazyload\" data-src=\"https:\/\/caletaolivia.gov.ar\/wp-content\/uploads\/2026\/05\/1001689992-1024x768.jpg\" data-sizes=\"(max-width: 1024px) 100vw, 1024px\" data-srcset=\"https:\/\/caletaolivia.gov.ar\/wp-content\/uploads\/2026\/05\/1001689992-1024x768.jpg 1024w, https:\/\/caletaolivia.gov.ar\/wp-content\/uploads\/2026\/05\/1001689992-300x225.jpg 300w, https:\/\/caletaolivia.gov.ar\/wp-content\/uploads\/2026\/05\/1001689992-768x576.jpg 768w, https:\/\/caletaolivia.gov.ar\/wp-content\/uploads\/2026\/05\/1001689992-1536x1152.jpg 1536w, https:\/\/caletaolivia.gov.ar\/wp-content\/uploads\/2026\/05\/1001689992-2048x1536.jpg 2048w\" alt=\"\" width=\"1024\" height=\"768\" src=\"data:image\/svg+xml;base64,PHN2ZyB3aWR0aD0iMSIgaGVpZ2h0PSIxIiB4bWxucz0iaHR0cDovL3d3dy53My5vcmcvMjAwMC9zdmciPjwvc3ZnPg==\" style=\"--smush-placeholder-width: 1024px; --smush-placeholder-aspect-ratio: 1024\/768;\" \/><\/figure>\n<p>Durante el acto, autoridades municipales realizaron la entrega de un presente a veteranos de guerra de Malvinas presentes en la ceremonia, en reconocimiento a su compromiso y servicio a la Naci\u00f3n. En ese sentido, el jefe de Gabinete valor\u00f3 la participaci\u00f3n de los excombatientes y se\u00f1al\u00f3 que \u201ccontar con la presencia de muchos veteranos y poder honrarlos hace que este sea el marco correspondiente para el reconocimiento\u201d.<\/p>\n<figure class=\"wp-block-image size-large\"><img decoding=\"async\" class=\"wp-image-18528 lazyload\" data-src=\"https:\/\/caletaolivia.gov.ar\/wp-content\/uploads\/2026\/05\/1001689990-1024x768.jpg\" data-sizes=\"(max-width: 1024px) 100vw, 1024px\" data-srcset=\"https:\/\/caletaolivia.gov.ar\/wp-content\/uploads\/2026\/05\/1001689990-1024x768.jpg 1024w, https:\/\/caletaolivia.gov.ar\/wp-content\/uploads\/2026\/05\/1001689990-300x225.jpg 300w, https:\/\/caletaolivia.gov.ar\/wp-content\/uploads\/2026\/05\/1001689990-768x576.jpg 768w, https:\/\/caletaolivia.gov.ar\/wp-content\/uploads\/2026\/05\/1001689990-1536x1152.jpg 1536w, https:\/\/caletaolivia.gov.ar\/wp-content\/uploads\/2026\/05\/1001689990-2048x1536.jpg 2048w\" alt=\"\" width=\"1024\" height=\"768\" src=\"data:image\/svg+xml;base64,PHN2ZyB3aWR0aD0iMSIgaGVpZ2h0PSIxIiB4bWxucz0iaHR0cDovL3d3dy53My5vcmcvMjAwMC9zdmciPjwvc3ZnPg==\" style=\"--smush-placeholder-width: 1024px; --smush-placeholder-aspect-ratio: 1024\/768;\" \/><\/figure>\n<p>Finalmente, destac\u00f3 el significado de realizar este homenaje frente al mar, en la costanera local. \u201cEstar aqu\u00ed refleja tambi\u00e9n lo que ellos tuvieron que padecer en aquel momento. Es la mejor manera de recordarlos y de mantener viva la memoria\u201d, concluy\u00f3.<\/p>\n<\/div>\n","protected":false},"excerpt":{"rendered":"<p>2 de mayo de 2026 &#8211; La Municipalidad de Caleta Olivia acompa\u00f1\u00f3, este s\u00e1bado, el acto conmemorativo al cumplirse 44<\/p>\n","protected":false},"author":8,"featured_media":41634,"comment_status":"open","ping_status":"closed","sticky":false,"template":"","format":"standard","meta":{"footnotes":""},"categories":[35],"tags":[],"class_list":["post-41633","post","type-post","status-publish","format-standard","has-post-thumbnail","hentry","category-sociedad"],"_links":{"self":[{"href":"https:\/\/ecosdelsur.com\/index.php?rest_route=\/wp\/v2\/posts\/41633","targetHints":{"allow":["GET"]}}],"collection":[{"href":"https:\/\/ecosdelsur.com\/index.php?rest_route=\/wp\/v2\/posts"}],"about":[{"href":"https:\/\/ecosdelsur.com\/index.php?rest_route=\/wp\/v2\/types\/post"}],"author":[{"embeddable":true,"href":"https:\/\/ecosdelsur.com\/index.php?rest_route=\/wp\/v2\/users\/8"}],"replies":[{"embeddable":true,"href":"https:\/\/ecosdelsur.com\/index.php?rest_route=%2Fwp%2Fv2%2Fcomments&post=41633"}],"version-history":[{"count":1,"href":"https:\/\/ecosdelsur.com\/index.php?rest_route=\/wp\/v2\/posts\/41633\/revisions"}],"predecessor-version":[{"id":41635,"href":"https:\/\/ecosdelsur.com\/index.php?rest_route=\/wp\/v2\/posts\/41633\/revisions\/41635"}],"wp:featuredmedia":[{"embeddable":true,"href":"https:\/\/ecosdelsur.com\/index.php?rest_route=\/wp\/v2\/media\/41634"}],"wp:attachment":[{"href":"https:\/\/ecosdelsur.com\/index.php?rest_route=%2Fwp%2Fv2%2Fmedia&parent=41633"}],"wp:term":[{"taxonomy":"category","embeddable":true,"href":"https:\/\/ecosdelsur.com\/index.php?rest_route=%2Fwp%2Fv2%2Fcategories&post=41633"},{"taxonomy":"post_tag","embeddable":true,"href":"https:\/\/ecosdelsur.com\/index.php?rest_route=%2Fwp%2Fv2%2Ftags&post=41633"}],"curies":[{"name":"wp","href":"https:\/\/api.w.org\/{rel}","templated":true}]}}