{"id":41595,"date":"2026-05-01T01:40:37","date_gmt":"2026-05-01T04:40:37","guid":{"rendered":"https:\/\/ecosdelsur.com\/?p=41595"},"modified":"2026-05-01T01:40:47","modified_gmt":"2026-05-01T04:40:47","slug":"record-de-ataques-a-la-prensa-desde-el-poder-el-foro-de-periodismo-argentino-fopea-presento-el-informe-anual-de-monitoreo-2025","status":"publish","type":"post","link":"https:\/\/ecosdelsur.com\/?p=41595","title":{"rendered":"R\u00e9cord de ataques a la prensa desde el poder: el Foro de Periodismo Argentino (FOPEA) present\u00f3 el Informe Anual de Monitoreo 2025."},"content":{"rendered":"<div class=\"itemToolbar2\">\n<p><span class=\"itemDateCreated\" style=\"color: #ff0000;\">Jueves, 30 Abril 2026 &#8211; <\/span>El poder pol\u00edtico argentino sigue siendo el principal agresor de la prensa. Seg\u00fan el informe anual del Monitoreo de Libertad de Expresi\u00f3n de FOPEA, en el a\u00f1o 2025 se registr\u00f3 un r\u00e9cord de 278 casos de ataques contra periodistas, el m\u00e1s relevante desde el nacimiento del Monitoreo en 2008.<img decoding=\"async\" class=\"alignnone size-full wp-image-41596 lazyload\" data-src=\"https:\/\/ecosdelsur.com\/wp-content\/uploads\/2026\/05\/fopea.png\" alt=\"\" width=\"640\" height=\"355\" data-srcset=\"https:\/\/ecosdelsur.com\/wp-content\/uploads\/2026\/05\/fopea.png 640w, https:\/\/ecosdelsur.com\/wp-content\/uploads\/2026\/05\/fopea-300x166.png 300w\" data-sizes=\"(max-width: 640px) 100vw, 640px\" src=\"data:image\/svg+xml;base64,PHN2ZyB3aWR0aD0iMSIgaGVpZ2h0PSIxIiB4bWxucz0iaHR0cDovL3d3dy53My5vcmcvMjAwMC9zdmciPjwvc3ZnPg==\" style=\"--smush-placeholder-width: 640px; --smush-placeholder-aspect-ratio: 640\/355;\" \/><\/p>\n<\/div>\n<p dir=\"ltr\">Titulado\u00a0<a href=\"https:\/\/drive.google.com\/file\/d\/16QYSfiCSqdjdIstnNOdj393Ed0YWutso\/view\" target=\"_blank\" rel=\"noopener\" data-cke-saved-href=\"https:\/\/drive.google.com\/file\/d\/16QYSfiCSqdjdIstnNOdj393Ed0YWutso\/view\">\u201c<strong>El periodismo en riesgo de silencio\u201d<\/strong><\/a>, el reporte elaborado en base a los relevamientos de los monitores de todo el pa\u00eds da cuenta de que el aumento en relaci\u00f3n al 2024 fue del 55% (179 casos). Al igual que en la oportunidad anterior, el presidente Javier Milei volvi\u00f3 a quedar primero como autor de 119 del total de los hechos.<\/p>\n<p dir=\"ltr\"><strong>El\u00a0<a href=\"https:\/\/www.youtube.com\/watch?v=Iss_bOx3-bM&amp;t=2621s\">an\u00e1lisis<\/a>, presentado en el contexto del D\u00eda Mundial de la Libertad de Prensa (3 de Mayo), advierte sobre el peso de la violencia de origen estatal o paraestatal, incluyendo acciones de funcionarios, fuerzas de seguridad y actores vinculados al Gobierno en el ecosistema digital. Asimismo, se destaca el crecimiento de la violencia en entornos digitales y su impacto amplificador. De hecho, desde el inicio de esta gesti\u00f3n nacional, se produjeron 137,6% m\u00e1s de episodios.\u00a0<\/strong><\/p>\n<p dir=\"ltr\">Durante la presentaci\u00f3n, que se realiz\u00f3 en el\u00a0 Auditorio de la Universidad de Palermo, en la Ciudad de Buenos Aires, las autoridades del Foro y miembros del Monitoreo se\u00f1alaron la preocupaci\u00f3n por el deterioro del clima para el ejercicio del periodismo y su impacto en la calidad democr\u00e1tica.<\/p>\n<p dir=\"ltr\">El presidente de FOPEA, Fernando Stanich, grafic\u00f3 un panorama e hizo hincapi\u00e9 en el cierre de la sala de prensa de la Casa Rosada como ejemplo. Expres\u00f3 que el Gobierno conculca el derecho de la ciudadan\u00eda a informarse y viola principios establecidos en la Constituci\u00f3n. \u201cLa presencia del periodismo es insustituible. Hay una trampa en la que pretenden hacernos caer, de instalar el \u2018algo habr\u00e1n hecho\u2019. Si eventualmente hay una presunta mala praxis period\u00edstica, podr\u00eda investigarse. De ninguna manera corresponde una sanci\u00f3n colectiva. El \u00fanico que tiene la responsabilidad y las herramientas para garantizar la libertad de expresi\u00f3n y que la ciudadan\u00eda se informe es el Gobierno. Lo que est\u00e1n consiguiendo es un bloqueo f\u00edsico y un apag\u00f3n informativo en la Rosada. Es importante que se tome dimensi\u00f3n, no es un privilegio ni un capricho estar en ese edificio, sino que hace a poder brindar informaci\u00f3n completa\u201d, advirti\u00f3.<\/p>\n<p dir=\"ltr\">Claudio Jacquelin, vicepresidente de FOPEA, reflej\u00f3 la preocupaci\u00f3n e inter\u00e9s de organismos internacionales y embajadas por la situaci\u00f3n en el pa\u00eds. \u201cHicimos una tarea intensa. Presentaciones ante la Comisi\u00f3n Interamericana de Derechos Humanos, que analiza una visita al pa\u00eds. En noviembre participamos de una audiencia especial en donde se expusieron los casos\u201d, mencion\u00f3.<\/p>\n<h4 dir=\"ltr\"><strong>Datos clave del Monitoreo<\/strong><\/h4>\n<p dir=\"ltr\">Alicia Miller, coordinadora de la Comisi\u00f3n de Libertad de Expresi\u00f3n y editora del libro 2025, explic\u00f3 que los datos revelan un incremento preocupante de los ataques. El informe completo puede consultarse\u00a0<a href=\"https:\/\/drive.google.com\/file\/d\/16QYSfiCSqdjdIstnNOdj393Ed0YWutso\/view\" target=\"_blank\" rel=\"noopener\" data-cke-saved-href=\"https:\/\/drive.google.com\/file\/d\/16QYSfiCSqdjdIstnNOdj393Ed0YWutso\/view\">aqu\u00ed<\/a>.<\/p>\n<p dir=\"ltr\">Revel\u00f3 que la Ciudad de Buenos Aires lleva la delantera con 186 situaciones, seguida por la provincia de Buenos Aires, con 23. Por detr\u00e1s. se ubicaron Tucum\u00e1n (8), C\u00f3rdoba (7), San Luis (6) y San Juan (6). La gran mayor\u00eda de las agresiones -139 del total- fueron discursos estigmatizantes. En esta categor\u00eda interna se incluye declaraciones agraviantes o intimidantes desde los medios afines, las redes sociales, la v\u00eda p\u00fablica, o cualquier otro medio de comunicaci\u00f3n Adem\u00e1s, hubo 58 ataques a la integridad de los periodistas, 9 de los cuales fueron agresiones f\u00edsicas.<\/p>\n<p dir=\"ltr\">Tambi\u00e9n quedaron registradas amenazas, agresiones por inseguridad en lugares p\u00fablicos, persecuciones, espionajes y agresi\u00f3n sexual.<\/p>\n<p dir=\"ltr\">Un apartado tiene que ver con las acciones judiciales. \u201cDurante el 2025 hubo 20 demandas contra periodistas. Una cifra muy superior a lo que se recuerde desde el regreso de la democracia. Tambi\u00e9n se produjeron 9 amenazas de demandas\u201d, expres\u00f3 Miller, que tambi\u00e9n es monitora.<\/p>\n<p dir=\"ltr\">Detall\u00f3 28 restricciones de acceso a la informaci\u00f3n, 10 casos de censura, 4 ataques contra bienes del medio o del periodista y cuatro abusos del poder estatal, como detenciones indebidas o abusos de las fuerzas de seguridad.<\/p>\n<p dir=\"ltr\">\u201cCuriosamente registramos s\u00f3lo 2 casos de abuso o presiones a trav\u00e9s de la publicidad oficial. Esto claramente habla de que ese tipo de abusos, que presumimos mucho m\u00e1s frecuente de lo que indican nuestras cifras, es precisamente el que menos se denuncia. Sucede a puertas cerradas, en un despacho, o por tel\u00e9fono. Y queda ah\u00ed, en reserva, en la mayor\u00eda de las ocasiones. Algo similar tememos que sucede en cuanto a la censura interna en los medios: registramos s\u00f3lo 2 casos en todo el a\u00f1o\u201d, precis\u00f3.<\/p>\n<p dir=\"ltr\"><strong>El hecho m\u00e1s grave del per\u00edodo fue el ataque contra la vida del fotoreportero Pablo Grillo, mediante el disparo de una granada de gas lacrim\u00f3geno que le dej\u00f3 secuelas.<\/strong><\/p>\n<p dir=\"ltr\">El libro incluye el anexo \u201cEl insulto como estrategia\u201d, una investigaci\u00f3n liderada por Sandra Crucianelli en la que se analizaron 113.000 mensajes en la red social X del presidente. Se trata del quinto producto visual del programa Data Journalism Visualizations Bootcamp.<\/p>\n<p dir=\"ltr\">Al finalizar la presentaci\u00f3n, Paula Moreno, secretaria de FOPEA, entrevist\u00f3 a M\u00f3nica Guti\u00e9rrez y Ernesto Tenembaum. \u201cLos gobiernos no quieren a la prensa. Es una estrategia de acorralamiento y tiene una escala diferente a la del kirchnerismo\u201d, analiz\u00f3 Guti\u00e9rrez. Tenembaum remarc\u00f3 que las estad\u00edsticas son impactantes. \u201cQue haya 20 demandas contra periodistas implica una escalada mayor en relaci\u00f3n al kirchnerismo. Los gestos de Milei hoy (al salir del informe de Manuel Adorni), el cerrar la sala de prensa de la Rosada o amenazar a Luciana Geuna con detenerla incrementa la gravedad\u201d, lament\u00f3.<\/p>\n","protected":false},"excerpt":{"rendered":"<p>Jueves, 30 Abril 2026 &#8211; El poder pol\u00edtico argentino sigue siendo el principal agresor de la prensa. Seg\u00fan el informe<\/p>\n","protected":false},"author":8,"featured_media":41597,"comment_status":"open","ping_status":"closed","sticky":false,"template":"","format":"standard","meta":{"footnotes":""},"categories":[35],"tags":[],"class_list":["post-41595","post","type-post","status-publish","format-standard","has-post-thumbnail","hentry","category-sociedad"],"_links":{"self":[{"href":"https:\/\/ecosdelsur.com\/index.php?rest_route=\/wp\/v2\/posts\/41595","targetHints":{"allow":["GET"]}}],"collection":[{"href":"https:\/\/ecosdelsur.com\/index.php?rest_route=\/wp\/v2\/posts"}],"about":[{"href":"https:\/\/ecosdelsur.com\/index.php?rest_route=\/wp\/v2\/types\/post"}],"author":[{"embeddable":true,"href":"https:\/\/ecosdelsur.com\/index.php?rest_route=\/wp\/v2\/users\/8"}],"replies":[{"embeddable":true,"href":"https:\/\/ecosdelsur.com\/index.php?rest_route=%2Fwp%2Fv2%2Fcomments&post=41595"}],"version-history":[{"count":1,"href":"https:\/\/ecosdelsur.com\/index.php?rest_route=\/wp\/v2\/posts\/41595\/revisions"}],"predecessor-version":[{"id":41598,"href":"https:\/\/ecosdelsur.com\/index.php?rest_route=\/wp\/v2\/posts\/41595\/revisions\/41598"}],"wp:featuredmedia":[{"embeddable":true,"href":"https:\/\/ecosdelsur.com\/index.php?rest_route=\/wp\/v2\/media\/41597"}],"wp:attachment":[{"href":"https:\/\/ecosdelsur.com\/index.php?rest_route=%2Fwp%2Fv2%2Fmedia&parent=41595"}],"wp:term":[{"taxonomy":"category","embeddable":true,"href":"https:\/\/ecosdelsur.com\/index.php?rest_route=%2Fwp%2Fv2%2Fcategories&post=41595"},{"taxonomy":"post_tag","embeddable":true,"href":"https:\/\/ecosdelsur.com\/index.php?rest_route=%2Fwp%2Fv2%2Ftags&post=41595"}],"curies":[{"name":"wp","href":"https:\/\/api.w.org\/{rel}","templated":true}]}}