{"id":41591,"date":"2026-04-30T18:16:02","date_gmt":"2026-04-30T21:16:02","guid":{"rendered":"https:\/\/ecosdelsur.com\/?p=41591"},"modified":"2026-04-30T18:16:02","modified_gmt":"2026-04-30T21:16:02","slug":"eduardo-iglesias-impulsa-la-llegada-de-la-liga-federal-de-voley-a-la-ciudad","status":"publish","type":"post","link":"https:\/\/ecosdelsur.com\/?p=41591","title":{"rendered":"Eduardo Iglesias impulsa la llegada de la Liga Federal de v\u00f3ley a la ciudad"},"content":{"rendered":"<p>El referente deportivo Eduardo \u201cChato\u201d Iglesias impulsa una propuesta para que la ciudad reciba a cerca de mil personas durante diez d\u00edas de competencia en febrero.<\/p>\n<p>La ciudad de Caleta Olivia podr\u00eda convertirse en sede de uno de los torneos m\u00e1s importantes del v\u00f3ley nacional. As\u00ed lo impulsa Eduardo \u201cChato\u201d Iglesias, quien trabaja en un ambicioso proyecto para que la localidad albergue una etapa de la Liga Federal.<\/p>\n<p>Con casi 50 a\u00f1os de trayectoria en la disciplina, Iglesias explic\u00f3 que la iniciativa busca posicionar al sur del pa\u00eds dentro del circuito nacional. \u201cSiempre he sostenido que hay que darle participaci\u00f3n al sur. El problema es que muchos equipos no quieren venir por los costos, pero es el mismo esfuerzo que hacemos nosotros para competir en el norte\u201d, se\u00f1al\u00f3.<\/p>\n<p>El proyecto contempla que Caleta Olivia sea sede del torneo clasificatorio hacia la Liga Nacional, una competencia que re\u00fane a equipos de todo el pa\u00eds y que en sus \u00faltimas ediciones se desarroll\u00f3 en San Juan. En este sentido, aclar\u00f3 que no se trata de \u201cquitarle\u201d la sede a otra provincia, sino de postularse dentro de un sistema donde distintas ciudades pueden presentar su candidatura.<\/p>\n<p>Seg\u00fan detall\u00f3, el evento tendr\u00eda una duraci\u00f3n de diez d\u00edas y convocar\u00eda entre 800 y 1.000 personas, entre jugadores, cuerpos t\u00e9cnicos y acompa\u00f1antes. Para ello, se proyecta utilizar al menos cuatro espacios deportivos: el Complejo Municipal, el gimnasio \u201cPancho Cerda\u201d, el gimnasio \u201c2 de Abril\u201d y el de Ca\u00f1ad\u00f3n Seco.<\/p>\n<p>Adem\u00e1s de la infraestructura deportiva, la propuesta incluye un fuerte componente log\u00edstico que abarca alojamiento, gastronom\u00eda, transporte y conectividad. \u201cCada club se paga sus gastos, pero la ciudad debe garantizar las condiciones para recibirlos. Es una propuesta integral\u201d, explic\u00f3.<\/p>\n<p>En ese marco, Iglesias mantuvo reuniones con autoridades municipales y tambi\u00e9n con el presidente de la Federaci\u00f3n Argentina de Voleibol, con el objetivo de avanzar en la presentaci\u00f3n formal del proyecto. La definici\u00f3n de la sede se realizar\u00e1 en los pr\u00f3ximos meses, en una instancia donde tambi\u00e9n competir\u00edan ciudades como C\u00f3rdoba y nuevamente San Juan.<\/p>\n<p>El dirigente destac\u00f3 que la iniciativa no solo apunta al desarrollo deportivo, sino tambi\u00e9n al impacto econ\u00f3mico y tur\u00edstico. \u201cDurante diez d\u00edas la ciudad tendr\u00eda un movimiento muy importante. Hoteles, restaurantes, transporte, streaming, todos pueden formar parte\u201d, sostuvo.<\/p>\n<p>Asimismo, remarc\u00f3 que este tipo de eventos no debe desplazar la actividad local, sino potenciarla. \u201cEsto tiene que fortalecer el v\u00f3ley de Caleta, no opacarlo. Se est\u00e1 trabajando bien, hay competencia y participaci\u00f3n provincial y regional\u201d, afirm\u00f3.<\/p>\n<p>Finalmente, Iglesias convoc\u00f3 a toda la comunidad a involucrarse en el proyecto, destacando que se trata de una apuesta colectiva. \u201cNo es algo de una persona, es una oportunidad para toda la ciudad. Soy fan\u00e1tico de Caleta y creo que podemos hacerlo\u201d, concluy\u00f3.<\/p>\n","protected":false},"excerpt":{"rendered":"<p>El referente deportivo Eduardo \u201cChato\u201d Iglesias impulsa una propuesta para que la ciudad reciba a cerca de mil personas durante<\/p>\n","protected":false},"author":8,"featured_media":41592,"comment_status":"open","ping_status":"closed","sticky":false,"template":"","format":"standard","meta":{"footnotes":""},"categories":[37],"tags":[60,489,1601,488],"class_list":["post-41591","post","type-post","status-publish","format-standard","has-post-thumbnail","hentry","category-deportes","tag-caleta-olivia","tag-eduardo-iglesias","tag-torneo-federal-de-voley","tag-voley"],"_links":{"self":[{"href":"https:\/\/ecosdelsur.com\/index.php?rest_route=\/wp\/v2\/posts\/41591","targetHints":{"allow":["GET"]}}],"collection":[{"href":"https:\/\/ecosdelsur.com\/index.php?rest_route=\/wp\/v2\/posts"}],"about":[{"href":"https:\/\/ecosdelsur.com\/index.php?rest_route=\/wp\/v2\/types\/post"}],"author":[{"embeddable":true,"href":"https:\/\/ecosdelsur.com\/index.php?rest_route=\/wp\/v2\/users\/8"}],"replies":[{"embeddable":true,"href":"https:\/\/ecosdelsur.com\/index.php?rest_route=%2Fwp%2Fv2%2Fcomments&post=41591"}],"version-history":[{"count":1,"href":"https:\/\/ecosdelsur.com\/index.php?rest_route=\/wp\/v2\/posts\/41591\/revisions"}],"predecessor-version":[{"id":41593,"href":"https:\/\/ecosdelsur.com\/index.php?rest_route=\/wp\/v2\/posts\/41591\/revisions\/41593"}],"wp:featuredmedia":[{"embeddable":true,"href":"https:\/\/ecosdelsur.com\/index.php?rest_route=\/wp\/v2\/media\/41592"}],"wp:attachment":[{"href":"https:\/\/ecosdelsur.com\/index.php?rest_route=%2Fwp%2Fv2%2Fmedia&parent=41591"}],"wp:term":[{"taxonomy":"category","embeddable":true,"href":"https:\/\/ecosdelsur.com\/index.php?rest_route=%2Fwp%2Fv2%2Fcategories&post=41591"},{"taxonomy":"post_tag","embeddable":true,"href":"https:\/\/ecosdelsur.com\/index.php?rest_route=%2Fwp%2Fv2%2Ftags&post=41591"}],"curies":[{"name":"wp","href":"https:\/\/api.w.org\/{rel}","templated":true}]}}