{"id":41588,"date":"2026-04-30T13:07:16","date_gmt":"2026-04-30T16:07:16","guid":{"rendered":"https:\/\/ecosdelsur.com\/?p=41588"},"modified":"2026-04-30T13:07:16","modified_gmt":"2026-04-30T16:07:16","slug":"olga-reinoso-denuncio-censura-en-un-plenario-sindical-y-critico-la-falta-de-unidad-de-los-gremios","status":"publish","type":"post","link":"https:\/\/ecosdelsur.com\/?p=41588","title":{"rendered":"Olga Reinoso denunci\u00f3 censura en un plenario sindical y critic\u00f3 la falta de unidad de los gremios"},"content":{"rendered":"<p>La dirigente de ATE y la CTA Aut\u00f3noma asegur\u00f3 que fue silenciada en un plenario en Caleta Olivia, cuestion\u00f3 la falta de unidad del movimiento obrero y alert\u00f3 sobre el deterioro salarial, la p\u00e9rdida de empleo y la crisis social en la provincia.<\/p>\n<p>La dirigente sindical Olga Reinoso denunci\u00f3 que no se le permiti\u00f3 tomar la palabra durante un plenario del Frente Sindical realizado en Caleta Olivia, en medio de tensiones internas y un contexto de creciente preocupaci\u00f3n por la situaci\u00f3n laboral en la provincia.<\/p>\n<p>\u201cEs mentira que me hayan echado, pero no me dejaron hablar\u201d, afirm\u00f3 Reinoso, quien explic\u00f3 que asisti\u00f3 al encuentro en car\u00e1cter de representante de la CTA Aut\u00f3noma y de una l\u00ednea interna de ATE.<\/p>\n<p>Cruces internos y falta de unidad<\/p>\n<p>Seg\u00fan relat\u00f3, al solicitar la palabra en un espacio que consider\u00f3 abierto, desde la conducci\u00f3n del sector no le habilitaron el micr\u00f3fono. \u201cNo se entendi\u00f3 por qu\u00e9 no pod\u00eda expresarme, cuando represento a trabajadores y tengo una trayectoria en la provincia\u201d, sostuvo.<\/p>\n<p>La dirigente remarc\u00f3 que este tipo de situaciones refleja la fragmentaci\u00f3n dentro del movimiento obrero. \u201cNo vamos a lograr una lucha unificada si ponemos las mezquindades por delante\u201d, advirti\u00f3.<\/p>\n<p>En ese sentido, consider\u00f3 que la falta de unidad debilita la capacidad de los trabajadores para enfrentar el contexto actual. \u201cEl gobernador se beneficia de esta fragmentaci\u00f3n\u201d, expres\u00f3 en referencia a Claudio Vidal.<\/p>\n<p>Cr\u00edticas al documento y al enfoque del plenario<\/p>\n<p>Reinoso tambi\u00e9n cuestion\u00f3 el contenido del documento elaborado durante el encuentro, al considerar que tuvo un enfoque m\u00e1s cr\u00edtico hacia las pol\u00edticas nacionales que hacia la situaci\u00f3n provincial.<\/p>\n<p>\u201cFalt\u00f3 discutir en profundidad lo que pasa en Santa Cruz: el congelamiento salarial, el incumplimiento del convenio colectivo y el deterioro de las condiciones laborales\u201d, se\u00f1al\u00f3.<\/p>\n<p>Adem\u00e1s, plante\u00f3 la necesidad de defender las empresas estatales y evitar posibles procesos de privatizaci\u00f3n, as\u00ed como garantizar la apertura de paritarias.<\/p>\n<p>\u201cNo hay plata en el bolsillo del trabajador\u201d<\/p>\n<p>La dirigente describi\u00f3 un escenario social y econ\u00f3mico cr\u00edtico. \u201cNo hay plata en el bolsillo del trabajador, no hay empleo y hay comercios que siguen cerrando\u201d, afirm\u00f3.<\/p>\n<p>Tambi\u00e9n advirti\u00f3 sobre situaciones de precarizaci\u00f3n laboral, conflictos en organismos p\u00fablicos y decisiones administrativas que generan incertidumbre entre los trabajadores estatales.<\/p>\n<p>\u201cEstamos viendo abusos de poder y falta de representaci\u00f3n en muchos sectores\u201d, agreg\u00f3.<\/p>\n<p>Cuestionamientos al Gobierno y a la dirigencia pol\u00edtica<\/p>\n<p>Reinoso fue cr\u00edtica respecto al accionar del Gobierno provincial y a las reuniones recientes con intendentes. \u201cVi muy poco debate estrat\u00e9gico y pol\u00edtico. Es m\u00e1s una foto que una soluci\u00f3n\u201d, sostuvo.<\/p>\n<p>En ese marco, cuestion\u00f3 la falta de definiciones concretas para enfrentar la crisis y generar empleo. \u201cNo hay respuestas estructurales ni un plan claro para salir de esta situaci\u00f3n\u201d, afirm\u00f3.<\/p>\n<p>Un 1\u00b0 de mayo en retroceso<\/p>\n<p>De cara al D\u00eda del Trabajador, Reinoso consider\u00f3 que el contexto actual marca un retroceso hist\u00f3rico en las condiciones laborales.<\/p>\n<p>\u201cEste 1\u00b0 de mayo nos encuentra defendiendo lo poco que tenemos: los puestos de trabajo, los salarios y los derechos conquistados\u201d, expres\u00f3.<\/p>\n<p>Y concluy\u00f3: \u201cAntes pele\u00e1bamos para mejorar, hoy estamos resistiendo para no perder m\u00e1s\u201d.<\/p>\n","protected":false},"excerpt":{"rendered":"<p>La dirigente de ATE y la CTA Aut\u00f3noma asegur\u00f3 que fue silenciada en un plenario en Caleta Olivia, cuestion\u00f3 la<\/p>\n","protected":false},"author":8,"featured_media":41589,"comment_status":"open","ping_status":"closed","sticky":false,"template":"","format":"standard","meta":{"footnotes":""},"categories":[368],"tags":[379,60,699,1445,665],"class_list":["post-41588","post","type-post","status-publish","format-standard","has-post-thumbnail","hentry","category-gremiales","tag-ate","tag-caleta-olivia","tag-ctaa","tag-frente-sindical","tag-olga-reinoso"],"_links":{"self":[{"href":"https:\/\/ecosdelsur.com\/index.php?rest_route=\/wp\/v2\/posts\/41588","targetHints":{"allow":["GET"]}}],"collection":[{"href":"https:\/\/ecosdelsur.com\/index.php?rest_route=\/wp\/v2\/posts"}],"about":[{"href":"https:\/\/ecosdelsur.com\/index.php?rest_route=\/wp\/v2\/types\/post"}],"author":[{"embeddable":true,"href":"https:\/\/ecosdelsur.com\/index.php?rest_route=\/wp\/v2\/users\/8"}],"replies":[{"embeddable":true,"href":"https:\/\/ecosdelsur.com\/index.php?rest_route=%2Fwp%2Fv2%2Fcomments&post=41588"}],"version-history":[{"count":1,"href":"https:\/\/ecosdelsur.com\/index.php?rest_route=\/wp\/v2\/posts\/41588\/revisions"}],"predecessor-version":[{"id":41590,"href":"https:\/\/ecosdelsur.com\/index.php?rest_route=\/wp\/v2\/posts\/41588\/revisions\/41590"}],"wp:featuredmedia":[{"embeddable":true,"href":"https:\/\/ecosdelsur.com\/index.php?rest_route=\/wp\/v2\/media\/41589"}],"wp:attachment":[{"href":"https:\/\/ecosdelsur.com\/index.php?rest_route=%2Fwp%2Fv2%2Fmedia&parent=41588"}],"wp:term":[{"taxonomy":"category","embeddable":true,"href":"https:\/\/ecosdelsur.com\/index.php?rest_route=%2Fwp%2Fv2%2Fcategories&post=41588"},{"taxonomy":"post_tag","embeddable":true,"href":"https:\/\/ecosdelsur.com\/index.php?rest_route=%2Fwp%2Fv2%2Ftags&post=41588"}],"curies":[{"name":"wp","href":"https:\/\/api.w.org\/{rel}","templated":true}]}}