{"id":41585,"date":"2026-04-30T12:49:36","date_gmt":"2026-04-30T15:49:36","guid":{"rendered":"https:\/\/ecosdelsur.com\/?p=41585"},"modified":"2026-04-30T12:49:36","modified_gmt":"2026-04-30T15:49:36","slug":"neira-destaco-el-dialogo-con-provincia-pero-advirtio-los-municipios-estan-haciendo-un-gran-esfuerzo","status":"publish","type":"post","link":"https:\/\/ecosdelsur.com\/?p=41585","title":{"rendered":"Neira destac\u00f3 el di\u00e1logo con Provincia pero advirti\u00f3: \u201cLos municipios est\u00e1n haciendo un gran esfuerzo\u201d"},"content":{"rendered":"<p>La intendenta de Los Antiguos valor\u00f3 el encuentro con el Ejecutivo santacruce\u00f1o, advirti\u00f3 sobre la compleja situaci\u00f3n financiera de los municipios y reclam\u00f3 mayor responsabilidad de empresas y actores pol\u00edticos para sostener el desarrollo local.<\/p>\n<p>La intendenta de Los Antiguos, Zulma Neira, realiz\u00f3 un balance positivo de la reciente reuni\u00f3n convocada por el gobernador Claudio Vidal en R\u00edo Gallegos, aunque advirti\u00f3 sobre la delicada situaci\u00f3n econ\u00f3mica que atraviesan los municipios y la necesidad de asistencia para sostener el funcionamiento.<\/p>\n<p>\u201cLas mesas de trabajo son necesarias, sobre todo para informarnos y compartir el rumbo de la provincia\u201d, expres\u00f3 Neira, quien particip\u00f3 del encuentro junto a intendentes, ministros y legisladores.<\/p>\n<p>Balance positivo y proyectos productivos<\/p>\n<p>La jefa comunal destac\u00f3 que la reuni\u00f3n permiti\u00f3 conocer en detalle las l\u00edneas de acci\u00f3n del Gobierno provincial y proyectar el trabajo en cada localidad. En el caso de Los Antiguos, remarc\u00f3 avances en iniciativas vinculadas a la producci\u00f3n.<\/p>\n<p>Entre ellas, mencion\u00f3 el proyecto de una sala de faena m\u00f3vil destinada a peque\u00f1os y medianos productores, as\u00ed como el fortalecimiento de la actividad frutihort\u00edcola y la hist\u00f3rica producci\u00f3n de cerezas, uno de los principales recursos de la localidad.<\/p>\n<p>Adem\u00e1s, adelant\u00f3 que el municipio trabaja en la apertura de un punto de venta de productos de mar, con el objetivo de diversificar la oferta productiva.<\/p>\n<p>Situaci\u00f3n econ\u00f3mica y reclamo de asistencia<\/p>\n<p>En cuanto al contexto financiero, Neira fue clara: \u201cEs un semestre que va a ser complejo\u201d. Si bien valor\u00f3 el acompa\u00f1amiento provincial, explic\u00f3 que los adelantos de coparticipaci\u00f3n a\u00fan no se concretaron y que ser\u00e1n necesarios, especialmente para afrontar el pago de aguinaldos.<\/p>\n<p>\u201cEl municipio hoy est\u00e1 sosteni\u00e9ndose con recursos propios. No estamos solicitando adelantos todos los meses para tambi\u00e9n acompa\u00f1ar a la provincia, pero los vamos a necesitar en momentos clave\u201d, indic\u00f3.<\/p>\n<p>Asimismo, explic\u00f3 que los fondos obtenidos a trav\u00e9s de financiamiento provincial no est\u00e1n destinados al pago de salarios, sino a obras y servicios, lo que limita las posibilidades de cubrir gastos corrientes.<\/p>\n<p>Cr\u00edticas a la intermediaci\u00f3n pol\u00edtica<\/p>\n<p>La intendenta tambi\u00e9n cuestion\u00f3 el rol de algunas figuras dentro del esquema provincial, particularmente los denominados \u201ccoordinadores\u201d.<\/p>\n<p>\u201cEs una figura que en lugar de fortalecer, debilita, porque corta el trato directo con quienes tienen la responsabilidad\u201d, sostuvo, en l\u00ednea con cr\u00edticas que ya hab\u00edan sido planteadas por otros jefes comunales.<\/p>\n<p>Municipio ordenado y conflictos pol\u00edticos<\/p>\n<p>A casi dos a\u00f1os y medio de gesti\u00f3n, Neira asegur\u00f3 que el municipio logr\u00f3 ordenarse a pesar de un escenario adverso. \u201cHemos pasado de todo, pero hoy Los Antiguos est\u00e1 ordenado, con esfuerzo y buena administraci\u00f3n\u201d, afirm\u00f3.<\/p>\n<p>No obstante, denunci\u00f3 la existencia de internas pol\u00edticas que, seg\u00fan indic\u00f3, buscan desestabilizar la gesti\u00f3n. \u201cHay intereses pol\u00edticos que ponen por delante sus objetivos y se olvidan del vecino\u201d, remarc\u00f3.<\/p>\n<p>En ese sentido, pidi\u00f3 dejar de lado las disputas y enfocarse en resolver los problemas concretos de la comunidad.<\/p>\n<p>Reclamo a empresas y mirada sobre la miner\u00eda<\/p>\n<p>Otro de los puntos abordados fue la relaci\u00f3n con el sector privado, especialmente con las empresas mineras que operan en la regi\u00f3n.<\/p>\n<p>Neira consider\u00f3 que deben asumir una mayor responsabilidad social. \u201cEl Estado provincial tiene que exigir que aporten lo que corresponde a las localidades\u201d, se\u00f1al\u00f3, aunque reconoci\u00f3 que mantiene una buena relaci\u00f3n con las compa\u00f1\u00edas.<\/p>\n<p>\u201cHay un contraste muy fuerte entre empresas con grandes ganancias y comunidades con necesidades\u201d, advirti\u00f3.<\/p>\n<p>Gesti\u00f3n local y conflictos gremiales<\/p>\n<p>En el plano municipal, la intendenta destac\u00f3 el esfuerzo realizado para sostener el funcionamiento del Estado local, incluso en un contexto de conflicto con algunos sectores sindicales.<\/p>\n<p>\u201cEl municipio otorg\u00f3 aumentos salariales con recursos propios, pero igual contin\u00faan los reclamos. Aun as\u00ed, muchos trabajadores siguen cumpliendo su tarea y eso es importante reconocerlo\u201d, expres\u00f3.<\/p>\n<p>Institucionalidad y v\u00ednculo pol\u00edtico<\/p>\n<p>Por \u00faltimo, Neira defendi\u00f3 la importancia de mantener el di\u00e1logo institucional con todos los actores pol\u00edticos, m\u00e1s all\u00e1 de las diferencias.<\/p>\n<p>\u201cNo podemos escondernos cuando viene una autoridad elegida por el voto popular. La institucionalidad pasa por los municipios\u201d, sostuvo.<\/p>\n<p>En ese marco, tambi\u00e9n valor\u00f3 la reciente visita de autoridades nacionales a la regi\u00f3n y la posibilidad de visibilizar el potencial productivo de Los Antiguos, especialmente en el mercado internacional de cerezas.<\/p>\n<p>Un escenario desafiante<\/p>\n<p>Con un contexto econ\u00f3mico ajustado, demandas sociales crecientes y tensiones pol\u00edticas, la intendenta plante\u00f3 que el desaf\u00edo ser\u00e1 sostener la gesti\u00f3n con responsabilidad y enfocarse en el desarrollo local.<\/p>\n<p>\u201cHoy el 100% de mi tiempo est\u00e1 puesto en conseguir beneficios para la localidad\u201d, concluy\u00f3.<\/p>\n","protected":false},"excerpt":{"rendered":"<p>La intendenta de Los Antiguos valor\u00f3 el encuentro con el Ejecutivo santacruce\u00f1o, advirti\u00f3 sobre la compleja situaci\u00f3n financiera de los<\/p>\n","protected":false},"author":8,"featured_media":41586,"comment_status":"open","ping_status":"closed","sticky":false,"template":"","format":"standard","meta":{"footnotes":""},"categories":[33],"tags":[184,289,505],"class_list":["post-41585","post","type-post","status-publish","format-standard","has-post-thumbnail","hentry","category-politica","tag-claudio-vidal","tag-los-antiguos","tag-zulma-neira"],"_links":{"self":[{"href":"https:\/\/ecosdelsur.com\/index.php?rest_route=\/wp\/v2\/posts\/41585","targetHints":{"allow":["GET"]}}],"collection":[{"href":"https:\/\/ecosdelsur.com\/index.php?rest_route=\/wp\/v2\/posts"}],"about":[{"href":"https:\/\/ecosdelsur.com\/index.php?rest_route=\/wp\/v2\/types\/post"}],"author":[{"embeddable":true,"href":"https:\/\/ecosdelsur.com\/index.php?rest_route=\/wp\/v2\/users\/8"}],"replies":[{"embeddable":true,"href":"https:\/\/ecosdelsur.com\/index.php?rest_route=%2Fwp%2Fv2%2Fcomments&post=41585"}],"version-history":[{"count":1,"href":"https:\/\/ecosdelsur.com\/index.php?rest_route=\/wp\/v2\/posts\/41585\/revisions"}],"predecessor-version":[{"id":41587,"href":"https:\/\/ecosdelsur.com\/index.php?rest_route=\/wp\/v2\/posts\/41585\/revisions\/41587"}],"wp:featuredmedia":[{"embeddable":true,"href":"https:\/\/ecosdelsur.com\/index.php?rest_route=\/wp\/v2\/media\/41586"}],"wp:attachment":[{"href":"https:\/\/ecosdelsur.com\/index.php?rest_route=%2Fwp%2Fv2%2Fmedia&parent=41585"}],"wp:term":[{"taxonomy":"category","embeddable":true,"href":"https:\/\/ecosdelsur.com\/index.php?rest_route=%2Fwp%2Fv2%2Fcategories&post=41585"},{"taxonomy":"post_tag","embeddable":true,"href":"https:\/\/ecosdelsur.com\/index.php?rest_route=%2Fwp%2Fv2%2Ftags&post=41585"}],"curies":[{"name":"wp","href":"https:\/\/api.w.org\/{rel}","templated":true}]}}