{"id":41577,"date":"2026-04-30T12:10:55","date_gmt":"2026-04-30T15:10:55","guid":{"rendered":"https:\/\/ecosdelsur.com\/?p=41577"},"modified":"2026-04-30T12:10:55","modified_gmt":"2026-04-30T15:10:55","slug":"contra-reloj-prefectura-aeroevacuo-a-un-tripulante-con-multiples-fracturas","status":"publish","type":"post","link":"https:\/\/ecosdelsur.com\/?p=41577","title":{"rendered":"Contra reloj: Prefectura aeroevacu\u00f3 a un tripulante con m\u00faltiples fracturas"},"content":{"rendered":"<div class=\"itemToolbar2\">\n<p><span class=\"itemDateCreated\" style=\"color: #ff0000;\">Jueves, 30 Abril 2026 &#8211; <\/span>El operativo se desarroll\u00f3 aproximadamente a 85 millas n\u00e1uticas (alrededor de 157 kil\u00f3metros) de la ciudad de Puerto Deseado, provincia de Santa Cruz.<img decoding=\"async\" class=\"alignnone size-full wp-image-41580 lazyload\" data-src=\"https:\/\/ecosdelsur.com\/wp-content\/uploads\/2026\/04\/WhatsApp-Image-2026-04-30-at-11.52.21.jpeg\" alt=\"\" width=\"1024\" height=\"672\" data-srcset=\"https:\/\/ecosdelsur.com\/wp-content\/uploads\/2026\/04\/WhatsApp-Image-2026-04-30-at-11.52.21.jpeg 1024w, https:\/\/ecosdelsur.com\/wp-content\/uploads\/2026\/04\/WhatsApp-Image-2026-04-30-at-11.52.21-300x197.jpeg 300w, https:\/\/ecosdelsur.com\/wp-content\/uploads\/2026\/04\/WhatsApp-Image-2026-04-30-at-11.52.21-768x504.jpeg 768w\" data-sizes=\"(max-width: 1024px) 100vw, 1024px\" src=\"data:image\/svg+xml;base64,PHN2ZyB3aWR0aD0iMSIgaGVpZ2h0PSIxIiB4bWxucz0iaHR0cDovL3d3dy53My5vcmcvMjAwMC9zdmciPjwvc3ZnPg==\" style=\"--smush-placeholder-width: 1024px; --smush-placeholder-aspect-ratio: 1024\/672;\" \/><\/p>\n<\/div>\n<p>Personal especializado de la Prefectura Naval Argentina realiz\u00f3 una aeroevacuaci\u00f3n de emergencia para asistir a un tripulante del pesquero \u201cAPI VII\u201d, que sufri\u00f3 graves lesiones mientras navegaba en aguas del Atl\u00e1ntico Sur.<img decoding=\"async\" class=\"alignnone size-full wp-image-41581 lazyload\" data-src=\"https:\/\/ecosdelsur.com\/wp-content\/uploads\/2026\/04\/WhatsApp-Image-2026-04-30-at-11.52.22-1.jpeg\" alt=\"\" width=\"1024\" height=\"576\" data-srcset=\"https:\/\/ecosdelsur.com\/wp-content\/uploads\/2026\/04\/WhatsApp-Image-2026-04-30-at-11.52.22-1.jpeg 1024w, https:\/\/ecosdelsur.com\/wp-content\/uploads\/2026\/04\/WhatsApp-Image-2026-04-30-at-11.52.22-1-300x169.jpeg 300w, https:\/\/ecosdelsur.com\/wp-content\/uploads\/2026\/04\/WhatsApp-Image-2026-04-30-at-11.52.22-1-768x432.jpeg 768w\" data-sizes=\"(max-width: 1024px) 100vw, 1024px\" src=\"data:image\/svg+xml;base64,PHN2ZyB3aWR0aD0iMSIgaGVpZ2h0PSIxIiB4bWxucz0iaHR0cDovL3d3dy53My5vcmcvMjAwMC9zdmciPjwvc3ZnPg==\" style=\"--smush-placeholder-width: 1024px; --smush-placeholder-aspect-ratio: 1024\/576;\" \/><\/p>\n<p>La situaci\u00f3n se origin\u00f3 cuando el capit\u00e1n del buque se comunic\u00f3 con la Autoridad Mar\u00edtima nacional para informar que uno de los marineros presentaba fracturas expuestas m\u00faltiples de tibia, peron\u00e9 y f\u00e9mur en la pierna izquierda, producto de un accidente ocurrido durante la realizaci\u00f3n de sus tareas a bordo.<\/p>\n<p>Ante este escenario, se establecieron radioconsultas con personal sanitario de la Instituci\u00f3n, que brind\u00f3 indicaciones m\u00e9dicas a distancia para estabilizar al herido, mientras se coordinaba de manera urgente su traslado.<img decoding=\"async\" class=\"alignnone size-full wp-image-41582 lazyload\" data-src=\"https:\/\/ecosdelsur.com\/wp-content\/uploads\/2026\/04\/WhatsApp-Image-2026-04-30-at-11.52.22.jpeg\" alt=\"\" width=\"1024\" height=\"597\" data-srcset=\"https:\/\/ecosdelsur.com\/wp-content\/uploads\/2026\/04\/WhatsApp-Image-2026-04-30-at-11.52.22.jpeg 1024w, https:\/\/ecosdelsur.com\/wp-content\/uploads\/2026\/04\/WhatsApp-Image-2026-04-30-at-11.52.22-300x175.jpeg 300w, https:\/\/ecosdelsur.com\/wp-content\/uploads\/2026\/04\/WhatsApp-Image-2026-04-30-at-11.52.22-768x448.jpeg 768w\" data-sizes=\"(max-width: 1024px) 100vw, 1024px\" src=\"data:image\/svg+xml;base64,PHN2ZyB3aWR0aD0iMSIgaGVpZ2h0PSIxIiB4bWxucz0iaHR0cDovL3d3dy53My5vcmcvMjAwMC9zdmciPjwvc3ZnPg==\" style=\"--smush-placeholder-width: 1024px; --smush-placeholder-aspect-ratio: 1024\/597;\" \/><\/p>\n<p>En ese contexto, desde el Aeropuerto de Comodoro Rivadavia despeg\u00f3 un avi\u00f3n para brindar apoyo y un helic\u00f3ptero de la Fuerza con nadadores de rescate y un m\u00e9dico a bordo, que se dirigi\u00f3 hacia la zona donde se encontraba el buque.<\/p>\n<p>Una vez que la aeronave se posicion\u00f3 sobre la embarcaci\u00f3n, en una maniobra de alta complejidad se logr\u00f3 izar al herido y ponerlo a salvo.<\/p>\n<p>Durante el transporte sanitario hacia el aer\u00f3dromo de Puerto Deseado, el paciente recibi\u00f3 las primeras atenciones. Finalmente, al arribar al lugar, fue trasladado en ambulancia al hospital distrital de la ciudad.<\/p>\n","protected":false},"excerpt":{"rendered":"<p>Jueves, 30 Abril 2026 &#8211; El operativo se desarroll\u00f3 aproximadamente a 85 millas n\u00e1uticas (alrededor de 157 kil\u00f3metros) de la<\/p>\n","protected":false},"author":8,"featured_media":41583,"comment_status":"open","ping_status":"closed","sticky":false,"template":"","format":"standard","meta":{"footnotes":""},"categories":[36],"tags":[],"class_list":["post-41577","post","type-post","status-publish","format-standard","has-post-thumbnail","hentry","category-policiales"],"_links":{"self":[{"href":"https:\/\/ecosdelsur.com\/index.php?rest_route=\/wp\/v2\/posts\/41577","targetHints":{"allow":["GET"]}}],"collection":[{"href":"https:\/\/ecosdelsur.com\/index.php?rest_route=\/wp\/v2\/posts"}],"about":[{"href":"https:\/\/ecosdelsur.com\/index.php?rest_route=\/wp\/v2\/types\/post"}],"author":[{"embeddable":true,"href":"https:\/\/ecosdelsur.com\/index.php?rest_route=\/wp\/v2\/users\/8"}],"replies":[{"embeddable":true,"href":"https:\/\/ecosdelsur.com\/index.php?rest_route=%2Fwp%2Fv2%2Fcomments&post=41577"}],"version-history":[{"count":1,"href":"https:\/\/ecosdelsur.com\/index.php?rest_route=\/wp\/v2\/posts\/41577\/revisions"}],"predecessor-version":[{"id":41584,"href":"https:\/\/ecosdelsur.com\/index.php?rest_route=\/wp\/v2\/posts\/41577\/revisions\/41584"}],"wp:featuredmedia":[{"embeddable":true,"href":"https:\/\/ecosdelsur.com\/index.php?rest_route=\/wp\/v2\/media\/41583"}],"wp:attachment":[{"href":"https:\/\/ecosdelsur.com\/index.php?rest_route=%2Fwp%2Fv2%2Fmedia&parent=41577"}],"wp:term":[{"taxonomy":"category","embeddable":true,"href":"https:\/\/ecosdelsur.com\/index.php?rest_route=%2Fwp%2Fv2%2Fcategories&post=41577"},{"taxonomy":"post_tag","embeddable":true,"href":"https:\/\/ecosdelsur.com\/index.php?rest_route=%2Fwp%2Fv2%2Ftags&post=41577"}],"curies":[{"name":"wp","href":"https:\/\/api.w.org\/{rel}","templated":true}]}}