{"id":41576,"date":"2026-04-30T11:58:05","date_gmt":"2026-04-30T14:58:05","guid":{"rendered":"https:\/\/ecosdelsur.com\/?p=41576"},"modified":"2026-04-30T11:58:05","modified_gmt":"2026-04-30T14:58:05","slug":"petroleros-privados-celebran-el-1-de-mayo-con-edificio-propio-en-la-capital-santacrucena","status":"publish","type":"post","link":"https:\/\/ecosdelsur.com\/?p=41576","title":{"rendered":"Petroleros privados celebran el 1\u00b0 de mayo con edificio propio en la capital santacruce\u00f1a"},"content":{"rendered":"<p>El Sindicato de Petroleros Privados de Santa Cruz inaugurar\u00e1 este 1\u00b0 de mayo su edificio propio en R\u00edo Gallegos, una obra esperada que busca mejorar la atenci\u00f3n a afiliados y consolidar el crecimiento institucional.<\/p>\n<p>El Sindicato de Petroleros Privados de Santa Cruz dar\u00e1 un paso hist\u00f3rico este 1\u00b0 de mayo con la inauguraci\u00f3n de su sede propia en R\u00edo Gallegos, en un acto que marcar\u00e1 un hito para la instituci\u00f3n y sus afiliados.<\/p>\n<p>La nueva infraestructura representa una obra largamente esperada por el gremio, que hasta ahora funcionaba en un inmueble alquilado ubicado en calle Maip\u00fa 2229. Seg\u00fan destac\u00f3 Pablo M\u00e9ndez, referente sindical, contar con un edificio propio no solo permitir\u00e1 mejorar las condiciones de atenci\u00f3n, sino tambi\u00e9n consolidar el crecimiento institucional a largo plazo.<\/p>\n<p>\u201cEs algo muy lindo, muy esperado. Son obras que quedan para la instituci\u00f3n y para los afiliados de por vida\u201d, expres\u00f3 en la previa del acto inaugural.<\/p>\n<p>Un espacio pensado para los afiliados<\/p>\n<p>La nueva sede fue dise\u00f1ada para brindar mayor comodidad y mejores servicios a los trabajadores petroleros y sus familias. All\u00ed podr\u00e1n canalizar consultas, reclamos y acceder a distintas gestiones vinculadas a la actividad gremial.<\/p>\n<p>Desde el sindicato remarcaron que, si bien la sede anterior hab\u00eda sido acondicionada para mejorar la atenci\u00f3n, el hecho de contar con un espacio propio marca un cambio significativo. \u201cEl alquilado siempre tiene limitaciones. Esto ya es propio y queda para todos los afiliados\u201d, se\u00f1al\u00f3 M\u00e9ndez.<\/p>\n<p>Acto inaugural y presencia de la conducci\u00f3n<\/p>\n<p>El acto de inauguraci\u00f3n est\u00e1 previsto para las 11:00 horas y contar\u00e1 con la presencia del secretario general del gremio, Rafael G\u00fcenchenen, junto a integrantes de la comisi\u00f3n directiva.<\/p>\n<p>Adem\u00e1s, se espera la participaci\u00f3n de trabajadores de distintas localidades de la provincia, especialmente de la zona norte, con quienes se compartir\u00e1 un desayuno y actividades alusivas a la jornada.<\/p>\n<p>La elecci\u00f3n del 1\u00b0 de mayo, en el marco del D\u00eda Internacional del Trabajador, no es casual: desde el gremio destacaron el valor simb\u00f3lico de inaugurar la sede en una fecha tan representativa para el movimiento obrero.<\/p>\n<p>Un paso m\u00e1s en el fortalecimiento gremial<\/p>\n<p>La concreci\u00f3n de esta obra se inscribe en un proceso de fortalecimiento institucional impulsado por la actual conducci\u00f3n del sindicato, con el objetivo de ampliar derechos, mejorar servicios y consolidar su presencia en toda la provincia.<\/p>\n<p>\u201cEs un momento importante para nuestra instituci\u00f3n y para todos los afiliados\u201d, destacaron desde el SIPGER, al tiempo que subrayaron que la nueva sede ser\u00e1 un punto de encuentro y referencia para los trabajadores petroleros.<\/p>\n","protected":false},"excerpt":{"rendered":"<p>El Sindicato de Petroleros Privados de Santa Cruz inaugurar\u00e1 este 1\u00b0 de mayo su edificio propio en R\u00edo Gallegos, una<\/p>\n","protected":false},"author":8,"featured_media":41578,"comment_status":"open","ping_status":"closed","sticky":false,"template":"","format":"standard","meta":{"footnotes":""},"categories":[368],"tags":[777,52,322],"class_list":["post-41576","post","type-post","status-publish","format-standard","has-post-thumbnail","hentry","category-gremiales","tag-inauguracion","tag-rio-gallegos","tag-sipger"],"_links":{"self":[{"href":"https:\/\/ecosdelsur.com\/index.php?rest_route=\/wp\/v2\/posts\/41576","targetHints":{"allow":["GET"]}}],"collection":[{"href":"https:\/\/ecosdelsur.com\/index.php?rest_route=\/wp\/v2\/posts"}],"about":[{"href":"https:\/\/ecosdelsur.com\/index.php?rest_route=\/wp\/v2\/types\/post"}],"author":[{"embeddable":true,"href":"https:\/\/ecosdelsur.com\/index.php?rest_route=\/wp\/v2\/users\/8"}],"replies":[{"embeddable":true,"href":"https:\/\/ecosdelsur.com\/index.php?rest_route=%2Fwp%2Fv2%2Fcomments&post=41576"}],"version-history":[{"count":1,"href":"https:\/\/ecosdelsur.com\/index.php?rest_route=\/wp\/v2\/posts\/41576\/revisions"}],"predecessor-version":[{"id":41579,"href":"https:\/\/ecosdelsur.com\/index.php?rest_route=\/wp\/v2\/posts\/41576\/revisions\/41579"}],"wp:featuredmedia":[{"embeddable":true,"href":"https:\/\/ecosdelsur.com\/index.php?rest_route=\/wp\/v2\/media\/41578"}],"wp:attachment":[{"href":"https:\/\/ecosdelsur.com\/index.php?rest_route=%2Fwp%2Fv2%2Fmedia&parent=41576"}],"wp:term":[{"taxonomy":"category","embeddable":true,"href":"https:\/\/ecosdelsur.com\/index.php?rest_route=%2Fwp%2Fv2%2Fcategories&post=41576"},{"taxonomy":"post_tag","embeddable":true,"href":"https:\/\/ecosdelsur.com\/index.php?rest_route=%2Fwp%2Fv2%2Ftags&post=41576"}],"curies":[{"name":"wp","href":"https:\/\/api.w.org\/{rel}","templated":true}]}}