{"id":41570,"date":"2026-04-30T02:08:45","date_gmt":"2026-04-30T05:08:45","guid":{"rendered":"https:\/\/ecosdelsur.com\/?p=41570"},"modified":"2026-04-30T02:08:50","modified_gmt":"2026-04-30T05:08:50","slug":"acciones-para-fortalecer-politicas-de-atencion-a-la-comunidad-extranjera","status":"publish","type":"post","link":"https:\/\/ecosdelsur.com\/?p=41570","title":{"rendered":"Acciones\u00a0para\u00a0fortalecer pol\u00edticas de atenci\u00f3n a la\u00a0comunidad\u00a0extranjera"},"content":{"rendered":"<header class=\"entry-header\"><span style=\"color: #ff0000; font-size: 16px;\">29 de abril de 2026 &#8211; <\/span>Con la premisa de dar continuidad a la agenda de trabajo iniciada el a\u00f1o pasado, la Municipalidad de Caleta Olivia, a trav\u00e9s de la Oficina de Extranjer\u00eda, llev\u00f3 adelante un nuevo encuentro de la Mesa Multisectorial de Extranjer\u00eda con la participaci\u00f3n de distintos organismos e instituciones de la ciudad.<\/header>\n<div class=\"entry-content si-entry\">\n<p>La reuni\u00f3n tuvo lugar este mi\u00e9rcoles 29 de abril en la sede del Centro de Residentes Catamarque\u00f1os y cont\u00f3 con representantes del Registro Civil de Caleta Olivia y Ca\u00f1ad\u00f3n Seco, seccionales de Polic\u00eda de la ciudad,\u00a0universidad y diferentes dependencias municipales.<\/p>\n<figure class=\"wp-block-image size-large\"><img decoding=\"async\" class=\"wp-image-18460 lazyload\" data-src=\"https:\/\/caletaolivia.gov.ar\/wp-content\/uploads\/2026\/04\/Diseno-para-Web.zip-2-15-1024x576.jpeg\" data-sizes=\"(max-width: 1024px) 100vw, 1024px\" data-srcset=\"https:\/\/caletaolivia.gov.ar\/wp-content\/uploads\/2026\/04\/Diseno-para-Web.zip-2-15-1024x576.jpeg 1024w, https:\/\/caletaolivia.gov.ar\/wp-content\/uploads\/2026\/04\/Diseno-para-Web.zip-2-15-300x169.jpeg 300w, https:\/\/caletaolivia.gov.ar\/wp-content\/uploads\/2026\/04\/Diseno-para-Web.zip-2-15-768x432.jpeg 768w, https:\/\/caletaolivia.gov.ar\/wp-content\/uploads\/2026\/04\/Diseno-para-Web.zip-2-15-1536x864.jpeg 1536w, https:\/\/caletaolivia.gov.ar\/wp-content\/uploads\/2026\/04\/Diseno-para-Web.zip-2-15.jpeg 1600w\" alt=\"\" width=\"1024\" height=\"576\" src=\"data:image\/svg+xml;base64,PHN2ZyB3aWR0aD0iMSIgaGVpZ2h0PSIxIiB4bWxucz0iaHR0cDovL3d3dy53My5vcmcvMjAwMC9zdmciPjwvc3ZnPg==\" style=\"--smush-placeholder-width: 1024px; --smush-placeholder-aspect-ratio: 1024\/576;\" \/><\/figure>\n<p>En este marco,\u00a0M\u00f3nica\u00a0J\u00e1imez, directora\u00a0de la Oficina de Extranjer\u00eda,\u00a0dependiente de la Secretar\u00eda de Estrategia y Gesti\u00f3n Operativa,\u00a0explic\u00f3 que el\u00a0encuentro tiene\u00a0como finalidad intercambiar necesidades\u00a0y\u00a0problem\u00e1ticas\u00a0entre las diferentes instituciones, tanto municipales,\u00a0como\u00a0provinciales y nacionales.<\/p>\n<p>\u201cNo solamente nos limitamos al tema de tr\u00e1mites, sino tambi\u00e9n a la integridad\u00a0social\u201d,\u00a0subray\u00f3,\u00a0al referirse a la importancia de este tipo de\u00a0reuniones, que permiten articular acciones entre los distintos sectores involucrados.<\/p>\n<figure class=\"wp-block-image size-large\"><img decoding=\"async\" class=\"wp-image-18461 lazyload\" data-src=\"https:\/\/caletaolivia.gov.ar\/wp-content\/uploads\/2026\/04\/Diseno-para-Web.zip-4-5-1024x576.jpeg\" data-sizes=\"(max-width: 1024px) 100vw, 1024px\" data-srcset=\"https:\/\/caletaolivia.gov.ar\/wp-content\/uploads\/2026\/04\/Diseno-para-Web.zip-4-5-1024x576.jpeg 1024w, https:\/\/caletaolivia.gov.ar\/wp-content\/uploads\/2026\/04\/Diseno-para-Web.zip-4-5-300x169.jpeg 300w, https:\/\/caletaolivia.gov.ar\/wp-content\/uploads\/2026\/04\/Diseno-para-Web.zip-4-5-768x432.jpeg 768w, https:\/\/caletaolivia.gov.ar\/wp-content\/uploads\/2026\/04\/Diseno-para-Web.zip-4-5-1536x864.jpeg 1536w, https:\/\/caletaolivia.gov.ar\/wp-content\/uploads\/2026\/04\/Diseno-para-Web.zip-4-5.jpeg 1600w\" alt=\"\" width=\"1024\" height=\"576\" src=\"data:image\/svg+xml;base64,PHN2ZyB3aWR0aD0iMSIgaGVpZ2h0PSIxIiB4bWxucz0iaHR0cDovL3d3dy53My5vcmcvMjAwMC9zdmciPjwvc3ZnPg==\" style=\"--smush-placeholder-width: 1024px; --smush-placeholder-aspect-ratio: 1024\/576;\" \/><\/figure>\n<p>La funcionaria\u00a0se\u00f1al\u00f3\u00a0que,\u00a0tras una etapa inicial informativa\u00a0concretada en el encuentro\u00a0del 2025, actualmente se avanza en nuevos lineamientos, propuestas, acuerdos y un diagn\u00f3stico actualizado del trabajo realizado.<\/p>\n<p>Finalmente resalt\u00f3\u00a0que,\u00a0desde la Secretar\u00eda de Estrategia y Gesti\u00f3n Operativa,\u00a0\u201cuna de las prioridades es el bienestardel extranjero\u00a0que forma parte de la comunidad caletense\u201d, por lo que la\u00a0participaci\u00f3n de todas las dependencias, permitir\u00e1 avanzar\u00a0en\u00a0ese objetivo,\u00a0aunando\u00a0criterios para\u00a0contribuir a la agilidad de\u00a0ciertos tr\u00e1mites.<\/p>\n<\/div>\n","protected":false},"excerpt":{"rendered":"<p>29 de abril de 2026 &#8211; Con la premisa de dar continuidad a la agenda de trabajo iniciada el a\u00f1o<\/p>\n","protected":false},"author":8,"featured_media":41571,"comment_status":"open","ping_status":"closed","sticky":false,"template":"","format":"standard","meta":{"footnotes":""},"categories":[35],"tags":[],"class_list":["post-41570","post","type-post","status-publish","format-standard","has-post-thumbnail","hentry","category-sociedad"],"_links":{"self":[{"href":"https:\/\/ecosdelsur.com\/index.php?rest_route=\/wp\/v2\/posts\/41570","targetHints":{"allow":["GET"]}}],"collection":[{"href":"https:\/\/ecosdelsur.com\/index.php?rest_route=\/wp\/v2\/posts"}],"about":[{"href":"https:\/\/ecosdelsur.com\/index.php?rest_route=\/wp\/v2\/types\/post"}],"author":[{"embeddable":true,"href":"https:\/\/ecosdelsur.com\/index.php?rest_route=\/wp\/v2\/users\/8"}],"replies":[{"embeddable":true,"href":"https:\/\/ecosdelsur.com\/index.php?rest_route=%2Fwp%2Fv2%2Fcomments&post=41570"}],"version-history":[{"count":1,"href":"https:\/\/ecosdelsur.com\/index.php?rest_route=\/wp\/v2\/posts\/41570\/revisions"}],"predecessor-version":[{"id":41572,"href":"https:\/\/ecosdelsur.com\/index.php?rest_route=\/wp\/v2\/posts\/41570\/revisions\/41572"}],"wp:featuredmedia":[{"embeddable":true,"href":"https:\/\/ecosdelsur.com\/index.php?rest_route=\/wp\/v2\/media\/41571"}],"wp:attachment":[{"href":"https:\/\/ecosdelsur.com\/index.php?rest_route=%2Fwp%2Fv2%2Fmedia&parent=41570"}],"wp:term":[{"taxonomy":"category","embeddable":true,"href":"https:\/\/ecosdelsur.com\/index.php?rest_route=%2Fwp%2Fv2%2Fcategories&post=41570"},{"taxonomy":"post_tag","embeddable":true,"href":"https:\/\/ecosdelsur.com\/index.php?rest_route=%2Fwp%2Fv2%2Ftags&post=41570"}],"curies":[{"name":"wp","href":"https:\/\/api.w.org\/{rel}","templated":true}]}}