{"id":41562,"date":"2026-04-30T01:19:48","date_gmt":"2026-04-30T04:19:48","guid":{"rendered":"https:\/\/ecosdelsur.com\/?p=41562"},"modified":"2026-04-30T01:20:06","modified_gmt":"2026-04-30T04:20:06","slug":"1-plenario-de-trabajadores-del-frente-sindical-decreto-paro-y-movilizacion","status":"publish","type":"post","link":"https:\/\/ecosdelsur.com\/?p=41562","title":{"rendered":"1\u00b0 Plenario de trabajadores del Frente Sindical decreto paro y movilizaci\u00f3n"},"content":{"rendered":"<p>El Frente Gremial de trabajadores estatales de Caleta Olivia mantuvo un plenario general para acordar la elaboraci\u00f3n de un documento cr\u00edtico. <img decoding=\"async\" class=\"alignnone size-full wp-image-41566 lazyload\" data-src=\"https:\/\/ecosdelsur.com\/wp-content\/uploads\/2026\/04\/congreso4.jpg\" alt=\"\" width=\"1024\" height=\"675\" data-srcset=\"https:\/\/ecosdelsur.com\/wp-content\/uploads\/2026\/04\/congreso4.jpg 1024w, https:\/\/ecosdelsur.com\/wp-content\/uploads\/2026\/04\/congreso4-300x198.jpg 300w, https:\/\/ecosdelsur.com\/wp-content\/uploads\/2026\/04\/congreso4-768x506.jpg 768w\" data-sizes=\"(max-width: 1024px) 100vw, 1024px\" src=\"data:image\/svg+xml;base64,PHN2ZyB3aWR0aD0iMSIgaGVpZ2h0PSIxIiB4bWxucz0iaHR0cDovL3d3dy53My5vcmcvMjAwMC9zdmciPjwvc3ZnPg==\" style=\"--smush-placeholder-width: 1024px; --smush-placeholder-aspect-ratio: 1024\/675;\" \/><\/p>\n<p>Tambi\u00e9n votaron que el 30 de abril, decretaron paro y movilizaci\u00f3n, que va a dar inicio a partir de la 15 horas, desde la la Plaza 20 de Noviembre.<img decoding=\"async\" class=\"alignnone size-full wp-image-41567 lazyload\" data-src=\"https:\/\/ecosdelsur.com\/wp-content\/uploads\/2026\/04\/congreso5.jpg\" alt=\"\" width=\"870\" height=\"462\" data-srcset=\"https:\/\/ecosdelsur.com\/wp-content\/uploads\/2026\/04\/congreso5.jpg 870w, https:\/\/ecosdelsur.com\/wp-content\/uploads\/2026\/04\/congreso5-300x159.jpg 300w, https:\/\/ecosdelsur.com\/wp-content\/uploads\/2026\/04\/congreso5-768x408.jpg 768w\" data-sizes=\"(max-width: 870px) 100vw, 870px\" src=\"data:image\/svg+xml;base64,PHN2ZyB3aWR0aD0iMSIgaGVpZ2h0PSIxIiB4bWxucz0iaHR0cDovL3d3dy53My5vcmcvMjAwMC9zdmciPjwvc3ZnPg==\" style=\"--smush-placeholder-width: 870px; --smush-placeholder-aspect-ratio: 870\/462;\" \/><\/p>\n<p id=\"p-1777498435784-3770\">Las deliberaciones se realizaron a media tarde de este mi\u00e9rcoles en la sede de la Asociaci\u00f3n Docentes de Santa Cruz (ADOSAC), con la presencia de dirigentes y afiliados a esa instituci\u00f3n, de la Asociaci\u00f3n Trabajadores del Estado (ATE), de la Asociaci\u00f3n de Empleados Judiciales (incluyendo una representaci\u00f3n de la delegaci\u00f3n Pico Truncado), de la Asociaci\u00f3n de Profesionales de la Salud (APROSA) y de la CTA Aut\u00f3noma.<img decoding=\"async\" class=\"alignnone size-full wp-image-41564 lazyload\" data-src=\"https:\/\/ecosdelsur.com\/wp-content\/uploads\/2026\/04\/congreso1.jpg\" alt=\"\" width=\"799\" height=\"487\" data-srcset=\"https:\/\/ecosdelsur.com\/wp-content\/uploads\/2026\/04\/congreso1.jpg 799w, https:\/\/ecosdelsur.com\/wp-content\/uploads\/2026\/04\/congreso1-300x183.jpg 300w, https:\/\/ecosdelsur.com\/wp-content\/uploads\/2026\/04\/congreso1-768x468.jpg 768w\" data-sizes=\"(max-width: 799px) 100vw, 799px\" src=\"data:image\/svg+xml;base64,PHN2ZyB3aWR0aD0iMSIgaGVpZ2h0PSIxIiB4bWxucz0iaHR0cDovL3d3dy53My5vcmcvMjAwMC9zdmciPjwvc3ZnPg==\" style=\"--smush-placeholder-width: 799px; --smush-placeholder-aspect-ratio: 799\/487;\" \/><\/p>\n<p id=\"p-1777498435784-77542\">A ellos se sumaron integrantes de agrupaciones sociales, como el Polo Obrero y la Federaci\u00f3n Nacional Territorial.<\/p>\n<p id=\"p-1777498435784-42672\">En ese marco, previo a la lectura de un borrador base, cada sector dio a conocer las problem\u00e1ticas que los afectan, que en t\u00e9rminos generales son coincidentes, como la demora en el llamado a paritarias salariales para compensar el alto costo de vida producto del proceso inflacionario; preocupaci\u00f3n por la p\u00e9rdida de puestos laborales; incremento de los niveles de pobreza y malestar por la latente puesta en vigencia de la Ley de Emergencia Econ\u00f3mica.<img decoding=\"async\" class=\"alignnone size-full wp-image-41565 lazyload\" data-src=\"https:\/\/ecosdelsur.com\/wp-content\/uploads\/2026\/04\/congreso3.jpg\" alt=\"\" width=\"1024\" height=\"542\" data-srcset=\"https:\/\/ecosdelsur.com\/wp-content\/uploads\/2026\/04\/congreso3.jpg 1024w, https:\/\/ecosdelsur.com\/wp-content\/uploads\/2026\/04\/congreso3-300x159.jpg 300w, https:\/\/ecosdelsur.com\/wp-content\/uploads\/2026\/04\/congreso3-768x407.jpg 768w, https:\/\/ecosdelsur.com\/wp-content\/uploads\/2026\/04\/congreso3-390x205.jpg 390w\" data-sizes=\"(max-width: 1024px) 100vw, 1024px\" src=\"data:image\/svg+xml;base64,PHN2ZyB3aWR0aD0iMSIgaGVpZ2h0PSIxIiB4bWxucz0iaHR0cDovL3d3dy53My5vcmcvMjAwMC9zdmciPjwvc3ZnPg==\" style=\"--smush-placeholder-width: 1024px; --smush-placeholder-aspect-ratio: 1024\/542;\" \/><\/p>\n<p id=\"p-1777498435784-79046\">El documento se conocer\u00e1 en el acto central del viernes 1\u00ba de Mayo con motivo de conmemorarse el D\u00eda Internacional del Trabajo. El mismo tendr\u00e1 lugar en horas del mediod\u00eda en la plaza 20 de Noviembre, luego de una marcha que partir\u00e1 desde la plazoleta del Gorosito. Se anticip\u00f3 que el manifiesto de los trabajadores contendr\u00e1 severas cr\u00edticas, tanto al gobierno provincial como al nacional de Javier Milei.<\/p>\n<p id=\"p-1777498435784-57292\">Adem\u00e1s, en la plaza ubicada a cinco cuadras del microcentro, el gremio de camioneros tiene previsto preparar tres ollas populares para distribuir gratuitamente m\u00e1s de tres mil porciones de locro criollo.<\/p>\n","protected":false},"excerpt":{"rendered":"<p>El Frente Gremial de trabajadores estatales de Caleta Olivia mantuvo un plenario general para acordar la elaboraci\u00f3n de un documento<\/p>\n","protected":false},"author":8,"featured_media":41563,"comment_status":"open","ping_status":"closed","sticky":false,"template":"","format":"standard","meta":{"footnotes":""},"categories":[34],"tags":[],"class_list":["post-41562","post","type-post","status-publish","format-standard","has-post-thumbnail","hentry","category-economia"],"_links":{"self":[{"href":"https:\/\/ecosdelsur.com\/index.php?rest_route=\/wp\/v2\/posts\/41562","targetHints":{"allow":["GET"]}}],"collection":[{"href":"https:\/\/ecosdelsur.com\/index.php?rest_route=\/wp\/v2\/posts"}],"about":[{"href":"https:\/\/ecosdelsur.com\/index.php?rest_route=\/wp\/v2\/types\/post"}],"author":[{"embeddable":true,"href":"https:\/\/ecosdelsur.com\/index.php?rest_route=\/wp\/v2\/users\/8"}],"replies":[{"embeddable":true,"href":"https:\/\/ecosdelsur.com\/index.php?rest_route=%2Fwp%2Fv2%2Fcomments&post=41562"}],"version-history":[{"count":1,"href":"https:\/\/ecosdelsur.com\/index.php?rest_route=\/wp\/v2\/posts\/41562\/revisions"}],"predecessor-version":[{"id":41569,"href":"https:\/\/ecosdelsur.com\/index.php?rest_route=\/wp\/v2\/posts\/41562\/revisions\/41569"}],"wp:featuredmedia":[{"embeddable":true,"href":"https:\/\/ecosdelsur.com\/index.php?rest_route=\/wp\/v2\/media\/41563"}],"wp:attachment":[{"href":"https:\/\/ecosdelsur.com\/index.php?rest_route=%2Fwp%2Fv2%2Fmedia&parent=41562"}],"wp:term":[{"taxonomy":"category","embeddable":true,"href":"https:\/\/ecosdelsur.com\/index.php?rest_route=%2Fwp%2Fv2%2Fcategories&post=41562"},{"taxonomy":"post_tag","embeddable":true,"href":"https:\/\/ecosdelsur.com\/index.php?rest_route=%2Fwp%2Fv2%2Ftags&post=41562"}],"curies":[{"name":"wp","href":"https:\/\/api.w.org\/{rel}","templated":true}]}}