{"id":41558,"date":"2026-04-30T00:22:35","date_gmt":"2026-04-30T03:22:35","guid":{"rendered":"https:\/\/ecosdelsur.com\/?p=41558"},"modified":"2026-04-30T00:22:35","modified_gmt":"2026-04-30T03:22:35","slug":"carrizo-fue-una-reunion-con-muchas-esperanzas-para-la-produccion","status":"publish","type":"post","link":"https:\/\/ecosdelsur.com\/?p=41558","title":{"rendered":"Carrizo: \u201cFue una reuni\u00f3n con muchas esperanzas para la producci\u00f3n\u201d"},"content":{"rendered":"<p><span style=\"color: #ff0000;\">Mi\u00e9rcoles, 29 Abril 2026 <\/span>El intendente de Caleta Olivia valor\u00f3 la convocatoria del Gobierno de Santa Cruz y adelant\u00f3 proyectos productivos clave para la localidad, como el desarrollo del turismo con avistaje de ballenas.<img decoding=\"async\" class=\"alignnone size-full wp-image-41560 lazyload\" data-src=\"https:\/\/ecosdelsur.com\/wp-content\/uploads\/2026\/04\/pabb.jpg\" alt=\"\" width=\"900\" height=\"600\" data-srcset=\"https:\/\/ecosdelsur.com\/wp-content\/uploads\/2026\/04\/pabb.jpg 900w, https:\/\/ecosdelsur.com\/wp-content\/uploads\/2026\/04\/pabb-300x200.jpg 300w, https:\/\/ecosdelsur.com\/wp-content\/uploads\/2026\/04\/pabb-768x512.jpg 768w\" data-sizes=\"(max-width: 900px) 100vw, 900px\" src=\"data:image\/svg+xml;base64,PHN2ZyB3aWR0aD0iMSIgaGVpZ2h0PSIxIiB4bWxucz0iaHR0cDovL3d3dy53My5vcmcvMjAwMC9zdmciPjwvc3ZnPg==\" style=\"--smush-placeholder-width: 900px; --smush-placeholder-aspect-ratio: 900\/600;\" \/><\/p>\n<div class=\"itemFullText\">\n<p>Luego de la reuni\u00f3n encabezada por el Gobierno de\u00a0<strong>Claudio Vidal<\/strong>\u00a0en el predio de Santa Cruz Puede S.A.U., el intendente de Caleta Olivia,\u00a0<strong>Pablo Carrizo<\/strong>, destac\u00f3 el impacto positivo del encuentro para proyectar el crecimiento de las localidades.<\/p>\n<p><strong>\u201cFue una reuni\u00f3n muy importante<\/strong>, con muchas esperanzas en lo que tiene que ver con la producci\u00f3n en la provincia\u201d, expres\u00f3.<\/p>\n<p>El jefe comunal remarc\u00f3 la importancia de recibir informaci\u00f3n de primera mano y compartir espacios con otros intendentes para fortalecer una agenda com\u00fan.<\/p>\n<p><strong>Santa Cruz Puede: una herramienta clave para el crecimiento<\/strong><\/p>\n<p>Durante la jornada, Carrizo valor\u00f3 el\u00a0<strong>rol de la empresa estatal como motor para impulsar proyectos productivos en distintos puntos del territorio<\/strong>. \u201cNos llevamos un buen mensaje para transmitirle a cada una de las localidades\u201d, se\u00f1al\u00f3.<\/p>\n<p>En ese sentido, destac\u00f3 la posibilidad de trabajar articuladamente con el Gobierno provincial para generar oportunidades concretas de desarrollo econ\u00f3mico.<\/p>\n<p>Uno de los ejes principales planteados por el intendente fue el impulso al turismo como nueva matriz productiva para Caleta Olivia.<\/p>\n<p>Entre las iniciativas se destaca: Desarrollo del avistaje de ballenas, el proyecto \u201cCiudad de las Ballenas\u201d<\/p>\n<p>\u201cEs un proyecto muy ambicioso que estamos muy cerca de concretar\u201d, afirm\u00f3 Carrizo. La propuesta busca posicionar a la localidad como un destino tur\u00edstico clave en la provincia, diversificando su econom\u00eda.<\/p>\n<p><strong>Trabajo articulado con el Gobierno y mirada a futuro<\/strong><\/p>\n<p>Carrizo tambi\u00e9n resalt\u00f3 el\u00a0<strong>v\u00ednculo institucional con autoridades provinciales<\/strong>, incluyendo al gobernador y ministros presentes en el encuentro.<\/p>\n<p>\u201cEs importante que los funcionarios nos acerquen la realidad de la provincia y trabajemos en conjunto\u201d, sostuvo.<\/p>\n<p>En esa l\u00ednea, destac\u00f3 que la articulaci\u00f3n con el Ejecutivo permite avanzar en \u00e1reas clave como: Educaci\u00f3n, Salud, Seguridad y Producci\u00f3n.<\/p>\n<p><strong>Respuesta a las demandas y planificaci\u00f3n a corto plazo<\/strong><\/p>\n<p>El intendente subray\u00f3 que uno de los objetivos centrales es dar respuestas concretas a las demandas de los vecinos, con una mirada de corto plazo. \u201cTenemos que trabajar en equipo para solucionar las necesidades de la comunidad\u201d, afirm\u00f3.<\/p>\n<p>La participaci\u00f3n de intendentes como Carrizo refuerza una pol\u00edtica del gobierno provincial que busca potenciar el desarrollo local con una visi\u00f3n integral y federal, donde cada localidad pueda proyectar su crecimiento en base a sus propios recursos y oportunidades.<\/p>\n<\/div>\n","protected":false},"excerpt":{"rendered":"<p>Mi\u00e9rcoles, 29 Abril 2026 El intendente de Caleta Olivia valor\u00f3 la convocatoria del Gobierno de Santa Cruz y adelant\u00f3 proyectos<\/p>\n","protected":false},"author":8,"featured_media":41559,"comment_status":"open","ping_status":"closed","sticky":false,"template":"","format":"standard","meta":{"footnotes":""},"categories":[87],"tags":[],"class_list":["post-41558","post","type-post","status-publish","format-standard","has-post-thumbnail","hentry","category-provinciales"],"_links":{"self":[{"href":"https:\/\/ecosdelsur.com\/index.php?rest_route=\/wp\/v2\/posts\/41558","targetHints":{"allow":["GET"]}}],"collection":[{"href":"https:\/\/ecosdelsur.com\/index.php?rest_route=\/wp\/v2\/posts"}],"about":[{"href":"https:\/\/ecosdelsur.com\/index.php?rest_route=\/wp\/v2\/types\/post"}],"author":[{"embeddable":true,"href":"https:\/\/ecosdelsur.com\/index.php?rest_route=\/wp\/v2\/users\/8"}],"replies":[{"embeddable":true,"href":"https:\/\/ecosdelsur.com\/index.php?rest_route=%2Fwp%2Fv2%2Fcomments&post=41558"}],"version-history":[{"count":1,"href":"https:\/\/ecosdelsur.com\/index.php?rest_route=\/wp\/v2\/posts\/41558\/revisions"}],"predecessor-version":[{"id":41561,"href":"https:\/\/ecosdelsur.com\/index.php?rest_route=\/wp\/v2\/posts\/41558\/revisions\/41561"}],"wp:featuredmedia":[{"embeddable":true,"href":"https:\/\/ecosdelsur.com\/index.php?rest_route=\/wp\/v2\/media\/41559"}],"wp:attachment":[{"href":"https:\/\/ecosdelsur.com\/index.php?rest_route=%2Fwp%2Fv2%2Fmedia&parent=41558"}],"wp:term":[{"taxonomy":"category","embeddable":true,"href":"https:\/\/ecosdelsur.com\/index.php?rest_route=%2Fwp%2Fv2%2Fcategories&post=41558"},{"taxonomy":"post_tag","embeddable":true,"href":"https:\/\/ecosdelsur.com\/index.php?rest_route=%2Fwp%2Fv2%2Ftags&post=41558"}],"curies":[{"name":"wp","href":"https:\/\/api.w.org\/{rel}","templated":true}]}}