{"id":41552,"date":"2026-04-29T20:15:05","date_gmt":"2026-04-29T23:15:05","guid":{"rendered":"https:\/\/ecosdelsur.com\/?p=41552"},"modified":"2026-04-29T20:17:09","modified_gmt":"2026-04-29T23:17:09","slug":"santa-cruz-extiende-resguardos-docentes-y-refuerza-una-politica-de-estado-para-sostener-el-empleo-educativo","status":"publish","type":"post","link":"https:\/\/ecosdelsur.com\/?p=41552","title":{"rendered":"Santa Cruz extiende resguardos docentes y refuerza una pol\u00edtica de Estado para sostener el empleo educativo"},"content":{"rendered":"<div class=\"itemToolbar2\">\n<p><span style=\"color: #ff0000;\">\u00a0<span class=\"itemDateCreated\">Mi\u00e9rcoles, 29 Abril 2026 &#8211;<\/span><\/span>El Gobierno provincial oficializ\u00f3 la continuidad de los resguardos laborales durante mayo de 2026. La medida, enmarcada en una pol\u00edtica de Estado, busca garantizar la estabilidad docente frente a la ca\u00edda de matr\u00edcula y reorganizar el sistema educativo sin p\u00e9rdida de puestos de trabajo.<\/p>\n<\/div>\n<div class=\"itemFullText\">\n<p>El Consejo Provincial de Educaci\u00f3n formaliz\u00f3 la continuidad de los\u00a0<strong>resguardos laborales<\/strong>\u00a0docentes durante mayo de 2026, mediante la\u00a0 Resoluci\u00f3n\u00a0 N\u00b0 1023 firmada en R\u00edo Gallegos el 28 de abril.<\/p>\n<p>La medida no surge de manera aislada: da continuidad a decisiones previas adoptadas durante este a\u00f1o y ratifica una l\u00ednea de gesti\u00f3n que el\u00a0<strong>Gobierno provincial defini\u00f3 como pol\u00edtica de Estado: el sostenimiento de las fuentes laborales en el sistema educativo.<\/strong><\/p>\n<p>En concreto, la resoluci\u00f3n ampl\u00eda los alcances de normativas anteriores que ya hab\u00edan extendido estos resguardos hasta marzo y abril, consolidando ahora su vigencia hasta el 31 de mayo.<\/p>\n<p><strong>Ca\u00edda de matr\u00edcula y respuesta estatal<\/strong><\/p>\n<p>El contexto que motiva la decisi\u00f3n es claro: una disminuci\u00f3n de aproximadamente 7.000 estudiantes en toda la provincia, con impacto directo en las aulas, especialmente en el nivel inicial.<\/p>\n<p><strong>En condiciones normales, este escenario implicar\u00eda:<\/strong><\/p>\n<p>-Cierre de salas sin alumnos<\/p>\n<p>-Baja de cargos docentes<\/p>\n<p>-Recategorizaci\u00f3n institucional<\/p>\n<p>-Reducci\u00f3n de cargos directivos.<\/p>\n<p>-Baja de cargos del departamento de orientaci\u00f3n de secundaria\u00a0 y secretarios.<\/p>\n<p>Sin embargo, la administraci\u00f3n provincial opt\u00f3 por otro camino. En lugar de aplicar ajustes estructurales, decidi\u00f3 preservar los puestos de trabajo docentes, evitando el impacto directo sobre el empleo.<\/p>\n<p><strong>Resguardos laborales: qu\u00e9 significan en la pr\u00e1ctica<\/strong><\/p>\n<p>El concepto de\u00a0<strong>resguardo<\/strong>\u00a0implica que, aun cuando la matr\u00edcula no justifique determinados cargos seg\u00fan la normativa vigente,\u00a0<strong>los docentes contin\u00faan en funciones y cobrando sus sueldos.<\/strong><\/p>\n<p>Pero la medida no se limita a una l\u00f3gica de contenci\u00f3n: Se reorganizan las instituciones educativas. Se redefinen funciones y se orienta el trabajo hacia el fortalecimiento de las trayectorias escolares<\/p>\n<p>Es decir,\u00a0<strong>el sostenimiento del empleo se combina con una reconfiguraci\u00f3n pedag\u00f3gica del sistema<\/strong>, buscando que la decisi\u00f3n tenga impacto tambi\u00e9n en la calidad educativa.<\/p>\n<p><strong>Ir mes a mes y una negociaci\u00f3n frustrada<\/strong><\/p>\n<p>Cabe recordar que el 12 noviembre de 2025, el Gobierno provincial propuso en paritarias garantizar los resguardos durante todo 2026, pero la iniciativa fue rechazada por el gremio docente en paritaria del 20 de noviembre seg\u00fan acta 13.<\/p>\n<p>Posteriormente,\u00a0<strong>ya en el inicio de este a\u00f1o<\/strong>, y a pedido de la representaci\u00f3n sindical, se acord\u00f3 avanzar en un esquema diferente: la extensi\u00f3n mensual de los resguardos&#8221; y una *evaluaci\u00f3n peri\u00f3dica de la situaci\u00f3n.<\/p>\n<p>La resoluci\u00f3n emitida este martes por el Consejo Provincial de Educaci\u00f3n responde, precisamente, a ese mecanismo de renovaci\u00f3n mes a mes.<\/p>\n<p><strong>Una se\u00f1al pol\u00edtica: sostener el empleo en tiempos de ajuste estructural<\/strong><\/p>\n<p>La decisi\u00f3n de extender los resguardos vuelve a poner en evidencia el enfoque del Gobierno provincial frente a un problema estructural: menos alumnos, pero sin trasladar ese ajuste al empleo docente.<\/p>\n<p>En ese sentido, la medida\u00a0<strong>consolida una definici\u00f3n pol\u00edtica que busca equilibrar variables sensibles: La sostenibilidad del sistema educativo; la estabilidad laboral y la reorganizaci\u00f3n institucional.<\/strong><\/p>\n<p>Con la extensi\u00f3n hasta mayo,\u00a0<strong>la Provincia ratifica que el camino elegido no es el recorte autom\u00e1tico, sino una administraci\u00f3n gradual, negociada y con foco en la continuidad laboral.<\/strong><\/p>\n<\/div>\n","protected":false},"excerpt":{"rendered":"<p>\u00a0Mi\u00e9rcoles, 29 Abril 2026 &#8211;El Gobierno provincial oficializ\u00f3 la continuidad de los resguardos laborales durante mayo de 2026. La medida,<\/p>\n","protected":false},"author":8,"featured_media":41553,"comment_status":"open","ping_status":"closed","sticky":false,"template":"","format":"standard","meta":{"footnotes":""},"categories":[90],"tags":[],"class_list":["post-41552","post","type-post","status-publish","format-standard","has-post-thumbnail","hentry","category-educacion-2"],"_links":{"self":[{"href":"https:\/\/ecosdelsur.com\/index.php?rest_route=\/wp\/v2\/posts\/41552","targetHints":{"allow":["GET"]}}],"collection":[{"href":"https:\/\/ecosdelsur.com\/index.php?rest_route=\/wp\/v2\/posts"}],"about":[{"href":"https:\/\/ecosdelsur.com\/index.php?rest_route=\/wp\/v2\/types\/post"}],"author":[{"embeddable":true,"href":"https:\/\/ecosdelsur.com\/index.php?rest_route=\/wp\/v2\/users\/8"}],"replies":[{"embeddable":true,"href":"https:\/\/ecosdelsur.com\/index.php?rest_route=%2Fwp%2Fv2%2Fcomments&post=41552"}],"version-history":[{"count":1,"href":"https:\/\/ecosdelsur.com\/index.php?rest_route=\/wp\/v2\/posts\/41552\/revisions"}],"predecessor-version":[{"id":41554,"href":"https:\/\/ecosdelsur.com\/index.php?rest_route=\/wp\/v2\/posts\/41552\/revisions\/41554"}],"wp:featuredmedia":[{"embeddable":true,"href":"https:\/\/ecosdelsur.com\/index.php?rest_route=\/wp\/v2\/media\/41553"}],"wp:attachment":[{"href":"https:\/\/ecosdelsur.com\/index.php?rest_route=%2Fwp%2Fv2%2Fmedia&parent=41552"}],"wp:term":[{"taxonomy":"category","embeddable":true,"href":"https:\/\/ecosdelsur.com\/index.php?rest_route=%2Fwp%2Fv2%2Fcategories&post=41552"},{"taxonomy":"post_tag","embeddable":true,"href":"https:\/\/ecosdelsur.com\/index.php?rest_route=%2Fwp%2Fv2%2Ftags&post=41552"}],"curies":[{"name":"wp","href":"https:\/\/api.w.org\/{rel}","templated":true}]}}