{"id":41549,"date":"2026-04-29T18:48:44","date_gmt":"2026-04-29T21:48:44","guid":{"rendered":"https:\/\/ecosdelsur.com\/?p=41549"},"modified":"2026-04-29T18:48:44","modified_gmt":"2026-04-29T21:48:44","slug":"la-cgt-zona-norte-convoca-a-marcha-y-olla-popular-en-caleta-olivia-en-un-contexto-de-crisis-economica-y-tension-politica","status":"publish","type":"post","link":"https:\/\/ecosdelsur.com\/?p=41549","title":{"rendered":"La CGT Zona Norte convoca a marcha y olla popular en Caleta Olivia en un contexto de crisis econ\u00f3mica y tensi\u00f3n pol\u00edtica"},"content":{"rendered":"<p>En el marco de una creciente conflictividad social y econ\u00f3mica, la CGT de la zona norte de Santa Cruz anunci\u00f3 una movilizaci\u00f3n para este mi\u00e9rcoles 30 de abril en Caleta Olivia, junto a una jornada solidaria por el D\u00eda del Trabajador que incluir\u00e1 una olla popular abierta a la comunidad.<\/p>\n<p>La convocatoria fue confirmada por Sergio Sarmiento, integrante del triunvirato de la CGT regional, en di\u00e1logo con el programa radial La Data en Ecos Noticias, donde adem\u00e1s traz\u00f3 un duro diagn\u00f3stico sobre la situaci\u00f3n actual y cuestion\u00f3 con firmeza al gobierno nacional.<\/p>\n<p>Movilizaci\u00f3n y jornada solidaria<\/p>\n<p>Seg\u00fan detall\u00f3 Sarmiento, la marcha se realizar\u00e1 este jueves con concentraci\u00f3n a las 15 horas en la plaza central de la ciudad, desde donde los manifestantes se dirigir\u00e1n hacia el monumento al Gorosito. All\u00ed se dar\u00e1 lectura a un documento con cr\u00edticas a las pol\u00edticas econ\u00f3micas vigentes y su impacto en los trabajadores.<\/p>\n<p>En tanto, el viernes 1 de mayo, D\u00eda Internacional del Trabajador, la CGT junto a distintos sindicatos organizar\u00e1 una olla popular en la plaza 20 de Noviembre. La actividad, que se realiza de manera peri\u00f3dica, busca asistir a familias en situaci\u00f3n de vulnerabilidad y generar un espacio de encuentro comunitario.<\/p>\n<p>\u201cEs un festejo del D\u00eda del Trabajador, pero tambi\u00e9n una forma de dar una mano a quienes la est\u00e1n pasando mal. Lamentablemente, cada vez son m\u00e1s necesarias estas acciones\u201d, expres\u00f3 el dirigente.<\/p>\n<p>Cr\u00edticas al Gobierno y preocupaci\u00f3n por la econom\u00eda<\/p>\n<p>Durante la entrevista, Sarmiento fue contundente al referirse a la situaci\u00f3n econ\u00f3mica del pa\u00eds. \u201cEste gobierno es una mentira. Lo \u00fanico que ha hecho es perjudicar a los trabajadores, jubilados, docentes y al sistema de salud\u201d, afirm\u00f3.<\/p>\n<p>El sindicalista tambi\u00e9n advirti\u00f3 sobre el deterioro del consumo y la ca\u00edda de la actividad comercial. \u201cHoy ni siquiera a los trabajadores les alcanza. Vas a un supermercado y est\u00e1 vac\u00edo, no hay movimiento en ning\u00fan lado\u201d, se\u00f1al\u00f3.<\/p>\n<p>En esa l\u00ednea, cuestion\u00f3 los recientes aumentos en los combustibles y remarc\u00f3 la p\u00e9rdida del poder adquisitivo: \u201cPrometen que no va a haber aumentos y a los pocos d\u00edas vuelven a subir. Es otra mentira m\u00e1s\u201d.<\/p>\n<p>Impacto regional y crisis en Santa Cruz<\/p>\n<p>Sarmiento vincul\u00f3 la situaci\u00f3n local con decisiones de alcance nacional, como la reducci\u00f3n de fondos coparticipables y la salida de empresas clave del sector energ\u00e9tico. En particular, record\u00f3 el impacto que tuvo la retirada de YPF en la regi\u00f3n.<\/p>\n<p>\u201cLo advertimos hace m\u00e1s de un a\u00f1o y termin\u00f3 pasando. Eso golpe\u00f3 fuerte a la zona norte. Hoy hay empresas que intentan reactivar, pero otras no entienden la realidad\u201d, indic\u00f3.<\/p>\n<p>Asimismo, cuestion\u00f3 la posibilidad de que la provincia recurra al endeudamiento externo, en l\u00ednea con lo ocurrido en Chubut. \u201cNo estoy de acuerdo con hipotecar el futuro. Lo que corresponde es que Naci\u00f3n env\u00ede los fondos que le pertenecen a las provincias\u201d, sostuvo.<\/p>\n<p>Escenario sindical y reclamos en aumento<\/p>\n<p>El dirigente tambi\u00e9n se refiri\u00f3 al contexto de conflictividad en Santa Cruz, donde diversos gremios estatales mantienen medidas de fuerza por reclamos salariales. \u201cSi no alcanza, no alcanza. Es l\u00f3gico que los trabajadores reclamen\u201d, afirm\u00f3.<\/p>\n<p>En ese sentido, consider\u00f3 que la situaci\u00f3n no es exclusiva de la provincia, sino que se replica en todo el pa\u00eds debido a la falta de recursos. \u201cEl gobierno nacional le quit\u00f3 entre un 30% y 40% de ingresos a las provincias. As\u00ed es imposible sostener el funcionamiento\u201d, explic\u00f3.<\/p>\n<p>Internas pol\u00edticas y llamado a la participaci\u00f3n<\/p>\n<p>Consultado sobre la situaci\u00f3n del peronismo, Sarmiento respald\u00f3 la necesidad de renovaci\u00f3n, aunque marc\u00f3 distancia de la conducci\u00f3n actual. \u201cMientras el partido se maneje desde Buenos Aires, no va a funcionar. Las decisiones tienen que tomarse en Santa Cruz\u201d, remarc\u00f3.<\/p>\n<p>Finalmente, convoc\u00f3 a la ciudadan\u00eda a participar de la movilizaci\u00f3n y a involucrarse en la discusi\u00f3n p\u00fablica: \u201cLa gente tiene que empezar a mirar lo que est\u00e1 pasando. No podemos naturalizar esta situaci\u00f3n. Hay que hacerse escuchar\u201d.<\/p>\n","protected":false},"excerpt":{"rendered":"<p>En el marco de una creciente conflictividad social y econ\u00f3mica, la CGT de la zona norte de Santa Cruz anunci\u00f3<\/p>\n","protected":false},"author":8,"featured_media":41550,"comment_status":"open","ping_status":"closed","sticky":false,"template":"","format":"standard","meta":{"footnotes":""},"categories":[33],"tags":[60,414,1600,1011],"class_list":["post-41549","post","type-post","status-publish","format-standard","has-post-thumbnail","hentry","category-politica","tag-caleta-olivia","tag-camioneros","tag-cgt-zona-norte","tag-sergio-sarmiento"],"_links":{"self":[{"href":"https:\/\/ecosdelsur.com\/index.php?rest_route=\/wp\/v2\/posts\/41549","targetHints":{"allow":["GET"]}}],"collection":[{"href":"https:\/\/ecosdelsur.com\/index.php?rest_route=\/wp\/v2\/posts"}],"about":[{"href":"https:\/\/ecosdelsur.com\/index.php?rest_route=\/wp\/v2\/types\/post"}],"author":[{"embeddable":true,"href":"https:\/\/ecosdelsur.com\/index.php?rest_route=\/wp\/v2\/users\/8"}],"replies":[{"embeddable":true,"href":"https:\/\/ecosdelsur.com\/index.php?rest_route=%2Fwp%2Fv2%2Fcomments&post=41549"}],"version-history":[{"count":1,"href":"https:\/\/ecosdelsur.com\/index.php?rest_route=\/wp\/v2\/posts\/41549\/revisions"}],"predecessor-version":[{"id":41551,"href":"https:\/\/ecosdelsur.com\/index.php?rest_route=\/wp\/v2\/posts\/41549\/revisions\/41551"}],"wp:featuredmedia":[{"embeddable":true,"href":"https:\/\/ecosdelsur.com\/index.php?rest_route=\/wp\/v2\/media\/41550"}],"wp:attachment":[{"href":"https:\/\/ecosdelsur.com\/index.php?rest_route=%2Fwp%2Fv2%2Fmedia&parent=41549"}],"wp:term":[{"taxonomy":"category","embeddable":true,"href":"https:\/\/ecosdelsur.com\/index.php?rest_route=%2Fwp%2Fv2%2Fcategories&post=41549"},{"taxonomy":"post_tag","embeddable":true,"href":"https:\/\/ecosdelsur.com\/index.php?rest_route=%2Fwp%2Fv2%2Ftags&post=41549"}],"curies":[{"name":"wp","href":"https:\/\/api.w.org\/{rel}","templated":true}]}}