{"id":41546,"date":"2026-04-29T18:43:02","date_gmt":"2026-04-29T21:43:02","guid":{"rendered":"https:\/\/ecosdelsur.com\/?p=41546"},"modified":"2026-04-29T18:43:02","modified_gmt":"2026-04-29T21:43:02","slug":"polemica-en-santa-cruz-denuncias-mediaticas-contra-jairo-guzman-y-fuertes-criticas-desde-el-propio-espacio-libertario","status":"publish","type":"post","link":"https:\/\/ecosdelsur.com\/?p=41546","title":{"rendered":"Pol\u00e9mica en Santa Cruz: denuncias medi\u00e1ticas contra Jairo Guzm\u00e1n y fuertes cr\u00edticas desde el propio espacio libertario"},"content":{"rendered":"<p>En las \u00faltimas horas, una nueva controversia volvi\u00f3 a instalarse en el centro de la agenda pol\u00edtica de la provincia de Santa Cruz, tras la difusi\u00f3n de un informe televisivo que involucra al diputado nacional Jairo Guzm\u00e1n, referente de La Libertad Avanza en el distrito.<\/p>\n<p>La denuncia tom\u00f3 estado p\u00fablico a partir de un informe emitido en Canal 9 de Buenos Aires, en el programa del periodista Tom\u00e1s M\u00e9ndez, donde se expusieron im\u00e1genes que mostrar\u00edan presuntas irregularidades en el manejo de dinero dentro de un local partidario en Caleta Olivia, tras la finalizaci\u00f3n de un acto electoral.<\/p>\n<p>Seg\u00fan el material difundido, se observa a personas distribuyendo sobres con dinero en efectivo \u2014que rondar\u00edan el mill\u00f3n de pesos cada uno\u2014 en un espacio vinculado al sector libertario.<\/p>\n<p>Si bien algunos datos del informe han sido cuestionados por su imprecisi\u00f3n \u2014como la referencia a cargos que ya no ocupar\u00eda el legislador\u2014, el contenido gener\u00f3 repercusiones tanto en medios como en redes sociales, sin que hasta el momento el diputado haya brindado declaraciones p\u00fablicas al respecto.<\/p>\n<p>Fuerte cuestionamiento interno<\/p>\n<p>En este contexto, el programa radial La Data en Ecos Noticias dialog\u00f3 con Cristian Aguirre, referente libertario de Caleta Olivia, quien manifest\u00f3 un contundente rechazo a la situaci\u00f3n y apunt\u00f3 directamente contra la conducci\u00f3n de Guzm\u00e1n.<\/p>\n<p>\u201cEs vergonzoso, porque los que ven\u00edan a cambiar la forma de hacer pol\u00edtica terminan siendo lo mismo\u201d, expres\u00f3 Aguirre, quien adem\u00e1s asegur\u00f3 haberse distanciado del dirigente tiempo antes de las elecciones por diferencias pol\u00edticas y falta de propuestas concretas.<\/p>\n<p>El referente local sostuvo que fue uno de los primeros en apartarse del espacio liderado por Guzm\u00e1n en la ciudad, y remarc\u00f3 que ya hab\u00eda advertido irregularidades en el armado pol\u00edtico. \u201cNo lo ve\u00eda como una persona transparente y no me equivoqu\u00e9\u201d, afirm\u00f3.<\/p>\n<p>Asimismo, cuestion\u00f3 la falta de respuestas p\u00fablicas del diputado ante las acusaciones: \u201cNo lo escuch\u00e9 salir a desmentir nada. Va a tener que dar explicaciones\u201d.<\/p>\n<p>Reclamos y pedido de renuncias<\/p>\n<p>Durante la entrevista, Aguirre tambi\u00e9n reclam\u00f3 medidas concretas dentro del espacio pol\u00edtico, incluyendo la renuncia de personas involucradas en el episodio difundido. \u201cNo podemos permitir que tengamos que dar explicaciones por algo que no hicimos\u201d, sostuvo.<\/p>\n<p>Adem\u00e1s, plante\u00f3 cr\u00edticas al funcionamiento interno del sector, denunciando designaciones de familiares y allegados en cargos p\u00fablicos, lo que \u2014seg\u00fan indic\u00f3\u2014 contradice los principios que promueve el liberalismo.<\/p>\n<p>En esa l\u00ednea, remarc\u00f3 que en la zona norte de Santa Cruz se est\u00e1 conformando un nuevo espacio denominado \u201cAvancemos en Libertad\u201d, integrado por militantes desencantados con la conducci\u00f3n actual. \u201cEl descontento crece d\u00eda a d\u00eda\u201d, asegur\u00f3.<\/p>\n<p>Denuncias previas y clima de tensi\u00f3n<\/p>\n<p>El caso se suma a antecedentes de conflictos dentro del espacio libertario en la provincia, incluyendo denuncias vinculadas al PAMI y alejamientos de dirigentes locales. Aunque algunas de esas presentaciones no prosperaron en la Justicia, contribuyeron a un clima de creciente tensi\u00f3n interna.<\/p>\n<p>Por otro lado, tambi\u00e9n se registraron episodios de repudio p\u00fablico contra Guzm\u00e1n en localidades como El Calafate. Sobre estos hechos, Aguirre tom\u00f3 distancia y rechaz\u00f3 cualquier manifestaci\u00f3n violenta: \u201cLa violencia no es el camino. Las diferencias se resuelven con di\u00e1logo\u201d.<\/p>\n<p>Expectativa por definiciones<\/p>\n<p>Mientras tanto, crece la expectativa en torno a una eventual respuesta del diputado nacional frente a las acusaciones que circulan tanto en medios como en redes sociales.<\/p>\n<p>En un escenario pol\u00edtico ya marcado por disputas internas y cuestionamientos, el caso podr\u00eda tener impacto en la configuraci\u00f3n del espacio libertario en Santa Cruz, especialmente de cara a futuros procesos electorales.<\/p>\n<p>Por ahora, el debate sigue abierto y con interrogantes clave a\u00fan sin respuesta, principalmente en torno al origen de los fondos exhibidos en el video y las responsabilidades pol\u00edticas derivadas del hecho.<\/p>\n","protected":false},"excerpt":{"rendered":"<p>En las \u00faltimas horas, una nueva controversia volvi\u00f3 a instalarse en el centro de la agenda pol\u00edtica de la provincia<\/p>\n","protected":false},"author":8,"featured_media":41547,"comment_status":"open","ping_status":"closed","sticky":false,"template":"","format":"standard","meta":{"footnotes":""},"categories":[33],"tags":[60,1599,713],"class_list":["post-41546","post","type-post","status-publish","format-standard","has-post-thumbnail","hentry","category-politica","tag-caleta-olivia","tag-cristian-aguirre","tag-lla"],"_links":{"self":[{"href":"https:\/\/ecosdelsur.com\/index.php?rest_route=\/wp\/v2\/posts\/41546","targetHints":{"allow":["GET"]}}],"collection":[{"href":"https:\/\/ecosdelsur.com\/index.php?rest_route=\/wp\/v2\/posts"}],"about":[{"href":"https:\/\/ecosdelsur.com\/index.php?rest_route=\/wp\/v2\/types\/post"}],"author":[{"embeddable":true,"href":"https:\/\/ecosdelsur.com\/index.php?rest_route=\/wp\/v2\/users\/8"}],"replies":[{"embeddable":true,"href":"https:\/\/ecosdelsur.com\/index.php?rest_route=%2Fwp%2Fv2%2Fcomments&post=41546"}],"version-history":[{"count":1,"href":"https:\/\/ecosdelsur.com\/index.php?rest_route=\/wp\/v2\/posts\/41546\/revisions"}],"predecessor-version":[{"id":41548,"href":"https:\/\/ecosdelsur.com\/index.php?rest_route=\/wp\/v2\/posts\/41546\/revisions\/41548"}],"wp:featuredmedia":[{"embeddable":true,"href":"https:\/\/ecosdelsur.com\/index.php?rest_route=\/wp\/v2\/media\/41547"}],"wp:attachment":[{"href":"https:\/\/ecosdelsur.com\/index.php?rest_route=%2Fwp%2Fv2%2Fmedia&parent=41546"}],"wp:term":[{"taxonomy":"category","embeddable":true,"href":"https:\/\/ecosdelsur.com\/index.php?rest_route=%2Fwp%2Fv2%2Fcategories&post=41546"},{"taxonomy":"post_tag","embeddable":true,"href":"https:\/\/ecosdelsur.com\/index.php?rest_route=%2Fwp%2Fv2%2Ftags&post=41546"}],"curies":[{"name":"wp","href":"https:\/\/api.w.org\/{rel}","templated":true}]}}