{"id":41532,"date":"2026-04-29T10:55:16","date_gmt":"2026-04-29T13:55:16","guid":{"rendered":"https:\/\/ecosdelsur.com\/?p=41532"},"modified":"2026-04-29T10:55:16","modified_gmt":"2026-04-29T13:55:16","slug":"aberastain-hay-que-actualizar-las-reglas-del-juego","status":"publish","type":"post","link":"https:\/\/ecosdelsur.com\/?p=41532","title":{"rendered":"Aberastain: \u201cHay que actualizar las reglas del juego\u201d"},"content":{"rendered":"<p>El diputado Santiago Aberastain abord\u00f3 la crisis en la distribuci\u00f3n de recursos de la miner\u00eda, neg\u00f3 internas en el bloque oficialista y confirm\u00f3 que se trabaja en una reforma electoral en la Legislatura provincial.<\/p>\n<p>En un contexto de fuerte debate pol\u00edtico y econ\u00f3mico en Santa Cruz, el diputado provincial Santiago Aberastain, presidente del bloque oficialista, se refiri\u00f3 a la situaci\u00f3n de la miner\u00eda, las tensiones dentro del frente de gobierno y el avance de proyectos vinculados al sistema electoral.<\/p>\n<p>En di\u00e1logo con LA DATA en Ecos Noticias (FM Ecos del Sur) de Caleta Olivia, el legislador reconoci\u00f3 que uno de los principales cuestionamientos al sector minero es la falta de impacto real en las comunidades locales. \u201cEl negocio de la miner\u00eda durante a\u00f1os ha sido dividir, y en esa divisi\u00f3n siempre gana uno solo\u201d, afirm\u00f3, al tiempo que plante\u00f3 la necesidad de fortalecer las instituciones y generar espacios de di\u00e1logo para discutir el modelo extractivo.<\/p>\n<p>Debate por la renta minera<\/p>\n<p>Aberastain consider\u00f3 que el esquema actual de distribuci\u00f3n de recursos es insuficiente y que debe ser revisado. En ese sentido, mencion\u00f3 que el bajo porcentaje de coparticipaci\u00f3n \u2014en torno al 3%\u2014 contrasta con est\u00e1ndares internacionales mucho m\u00e1s elevados.<\/p>\n<p>\u201cLas leyes se pensaron en otro contexto. Hoy hay que actualizarlas, porque los precios internacionales son favorables y ese momento tambi\u00e9n deber\u00eda ser beneficioso para la provincia\u201d, se\u00f1al\u00f3.<\/p>\n<p>Si bien evit\u00f3 confirmar definiciones concretas del Ejecutivo provincial, dej\u00f3 entrever que existe una discusi\u00f3n abierta sobre el rol de la miner\u00eda en el desarrollo econ\u00f3mico de Santa Cruz.<\/p>\n<p>Internas, rumores y bloque oficialista<\/p>\n<p>Consultado sobre versiones de crisis dentro del bloque oficialista, el diputado desminti\u00f3 rumores de renuncia y relativiz\u00f3 el impacto de las recientes salidas.<\/p>\n<p>\u201cNo es real que haya renunciado. Son versiones que surgen en un contexto donde hubo otros movimientos, pero el bloque sigue trabajando\u201d, asegur\u00f3.<\/p>\n<p>En esa l\u00ednea, admiti\u00f3 que la p\u00e9rdida de mayor\u00eda autom\u00e1tica obliga al oficialismo a buscar consensos. \u201cAhora tenemos que dialogar m\u00e1s, construir acuerdos. Es parte del juego democr\u00e1tico\u201d, expres\u00f3.<\/p>\n<p>Tambi\u00e9n minimiz\u00f3 cruces con dirigentes y exfuncionarios, al se\u00f1alar que \u201cno se puede prestar atenci\u00f3n a cada comentario en redes sociales\u201d y que su foco est\u00e1 puesto en la tarea legislativa.<\/p>\n<p>Privatizaciones y proyectos en agenda<\/p>\n<p>En relaci\u00f3n a un proyecto presentado por la oposici\u00f3n para frenar posibles privatizaciones de empresas estatales, Aberastain fue claro: \u201cNo tengo ning\u00fan proyecto en mis manos sobre privatizaci\u00f3n de Servicios P\u00fablicos, Distrigas o Canal 9\u201d.<\/p>\n<p>De esta manera, evit\u00f3 confirmar versiones que circularon en los \u00faltimos d\u00edas, aunque no descart\u00f3 el debate futuro. \u201cSin un proyecto concreto, no puedo hablar de una intenci\u00f3n real\u201d, remarc\u00f3.<\/p>\n<p>Tensiones pol\u00edticas y relaci\u00f3n con intendentes<\/p>\n<p>El legislador tambi\u00e9n se refiri\u00f3 a las cr\u00edticas de intendentes del radicalismo hacia el Gobierno provincial. Si bien reconoci\u00f3 el derecho a opinar, cuestion\u00f3 las formas.<\/p>\n<p>\u201cNo comparto que esas diferencias se expresen p\u00fablicamente, pero s\u00ed creo que hay que escuchar a todos los sectores\u201d, indic\u00f3.<\/p>\n<p>Respecto a la salida de dirigentes del frente oficialista, sostuvo que en el \u00e1mbito legislativo se mantiene el di\u00e1logo y la convivencia pol\u00edtica. \u201cSanta Cruz necesita que todos trabajemos en conjunto\u201d, afirm\u00f3.<\/p>\n<p>Reforma electoral en marcha<\/p>\n<p>Uno de los puntos m\u00e1s relevantes abordados fue la discusi\u00f3n sobre una posible reforma del sistema electoral. Aberastain confirm\u00f3 que ya se trabaja en la Legislatura para avanzar en un proyecto consensuado.<\/p>\n<p>\u201cSe est\u00e1 analizando la creaci\u00f3n de una comisi\u00f3n para unificar iniciativas y debatir un nuevo sistema electoral\u201d, explic\u00f3.<\/p>\n<p>En cuanto a su postura personal, el diputado se manifest\u00f3 a favor de un esquema m\u00e1s simple y directo. \u201cCreo en la elecci\u00f3n directa, sin colectoras ni mecanismos que confundan al electorado\u201d, sostuvo.<\/p>\n<p>Adem\u00e1s, se\u00f1al\u00f3 que el debate deber\u00eda incluir a todos los sectores pol\u00edticos, incluso aquellos que hoy no tienen representaci\u00f3n legislativa.<\/p>\n<p>Un escenario abierto<\/p>\n<p>El panorama pol\u00edtico en Santa Cruz se muestra atravesado por m\u00faltiples tensiones: la discusi\u00f3n sobre los recursos naturales, los reacomodamientos dentro del oficialismo y la necesidad de reformas institucionales.<\/p>\n<p>En ese marco, Aberastain consider\u00f3 que el desaf\u00edo principal ser\u00e1 construir consensos. \u201cNos toca dialogar m\u00e1s y generar las herramientas que la provincia necesita\u201d, concluy\u00f3.<\/p>\n","protected":false},"excerpt":{"rendered":"<p>El diputado Santiago Aberastain abord\u00f3 la crisis en la distribuci\u00f3n de recursos de la miner\u00eda, neg\u00f3 internas en el bloque<\/p>\n","protected":false},"author":8,"featured_media":41533,"comment_status":"open","ping_status":"closed","sticky":false,"template":"","format":"standard","meta":{"footnotes":""},"categories":[33],"tags":[56,1598],"class_list":["post-41532","post","type-post","status-publish","format-standard","has-post-thumbnail","hentry","category-politica","tag-diputados","tag-santiago-aberastain"],"_links":{"self":[{"href":"https:\/\/ecosdelsur.com\/index.php?rest_route=\/wp\/v2\/posts\/41532","targetHints":{"allow":["GET"]}}],"collection":[{"href":"https:\/\/ecosdelsur.com\/index.php?rest_route=\/wp\/v2\/posts"}],"about":[{"href":"https:\/\/ecosdelsur.com\/index.php?rest_route=\/wp\/v2\/types\/post"}],"author":[{"embeddable":true,"href":"https:\/\/ecosdelsur.com\/index.php?rest_route=\/wp\/v2\/users\/8"}],"replies":[{"embeddable":true,"href":"https:\/\/ecosdelsur.com\/index.php?rest_route=%2Fwp%2Fv2%2Fcomments&post=41532"}],"version-history":[{"count":1,"href":"https:\/\/ecosdelsur.com\/index.php?rest_route=\/wp\/v2\/posts\/41532\/revisions"}],"predecessor-version":[{"id":41534,"href":"https:\/\/ecosdelsur.com\/index.php?rest_route=\/wp\/v2\/posts\/41532\/revisions\/41534"}],"wp:featuredmedia":[{"embeddable":true,"href":"https:\/\/ecosdelsur.com\/index.php?rest_route=\/wp\/v2\/media\/41533"}],"wp:attachment":[{"href":"https:\/\/ecosdelsur.com\/index.php?rest_route=%2Fwp%2Fv2%2Fmedia&parent=41532"}],"wp:term":[{"taxonomy":"category","embeddable":true,"href":"https:\/\/ecosdelsur.com\/index.php?rest_route=%2Fwp%2Fv2%2Fcategories&post=41532"},{"taxonomy":"post_tag","embeddable":true,"href":"https:\/\/ecosdelsur.com\/index.php?rest_route=%2Fwp%2Fv2%2Ftags&post=41532"}],"curies":[{"name":"wp","href":"https:\/\/api.w.org\/{rel}","templated":true}]}}