{"id":41529,"date":"2026-04-29T10:36:53","date_gmt":"2026-04-29T13:36:53","guid":{"rendered":"https:\/\/ecosdelsur.com\/?p=41529"},"modified":"2026-04-29T10:36:53","modified_gmt":"2026-04-29T13:36:53","slug":"cuenca-austral-advierten-que-la-recuperacion-del-sector-llevara-anos","status":"publish","type":"post","link":"https:\/\/ecosdelsur.com\/?p=41529","title":{"rendered":"Cuenca Austral: advierten que la recuperaci\u00f3n del sector llevar\u00e1 a\u00f1os"},"content":{"rendered":"<p>El referente sindical Marcelo Turchetti asegur\u00f3 que la actividad hidrocarbur\u00edfera atraviesa un momento cr\u00edtico en toda la regi\u00f3n. Se\u00f1al\u00f3 falta de inversi\u00f3n, impacto por el bajo precio del gas y un proceso que podr\u00eda tardar a\u00f1os en recuperarse.<\/p>\n<p>La industria hidrocarbur\u00edfera en Santa Cruz atraviesa una de sus etapas m\u00e1s complejas, con ca\u00edda de inversiones, reducci\u00f3n de equipos y p\u00e9rdida de puestos de trabajo. As\u00ed lo expres\u00f3 el referente sindical Marcelo Turchetti, quien analiz\u00f3 la situaci\u00f3n actual en la Cuenca Austral y advirti\u00f3 que la recuperaci\u00f3n del sector no ser\u00e1 inmediata.<\/p>\n<p>\u201cEstamos viviendo una situaci\u00f3n complicada, no solo en Santa Cruz sino en todo el pa\u00eds. Pero en la Cuenca Austral es incluso m\u00e1s dif\u00edcil porque es una zona gas\u00edfera y hoy el gas tiene un precio muy bajo, lo que desalienta la inversi\u00f3n\u201d, explic\u00f3.<\/p>\n<p>Seg\u00fan detall\u00f3, la falta de incentivos econ\u00f3micos llev\u00f3 a las empresas a reducir su actividad, con la baja de equipos de perforaci\u00f3n y terminaci\u00f3n, lo que impacta directamente en el empleo. \u201cSe han achicado los equipos y eso significa menos trabajadores en los yacimientos\u201d, sostuvo.<\/p>\n<p>Diferencias con la Zona Norte y el impacto de YPF<\/p>\n<p>Turchetti compar\u00f3 la situaci\u00f3n con la Zona Norte de Santa Cruz, donde el escenario tambi\u00e9n es complejo, pero con caracter\u00edsticas distintas. En ese caso, se\u00f1al\u00f3 que la salida de YPF gener\u00f3 una transici\u00f3n desordenada.<\/p>\n<p>\u201cMuchas empresas pasaron de tener un solo cliente a tener cinco o seis. Eso complic\u00f3 la renovaci\u00f3n de contratos y hubo per\u00edodos en los que no cobraban. Fue una transici\u00f3n dif\u00edcil\u201d, indic\u00f3.<\/p>\n<p>Sin embargo, consider\u00f3 que en la Cuenca Austral el problema es estructural y est\u00e1 directamente vinculado a la pol\u00edtica energ\u00e9tica nacional. \u201cEl gas est\u00e1 barato y eso hace que las empresas no inviertan. Es as\u00ed de simple\u201d, resumi\u00f3.<\/p>\n<p>Un proceso \u201ctraum\u00e1tico\u201d en Santa Cruz<\/p>\n<p>El dirigente fue cr\u00edtico con la forma en que se manej\u00f3 la salida de YPF en la provincia, al considerar que fue m\u00e1s desordenada que en otras regiones del pa\u00eds.<\/p>\n<p>\u201cEn otras provincias se hizo de manera m\u00e1s ordenada, con licitaciones claras y di\u00e1logo con los sindicatos. En Santa Cruz fue muy traum\u00e1tico\u201d, afirm\u00f3.<\/p>\n<p>Adem\u00e1s, sostuvo que durante a\u00f1os no hubo controles suficientes sobre las inversiones comprometidas por las empresas. \u201cNadie control\u00f3 si se cumpl\u00edan los contratos, si se perforaban los pozos o si se manten\u00edan los niveles de actividad. Eso hoy se paga\u201d, se\u00f1al\u00f3.<\/p>\n<p>Reactivaci\u00f3n limitada y sin generaci\u00f3n masiva de empleo<\/p>\n<p>En relaci\u00f3n a los recientes anuncios de reactivaci\u00f3n de equipos, Turchetti aclar\u00f3 que no implicar\u00e1n una recuperaci\u00f3n significativa del empleo.<\/p>\n<p>\u201cLo que va a pasar es que muchos trabajadores que hoy est\u00e1n en sus casas van a volver a sus puestos, pero no se van a generar nuevos empleos en gran escala\u201d, explic\u00f3.<\/p>\n<p>En ese sentido, remarc\u00f3 que el sector petrolero dif\u00edcilmente pueda absorber a todos los trabajadores que perdieron su empleo en los \u00faltimos meses. \u201cVa a ser muy dif\u00edcil que vuelva toda la gente que fue despedida\u201d, advirti\u00f3.<\/p>\n<p>Palermo Aike y un horizonte a largo plazo<\/p>\n<p>Respecto al desarrollo de Palermo Aike, considerado una de las grandes apuestas a futuro para la industria en Santa Cruz, el referente sindical fue claro: se trata de un proyecto a largo plazo.<\/p>\n<p>\u201cHoy estamos en una etapa exploratoria. Esto no es inmediato. Para que haya una producci\u00f3n significativa pueden pasar diez a\u00f1os o m\u00e1s\u201d, explic\u00f3.<\/p>\n<p>En esa l\u00ednea, record\u00f3 el caso de Vaca Muerta, cuyo desarrollo llev\u00f3 varios a\u00f1os desde los primeros pozos exploratorios hasta su consolidaci\u00f3n productiva. \u201cNo va a haber un boom en el corto plazo\u201d, asegur\u00f3.<\/p>\n<p>El factor clave: el precio del gas<\/p>\n<p>Turchetti tambi\u00e9n explic\u00f3 que el valor del gas es determinante para la actividad en la Cuenca Austral. Se\u00f1al\u00f3 que, tras cambios en la pol\u00edtica energ\u00e9tica, el precio se redujo a niveles internacionales, lo que afect\u00f3 la rentabilidad de las empresas.<\/p>\n<p>\u201cCuando el gas estaba mejor pago, hubo inversiones y m\u00e1s equipos. Hoy, con precios m\u00e1s bajos, las empresas directamente dejan de invertir\u201d, indic\u00f3.<\/p>\n<p>Este escenario gener\u00f3 un proceso de desinversi\u00f3n que impacta no solo en Santa Cruz, sino tambi\u00e9n en otras provincias con producci\u00f3n gas\u00edfera.<\/p>\n<p>Contexto econ\u00f3mico y pol\u00edtico<\/p>\n<p>El dirigente tambi\u00e9n vincul\u00f3 la crisis del sector con el contexto econ\u00f3mico general y cuestion\u00f3 tanto decisiones del Gobierno nacional como provincial.<\/p>\n<p>\u201cEs una situaci\u00f3n muy complicada en todos los niveles. Hay menos industria, menos actividad y cada vez m\u00e1s dificultades para sostener el empleo\u201d, expres\u00f3.<\/p>\n<p>Finalmente, consider\u00f3 que la recuperaci\u00f3n depender\u00e1 de cambios en la pol\u00edtica energ\u00e9tica y de nuevas inversiones, aunque advirti\u00f3 que el proceso ser\u00e1 lento. \u201cNo va a ser de un d\u00eda para el otro. Esto va a llevar a\u00f1os\u201d, concluy\u00f3.<\/p>\n","protected":false},"excerpt":{"rendered":"<p>El referente sindical Marcelo Turchetti asegur\u00f3 que la actividad hidrocarbur\u00edfera atraviesa un momento cr\u00edtico en toda la regi\u00f3n. Se\u00f1al\u00f3 falta<\/p>\n","protected":false},"author":8,"featured_media":41530,"comment_status":"open","ping_status":"closed","sticky":false,"template":"","format":"standard","meta":{"footnotes":""},"categories":[33],"tags":[1595,1596,1597],"class_list":["post-41529","post","type-post","status-publish","format-standard","has-post-thumbnail","hentry","category-politica","tag-cuenca-austral","tag-gas","tag-marcelo-turchetti"],"_links":{"self":[{"href":"https:\/\/ecosdelsur.com\/index.php?rest_route=\/wp\/v2\/posts\/41529","targetHints":{"allow":["GET"]}}],"collection":[{"href":"https:\/\/ecosdelsur.com\/index.php?rest_route=\/wp\/v2\/posts"}],"about":[{"href":"https:\/\/ecosdelsur.com\/index.php?rest_route=\/wp\/v2\/types\/post"}],"author":[{"embeddable":true,"href":"https:\/\/ecosdelsur.com\/index.php?rest_route=\/wp\/v2\/users\/8"}],"replies":[{"embeddable":true,"href":"https:\/\/ecosdelsur.com\/index.php?rest_route=%2Fwp%2Fv2%2Fcomments&post=41529"}],"version-history":[{"count":1,"href":"https:\/\/ecosdelsur.com\/index.php?rest_route=\/wp\/v2\/posts\/41529\/revisions"}],"predecessor-version":[{"id":41531,"href":"https:\/\/ecosdelsur.com\/index.php?rest_route=\/wp\/v2\/posts\/41529\/revisions\/41531"}],"wp:featuredmedia":[{"embeddable":true,"href":"https:\/\/ecosdelsur.com\/index.php?rest_route=\/wp\/v2\/media\/41530"}],"wp:attachment":[{"href":"https:\/\/ecosdelsur.com\/index.php?rest_route=%2Fwp%2Fv2%2Fmedia&parent=41529"}],"wp:term":[{"taxonomy":"category","embeddable":true,"href":"https:\/\/ecosdelsur.com\/index.php?rest_route=%2Fwp%2Fv2%2Fcategories&post=41529"},{"taxonomy":"post_tag","embeddable":true,"href":"https:\/\/ecosdelsur.com\/index.php?rest_route=%2Fwp%2Fv2%2Ftags&post=41529"}],"curies":[{"name":"wp","href":"https:\/\/api.w.org\/{rel}","templated":true}]}}