{"id":41526,"date":"2026-04-29T10:15:17","date_gmt":"2026-04-29T13:15:17","guid":{"rendered":"https:\/\/ecosdelsur.com\/?p=41526"},"modified":"2026-04-29T10:15:17","modified_gmt":"2026-04-29T13:15:17","slug":"cesar-alegre-no-queremos-paro-queremos-soluciones","status":"publish","type":"post","link":"https:\/\/ecosdelsur.com\/?p=41526","title":{"rendered":"C\u00e9sar Alegre: \u201cNo queremos paro, queremos soluciones\u201d"},"content":{"rendered":"<p>El gremio docente resolvi\u00f3 una nueva medida de fuerza tras se\u00f1alar que no hubo convocatoria a paritarias ni avances en reclamos laborales. Advierten por la falta de mantenimiento en escuelas, riesgo de p\u00e9rdida de cargos y una creciente crisis educativa y econ\u00f3mica en la provincia.<\/p>\n<p>En el marco de un conflicto que se profundiza en toda la provincia de Santa Cruz, la Asociaci\u00f3n Docentes de Santa Cruz (ADOSAC) resolvi\u00f3 un paro de 72 horas, en reclamo por la falta de convocatoria a paritarias y el incumplimiento de acuerdos previamente firmados con el Gobierno provincial.<\/p>\n<p>As\u00ed lo confirm\u00f3 el secretario general del gremio, C\u00e9sar Alegre, en di\u00e1logo con La Data en Ecos Noticias (FM Ecos del Sur) de Caleta Olivia, donde detall\u00f3 que la medida fue definida en el \u00faltimo congreso docente realizado en R\u00edo Gallegos. \u201cSe resolvi\u00f3 el paro porque no se cumpli\u00f3 con el acuerdo paritario: no nos llamaron a discutir salarios en marzo, como estaba firmado, y ya estamos terminando abril sin ning\u00fan avance\u201d, expres\u00f3.<\/p>\n<p>Alegre sostuvo que, adem\u00e1s del reclamo salarial, existen m\u00faltiples demandas vinculadas a las condiciones laborales que tampoco fueron abordadas. Entre ellas, mencion\u00f3 la discusi\u00f3n sobre la cantidad de alumnos por curso, la creaci\u00f3n de cargos y la estabilidad laboral docente. \u201cEl Consejo Provincial de Educaci\u00f3n fue suspendiendo reuniones con distintos argumentos, incluso responsabilizando a las medidas de fuerza, lo cual no es cierto\u201d, afirm\u00f3.<\/p>\n<p>En ese sentido, remarc\u00f3 que la falta de di\u00e1logo es generalizada y alcanza a otros sectores. \u201cNo hay convocatoria a ning\u00fan gremio. La paritaria hoy no existe en Santa Cruz\u201d, denunci\u00f3.<\/p>\n<p>Escuelas con problemas edilicios y falta de insumos<\/p>\n<p>El dirigente tambi\u00e9n advirti\u00f3 sobre la cr\u00edtica situaci\u00f3n en los establecimientos educativos, que se agrava con la llegada del invierno. Seg\u00fan detall\u00f3, hay problemas de calefacci\u00f3n, falta de mantenimiento y escasez de insumos b\u00e1sicos.<\/p>\n<p>\u201cEn muchas escuelas no hay hojas, tinta, libros de temas o incluso elementos b\u00e1sicos como az\u00facar o yerba. Los docentes est\u00e1n poniendo de su bolsillo para sostener el funcionamiento\u201d, indic\u00f3. Adem\u00e1s, mencion\u00f3 casos en los que estudiantes no pueden realizar actividades f\u00edsicas por falta de iluminaci\u00f3n en gimnasios o directamente se suspenden clases por fallas estructurales.<\/p>\n<p>A esto se suma la incertidumbre laboral de cientos de trabajadores. Alegre alert\u00f3 que m\u00e1s de 200 cargos y 1.600 horas c\u00e1tedra podr\u00edan quedar sin efecto a partir de mayo, si no se prorrogan los resguardos vigentes. \u201cHay docentes que podr\u00edan quedarse sin trabajo en los pr\u00f3ximos d\u00edas\u201d, advirti\u00f3.<\/p>\n<p>Un conflicto que escala y paraliza la provincia<\/p>\n<p>El paro docente se enmarca en un escenario de creciente conflictividad sindical en Santa Cruz, donde distintos gremios estatales llevan adelante medidas de fuerza. \u201cHoy la provincia est\u00e1 pr\u00e1cticamente paralizada\u201d, describi\u00f3 el referente sindical.<\/p>\n<p>\u201cEl reclamo es generalizado, no solo de los docentes, sino de todos los trabajadores\u201d, afirm\u00f3.<\/p>\n<p>En cuanto a la adhesi\u00f3n a las medidas, se\u00f1al\u00f3 que viene en aumento: \u201cAl principio hubo paciencia, pero al no haber respuestas, el paro crece\u201d.<\/p>\n<p>Crisis econ\u00f3mica y p\u00e9rdida del poder adquisitivo<\/p>\n<p>Alegre tambi\u00e9n vincul\u00f3 el conflicto con la situaci\u00f3n econ\u00f3mica que atraviesan los trabajadores estatales. Indic\u00f3 que los salarios docentes quedaron por debajo de la l\u00ednea de pobreza y que la inflaci\u00f3n deterior\u00f3 r\u00e1pidamente el poder adquisitivo.<\/p>\n<p>\u201cUn docente cobra alrededor de 1.250.000 pesos, mientras que la canasta de pobreza supera los 2.200.000. No alcanza para nada\u201d, sostuvo. Adem\u00e1s, mencion\u00f3 dificultades en el acceso a medicamentos, fallas en la obra social y el impacto de los aumentos en servicios y alimentos.<\/p>\n<p>Reclamo al Gobierno y convocatoria a la comunidad<\/p>\n<p>Desde ADOSAC reiteraron el pedido de apertura urgente de paritarias y el cumplimiento de los acuerdos firmados. \u201cNo queremos hacer paro, queremos volver a las aulas, pero necesitamos soluciones\u201d, expres\u00f3 Alegre.<\/p>\n<p>Finalmente, convoc\u00f3 a los padres y a toda la comunidad educativa a sumarse al reclamo: \u201cEs importante que todos exijan que se cumpla con la paritaria. Esto afecta directamente a la educaci\u00f3n de los chicos\u201d.<\/p>\n<p>Mientras tanto, el plan de lucha continuar\u00e1 con actividades en toda la provincia y una movilizaci\u00f3n prevista para el 1\u00b0 de mayo, en el marco del D\u00eda Internacional del Trabajador.<\/p>\n","protected":false},"excerpt":{"rendered":"<p>El gremio docente resolvi\u00f3 una nueva medida de fuerza tras se\u00f1alar que no hubo convocatoria a paritarias ni avances en<\/p>\n","protected":false},"author":8,"featured_media":41527,"comment_status":"open","ping_status":"closed","sticky":false,"template":"","format":"standard","meta":{"footnotes":""},"categories":[33],"tags":[70,836,1594,48],"class_list":["post-41526","post","type-post","status-publish","format-standard","has-post-thumbnail","hentry","category-politica","tag-adosac","tag-cesar-alegre","tag-paro-por-72-horas","tag-santa-cruz"],"_links":{"self":[{"href":"https:\/\/ecosdelsur.com\/index.php?rest_route=\/wp\/v2\/posts\/41526","targetHints":{"allow":["GET"]}}],"collection":[{"href":"https:\/\/ecosdelsur.com\/index.php?rest_route=\/wp\/v2\/posts"}],"about":[{"href":"https:\/\/ecosdelsur.com\/index.php?rest_route=\/wp\/v2\/types\/post"}],"author":[{"embeddable":true,"href":"https:\/\/ecosdelsur.com\/index.php?rest_route=\/wp\/v2\/users\/8"}],"replies":[{"embeddable":true,"href":"https:\/\/ecosdelsur.com\/index.php?rest_route=%2Fwp%2Fv2%2Fcomments&post=41526"}],"version-history":[{"count":1,"href":"https:\/\/ecosdelsur.com\/index.php?rest_route=\/wp\/v2\/posts\/41526\/revisions"}],"predecessor-version":[{"id":41528,"href":"https:\/\/ecosdelsur.com\/index.php?rest_route=\/wp\/v2\/posts\/41526\/revisions\/41528"}],"wp:featuredmedia":[{"embeddable":true,"href":"https:\/\/ecosdelsur.com\/index.php?rest_route=\/wp\/v2\/media\/41527"}],"wp:attachment":[{"href":"https:\/\/ecosdelsur.com\/index.php?rest_route=%2Fwp%2Fv2%2Fmedia&parent=41526"}],"wp:term":[{"taxonomy":"category","embeddable":true,"href":"https:\/\/ecosdelsur.com\/index.php?rest_route=%2Fwp%2Fv2%2Fcategories&post=41526"},{"taxonomy":"post_tag","embeddable":true,"href":"https:\/\/ecosdelsur.com\/index.php?rest_route=%2Fwp%2Fv2%2Ftags&post=41526"}],"curies":[{"name":"wp","href":"https:\/\/api.w.org\/{rel}","templated":true}]}}