{"id":41520,"date":"2026-04-29T01:27:45","date_gmt":"2026-04-29T04:27:45","guid":{"rendered":"https:\/\/ecosdelsur.com\/?p=41520"},"modified":"2026-04-29T01:27:45","modified_gmt":"2026-04-29T04:27:45","slug":"avanza-la-campana-de-prevencion-de-intoxicacion-por-monoxido-de-carbono-2026","status":"publish","type":"post","link":"https:\/\/ecosdelsur.com\/?p=41520","title":{"rendered":"Avanza la Campa\u00f1a de Prevenci\u00f3n de Intoxicaci\u00f3n por Mon\u00f3xido de Carbono 2026"},"content":{"rendered":"<div class=\"itemToolbar2\">\n<p><span style=\"color: #ff0000;\"><span class=\"itemDateCreated\">Martes, 28 Abril 2026 &#8211; <\/span><\/span>En un trabajo articulado entre el Consejo Provincial de Educaci\u00f3n, el Ministerio de Seguridad y Distrigas S.A., se realiz\u00f3 una reuni\u00f3n para definir la organizaci\u00f3n de la &#8220;<strong>Campa\u00f1a de Prevenci\u00f3n de Intoxicaci\u00f3n por Mon\u00f3xido de Carbono 2026<\/strong>&#8220;. Esta iniciativa se desarrolla en el marco del trabajo en red entre distintos organismos para fortalecer la seguridad en toda la provincia.<img decoding=\"async\" class=\"alignnone size-full wp-image-41522 lazyload\" data-src=\"https:\/\/ecosdelsur.com\/wp-content\/uploads\/2026\/04\/REUNIN_DISTRIGAS_Y_SEGURIDAD_5.jpeg\" alt=\"\" width=\"1024\" height=\"681\" data-srcset=\"https:\/\/ecosdelsur.com\/wp-content\/uploads\/2026\/04\/REUNIN_DISTRIGAS_Y_SEGURIDAD_5.jpeg 1024w, https:\/\/ecosdelsur.com\/wp-content\/uploads\/2026\/04\/REUNIN_DISTRIGAS_Y_SEGURIDAD_5-300x200.jpeg 300w, https:\/\/ecosdelsur.com\/wp-content\/uploads\/2026\/04\/REUNIN_DISTRIGAS_Y_SEGURIDAD_5-768x511.jpeg 768w\" data-sizes=\"(max-width: 1024px) 100vw, 1024px\" src=\"data:image\/svg+xml;base64,PHN2ZyB3aWR0aD0iMSIgaGVpZ2h0PSIxIiB4bWxucz0iaHR0cDovL3d3dy53My5vcmcvMjAwMC9zdmciPjwvc3ZnPg==\" style=\"--smush-placeholder-width: 1024px; --smush-placeholder-aspect-ratio: 1024\/681;\" \/><\/p>\n<\/div>\n<div class=\"itemFullText\">\n<p>Participaron del encuentro la secretaria de Gesti\u00f3n Educativa<strong>, Adela Vera<\/strong>; la directora General de Responsabilidad Social,\u00a0<strong>Carolina Hern\u00e1ndez<\/strong>; y el subgerente de Higiene, Seguridad y Medio Ambiente,\u00a0<strong>Mart\u00edn Fern\u00e1ndez<\/strong>. Por parte de la Superintendencia de Bomberos, estuvieron presentes el jefe del Departamento Antisiniestral, Comisario Mayor\u00a0<strong>Diego Bothin<\/strong>, y el jefe de la Divisi\u00f3n Siniestros, Oficial Subinspector\u00a0<strong>Franco Barrera<\/strong>.<img decoding=\"async\" class=\"alignnone size-full wp-image-41523 lazyload\" data-src=\"https:\/\/ecosdelsur.com\/wp-content\/uploads\/2026\/04\/REUNIN_DISTRIGAS_Y_SEGURIDAD_6.jpeg\" alt=\"\" width=\"1024\" height=\"689\" data-srcset=\"https:\/\/ecosdelsur.com\/wp-content\/uploads\/2026\/04\/REUNIN_DISTRIGAS_Y_SEGURIDAD_6.jpeg 1024w, https:\/\/ecosdelsur.com\/wp-content\/uploads\/2026\/04\/REUNIN_DISTRIGAS_Y_SEGURIDAD_6-300x202.jpeg 300w, https:\/\/ecosdelsur.com\/wp-content\/uploads\/2026\/04\/REUNIN_DISTRIGAS_Y_SEGURIDAD_6-768x517.jpeg 768w\" data-sizes=\"(max-width: 1024px) 100vw, 1024px\" src=\"data:image\/svg+xml;base64,PHN2ZyB3aWR0aD0iMSIgaGVpZ2h0PSIxIiB4bWxucz0iaHR0cDovL3d3dy53My5vcmcvMjAwMC9zdmciPjwvc3ZnPg==\" style=\"--smush-placeholder-width: 1024px; --smush-placeholder-aspect-ratio: 1024\/689;\" \/><\/p>\n<p>Al respecto, la secretaria de Gesti\u00f3n Educativa, Adela Vera, se\u00f1al\u00f3 que el objetivo principal es trabajar con las escuelas de toda la provincia para llegar a cada estudiante, a fin de que comprendan los riesgos del\u00a0<strong>mon\u00f3xido de carbono<\/strong>. Si bien estas acciones se desarrollan todo el a\u00f1o, ante el invierno se intensifican para reducir riesgos por el uso de calefacci\u00f3n, generando una cultura preventiva en la sociedad.<\/p>\n<p>Asimismo, destac\u00f3 el rol de los estudiantes como multiplicadores de mensajes preventivos, reforzando el compromiso del\u00a0<strong>Gobierno Provincial<\/strong>\u00a0con la prevenci\u00f3n y el cuidado de la salud de la poblaci\u00f3n.<\/p>\n<p>Cabe manifestar que esta labor conjunta permitir\u00e1 desplegar equipos t\u00e9cnicos en cada localidad, asegurando que la informaci\u00f3n llegue de manera efectiva a toda la comunidad educativa santacruce\u00f1a.<\/p>\n<\/div>\n","protected":false},"excerpt":{"rendered":"<p>Martes, 28 Abril 2026 &#8211; En un trabajo articulado entre el Consejo Provincial de Educaci\u00f3n, el Ministerio de Seguridad y<\/p>\n","protected":false},"author":8,"featured_media":41521,"comment_status":"open","ping_status":"closed","sticky":false,"template":"","format":"standard","meta":{"footnotes":""},"categories":[87],"tags":[],"class_list":["post-41520","post","type-post","status-publish","format-standard","has-post-thumbnail","hentry","category-provinciales"],"_links":{"self":[{"href":"https:\/\/ecosdelsur.com\/index.php?rest_route=\/wp\/v2\/posts\/41520","targetHints":{"allow":["GET"]}}],"collection":[{"href":"https:\/\/ecosdelsur.com\/index.php?rest_route=\/wp\/v2\/posts"}],"about":[{"href":"https:\/\/ecosdelsur.com\/index.php?rest_route=\/wp\/v2\/types\/post"}],"author":[{"embeddable":true,"href":"https:\/\/ecosdelsur.com\/index.php?rest_route=\/wp\/v2\/users\/8"}],"replies":[{"embeddable":true,"href":"https:\/\/ecosdelsur.com\/index.php?rest_route=%2Fwp%2Fv2%2Fcomments&post=41520"}],"version-history":[{"count":1,"href":"https:\/\/ecosdelsur.com\/index.php?rest_route=\/wp\/v2\/posts\/41520\/revisions"}],"predecessor-version":[{"id":41524,"href":"https:\/\/ecosdelsur.com\/index.php?rest_route=\/wp\/v2\/posts\/41520\/revisions\/41524"}],"wp:featuredmedia":[{"embeddable":true,"href":"https:\/\/ecosdelsur.com\/index.php?rest_route=\/wp\/v2\/media\/41521"}],"wp:attachment":[{"href":"https:\/\/ecosdelsur.com\/index.php?rest_route=%2Fwp%2Fv2%2Fmedia&parent=41520"}],"wp:term":[{"taxonomy":"category","embeddable":true,"href":"https:\/\/ecosdelsur.com\/index.php?rest_route=%2Fwp%2Fv2%2Fcategories&post=41520"},{"taxonomy":"post_tag","embeddable":true,"href":"https:\/\/ecosdelsur.com\/index.php?rest_route=%2Fwp%2Fv2%2Ftags&post=41520"}],"curies":[{"name":"wp","href":"https:\/\/api.w.org\/{rel}","templated":true}]}}