{"id":41517,"date":"2026-04-29T01:16:10","date_gmt":"2026-04-29T04:16:10","guid":{"rendered":"https:\/\/ecosdelsur.com\/?p=41517"},"modified":"2026-04-29T01:16:21","modified_gmt":"2026-04-29T04:16:21","slug":"este-fin-de-semana-comienza-la-capacitacion-en-empleabilidad-juvenil","status":"publish","type":"post","link":"https:\/\/ecosdelsur.com\/?p=41517","title":{"rendered":"Este fin de semana comienza la capacitaci\u00f3n en \u201cEmpleabilidad Juvenil\u201d"},"content":{"rendered":"<header class=\"entry-header\"><span class=\"posted-on\" style=\"color: #ff0000;\">28 de abril de 2026 <\/span><span style=\"font-size: 16px;\">La propuesta impulsada por la Municipalidad de Caleta Olivia, se dictar\u00e1 de forma gratuita y tendr\u00e1 como principal objetivo brindar herramientas pr\u00e1cticas que faciliten la inserci\u00f3n de los j\u00f3venes en el \u00e1mbito laboral.<img decoding=\"async\" class=\"alignnone size-full wp-image-41518 lazyload\" data-src=\"https:\/\/ecosdelsur.com\/wp-content\/uploads\/2026\/04\/sat.jpg\" alt=\"\" width=\"1024\" height=\"576\" data-srcset=\"https:\/\/ecosdelsur.com\/wp-content\/uploads\/2026\/04\/sat.jpg 1024w, https:\/\/ecosdelsur.com\/wp-content\/uploads\/2026\/04\/sat-300x169.jpg 300w, https:\/\/ecosdelsur.com\/wp-content\/uploads\/2026\/04\/sat-768x432.jpg 768w\" data-sizes=\"(max-width: 1024px) 100vw, 1024px\" src=\"data:image\/svg+xml;base64,PHN2ZyB3aWR0aD0iMSIgaGVpZ2h0PSIxIiB4bWxucz0iaHR0cDovL3d3dy53My5vcmcvMjAwMC9zdmciPjwvc3ZnPg==\" style=\"--smush-placeholder-width: 1024px; --smush-placeholder-aspect-ratio: 1024\/576;\" \/><\/span><\/header>\n<div class=\"entry-content si-entry\">\n<p>La disertante, Abigail Armoa, detall\u00f3 que la capacitaci\u00f3n est\u00e1 destinada a j\u00f3venes de 18 a 25 a\u00f1os e incluye cinco encuentros, los cuales iniciar\u00e1n el s\u00e1bado 2 de mayo a las 10:00 hs, en el SUM del Sindicato Argentino de Televisi\u00f3n, Telecomunicaciones, Servicios Audiovisuales, Interactivos y de Datos (Satsaid), ubicado en Independencia 1.119.<\/p>\n<p>Asimismo, explic\u00f3 que la capacitaci\u00f3n, organizada por la Supervisi\u00f3n de Formaci\u00f3n Laboral, dependiente de la Secretar\u00eda de Estrategia y Gesti\u00f3n Operativa, abordar\u00e1 contenidos vinculados a la b\u00fasqueda del primer empleo, incluyendo la elaboraci\u00f3n de un curr\u00edculum desde cero, estrategias laborales, plataformas de b\u00fasqueda y preparaci\u00f3n para entrevistas.<\/p>\n<p>Finalmente destac\u00f3 la importancia de este tipo de espacios formativos, se\u00f1alando que permiten a los participantes \u201csaber presentarse ante las empresas, definir qu\u00e9 es lo que quieren a futuro y c\u00f3mo desean ser percibidos en el \u00e1mbito laboral\u201d.<\/p>\n<\/div>\n","protected":false},"excerpt":{"rendered":"<p>28 de abril de 2026 La propuesta impulsada por la Municipalidad de Caleta Olivia, se dictar\u00e1 de forma gratuita y<\/p>\n","protected":false},"author":8,"featured_media":41518,"comment_status":"open","ping_status":"closed","sticky":false,"template":"","format":"standard","meta":{"footnotes":""},"categories":[35],"tags":[],"class_list":["post-41517","post","type-post","status-publish","format-standard","has-post-thumbnail","hentry","category-sociedad"],"_links":{"self":[{"href":"https:\/\/ecosdelsur.com\/index.php?rest_route=\/wp\/v2\/posts\/41517","targetHints":{"allow":["GET"]}}],"collection":[{"href":"https:\/\/ecosdelsur.com\/index.php?rest_route=\/wp\/v2\/posts"}],"about":[{"href":"https:\/\/ecosdelsur.com\/index.php?rest_route=\/wp\/v2\/types\/post"}],"author":[{"embeddable":true,"href":"https:\/\/ecosdelsur.com\/index.php?rest_route=\/wp\/v2\/users\/8"}],"replies":[{"embeddable":true,"href":"https:\/\/ecosdelsur.com\/index.php?rest_route=%2Fwp%2Fv2%2Fcomments&post=41517"}],"version-history":[{"count":1,"href":"https:\/\/ecosdelsur.com\/index.php?rest_route=\/wp\/v2\/posts\/41517\/revisions"}],"predecessor-version":[{"id":41519,"href":"https:\/\/ecosdelsur.com\/index.php?rest_route=\/wp\/v2\/posts\/41517\/revisions\/41519"}],"wp:featuredmedia":[{"embeddable":true,"href":"https:\/\/ecosdelsur.com\/index.php?rest_route=\/wp\/v2\/media\/41518"}],"wp:attachment":[{"href":"https:\/\/ecosdelsur.com\/index.php?rest_route=%2Fwp%2Fv2%2Fmedia&parent=41517"}],"wp:term":[{"taxonomy":"category","embeddable":true,"href":"https:\/\/ecosdelsur.com\/index.php?rest_route=%2Fwp%2Fv2%2Fcategories&post=41517"},{"taxonomy":"post_tag","embeddable":true,"href":"https:\/\/ecosdelsur.com\/index.php?rest_route=%2Fwp%2Fv2%2Ftags&post=41517"}],"curies":[{"name":"wp","href":"https:\/\/api.w.org\/{rel}","templated":true}]}}