{"id":41508,"date":"2026-04-29T00:58:36","date_gmt":"2026-04-29T03:58:36","guid":{"rendered":"https:\/\/ecosdelsur.com\/?p=41508"},"modified":"2026-04-29T01:06:52","modified_gmt":"2026-04-29T04:06:52","slug":"claudio-vidal-recibio-a-yanina-guzman-la-estudiante-de-rio-gallegos-con-promedio-10-que-inicia-odontologia-en-la-uba","status":"publish","type":"post","link":"https:\/\/ecosdelsur.com\/?p=41508","title":{"rendered":"Claudio Vidal recibi\u00f3 a Yanina Guzm\u00e1n, la estudiante de R\u00edo Gallegos con promedio 10"},"content":{"rendered":"<div class=\"itemToolbar2\">\n<p><span class=\"itemDateCreated\" style=\"color: #ff0000;\">Martes, 28 Abril 2026 &#8211; <\/span>El gobernador de Santa Cruz destac\u00f3 el esfuerzo de la joven y puso en valor las oportunidades educativas que hoy permiten estudiar en la Universidad de Buenos Aires sin dejar la provincia.<img decoding=\"async\" class=\"alignnone size-full wp-image-41511 lazyload\" data-src=\"https:\/\/ecosdelsur.com\/wp-content\/uploads\/2026\/04\/WhatsApp_Image_2026-04-28_at_7.18.26_PM_1.jpeg\" alt=\"\" width=\"1024\" height=\"657\" data-srcset=\"https:\/\/ecosdelsur.com\/wp-content\/uploads\/2026\/04\/WhatsApp_Image_2026-04-28_at_7.18.26_PM_1.jpeg 1024w, https:\/\/ecosdelsur.com\/wp-content\/uploads\/2026\/04\/WhatsApp_Image_2026-04-28_at_7.18.26_PM_1-300x192.jpeg 300w, https:\/\/ecosdelsur.com\/wp-content\/uploads\/2026\/04\/WhatsApp_Image_2026-04-28_at_7.18.26_PM_1-768x493.jpeg 768w\" data-sizes=\"(max-width: 1024px) 100vw, 1024px\" src=\"data:image\/svg+xml;base64,PHN2ZyB3aWR0aD0iMSIgaGVpZ2h0PSIxIiB4bWxucz0iaHR0cDovL3d3dy53My5vcmcvMjAwMC9zdmciPjwvc3ZnPg==\" style=\"--smush-placeholder-width: 1024px; --smush-placeholder-aspect-ratio: 1024\/657;\" \/><\/p>\n<\/div>\n<div class=\"itemFullText\">\n<p>En R\u00edo Gallegos, la historia de\u00a0<strong>Yanina Guzm\u00e1n\u00a0<\/strong>se construye paso a paso.\u00a0<strong>Egres\u00f3 del nivel secundario con promedio 10<\/strong>, tras completar toda su trayectoria educativa en la provincia, desde el Jard\u00edn N\u00b0 35 \u201cTalenke Amel\u201d hasta el Instituto de Educaci\u00f3n Austro.<img decoding=\"async\" class=\"alignnone size-full wp-image-41512 lazyload\" data-src=\"https:\/\/ecosdelsur.com\/wp-content\/uploads\/2026\/04\/WhatsApp_Image_2026-04-28_at_7.18.27_PM.jpeg\" alt=\"\" width=\"624\" height=\"468\" data-srcset=\"https:\/\/ecosdelsur.com\/wp-content\/uploads\/2026\/04\/WhatsApp_Image_2026-04-28_at_7.18.27_PM.jpeg 624w, https:\/\/ecosdelsur.com\/wp-content\/uploads\/2026\/04\/WhatsApp_Image_2026-04-28_at_7.18.27_PM-300x225.jpeg 300w\" data-sizes=\"(max-width: 624px) 100vw, 624px\" src=\"data:image\/svg+xml;base64,PHN2ZyB3aWR0aD0iMSIgaGVpZ2h0PSIxIiB4bWxucz0iaHR0cDovL3d3dy53My5vcmcvMjAwMC9zdmciPjwvc3ZnPg==\" style=\"--smush-placeholder-width: 624px; --smush-placeholder-aspect-ratio: 624\/468;\" \/><\/p>\n<p><strong>\u201cUna historia de esfuerzo, compromiso y dedicaci\u00f3n que merece ser destacada\u201d<\/strong>, expres\u00f3 el gobernador\u00a0<strong>Claudio Vidal<\/strong>\u00a0al recibirla.<img decoding=\"async\" class=\"alignnone size-full wp-image-41510 lazyload\" data-src=\"https:\/\/ecosdelsur.com\/wp-content\/uploads\/2026\/04\/WhatsApp_Image_2026-04-28_at_7.18.25_PM.jpeg\" alt=\"\" width=\"1024\" height=\"768\" data-srcset=\"https:\/\/ecosdelsur.com\/wp-content\/uploads\/2026\/04\/WhatsApp_Image_2026-04-28_at_7.18.25_PM.jpeg 1024w, https:\/\/ecosdelsur.com\/wp-content\/uploads\/2026\/04\/WhatsApp_Image_2026-04-28_at_7.18.25_PM-300x225.jpeg 300w, https:\/\/ecosdelsur.com\/wp-content\/uploads\/2026\/04\/WhatsApp_Image_2026-04-28_at_7.18.25_PM-768x576.jpeg 768w\" data-sizes=\"(max-width: 1024px) 100vw, 1024px\" src=\"data:image\/svg+xml;base64,PHN2ZyB3aWR0aD0iMSIgaGVpZ2h0PSIxIiB4bWxucz0iaHR0cDovL3d3dy53My5vcmcvMjAwMC9zdmciPjwvc3ZnPg==\" style=\"--smush-placeholder-width: 1024px; --smush-placeholder-aspect-ratio: 1024\/768;\" \/><\/p>\n<p><strong>Educaci\u00f3n p\u00fablica y oportunidades: estudiar sin irse de la provincia<\/strong><\/p>\n<p>Yanina ya comenz\u00f3 a transitar su formaci\u00f3n universitaria en Odontolog\u00eda a trav\u00e9s del CBC de la Universidad de Buenos Aires, que hoy puede cursarse en Santa Cruz.<\/p>\n<p><strong>\u201cEsta posibilidad permite que muchos j\u00f3venes puedan iniciar una carrera universitaria sin tener que irse de Santa Cruz\u201d,<\/strong>\u00a0subray\u00f3 Vidal, en referencia al acuerdo con la Legislatura provincial que ampl\u00eda el acceso a la educaci\u00f3n superior.<\/p>\n<p><strong>El acompa\u00f1amiento familiar, clave en cada logro<\/strong><\/p>\n<p>Durante el encuentro, el mandatario tambi\u00e9n destac\u00f3 el rol de la familia en el recorrido de la joven<strong>. \u201cDetr\u00e1s de cada historia como la de Yanina hay una familia que est\u00e1, que sostiene y que empuja para adelante\u201d<\/strong>, afirm\u00f3.<\/p>\n<p><strong>Un reconocimiento al m\u00e9rito y la constancia<\/strong><\/p>\n<p>El gobernador entreg\u00f3 a Yanina una notebook\u00a0<strong>como reconocimiento simb\u00f3lico a su desempe\u00f1o acad\u00e9mico.<\/strong>\u00a0No es la primera vez que su esfuerzo es distinguido: en 2018 ya hab\u00eda sido reconocida por su promedio.<\/p>\n<p><strong>\u201cHoy me toca hacerlo como gobernador y entregarle una notebook como un reconocimiento a su esfuerzo y dedicaci\u00f3n<\/strong>\u201d, se\u00f1al\u00f3 Vidal.<\/p>\n<p><strong>Un mensaje que marca rumbo<\/strong><\/p>\n<p>El caso de Yanina fue presentado como ejemplo de lo que puede lograrse cuando confluyen compromiso personal y pol\u00edticas p\u00fablicas.<\/p>\n<p><strong>\u201cEstas son las historias que nos marcan el rumbo.\u00a0<\/strong>Las que nos recuerdan que cuando hay esfuerzo y oportunidades, el futuro empieza a construirse en Santa Cruz\u201d, concluy\u00f3 el mandatario.<\/p>\n<\/div>\n","protected":false},"excerpt":{"rendered":"<p>Martes, 28 Abril 2026 &#8211; El gobernador de Santa Cruz destac\u00f3 el esfuerzo de la joven y puso en valor<\/p>\n","protected":false},"author":8,"featured_media":41509,"comment_status":"open","ping_status":"closed","sticky":false,"template":"","format":"standard","meta":{"footnotes":""},"categories":[34],"tags":[],"class_list":["post-41508","post","type-post","status-publish","format-standard","has-post-thumbnail","hentry","category-economia"],"_links":{"self":[{"href":"https:\/\/ecosdelsur.com\/index.php?rest_route=\/wp\/v2\/posts\/41508","targetHints":{"allow":["GET"]}}],"collection":[{"href":"https:\/\/ecosdelsur.com\/index.php?rest_route=\/wp\/v2\/posts"}],"about":[{"href":"https:\/\/ecosdelsur.com\/index.php?rest_route=\/wp\/v2\/types\/post"}],"author":[{"embeddable":true,"href":"https:\/\/ecosdelsur.com\/index.php?rest_route=\/wp\/v2\/users\/8"}],"replies":[{"embeddable":true,"href":"https:\/\/ecosdelsur.com\/index.php?rest_route=%2Fwp%2Fv2%2Fcomments&post=41508"}],"version-history":[{"count":3,"href":"https:\/\/ecosdelsur.com\/index.php?rest_route=\/wp\/v2\/posts\/41508\/revisions"}],"predecessor-version":[{"id":41515,"href":"https:\/\/ecosdelsur.com\/index.php?rest_route=\/wp\/v2\/posts\/41508\/revisions\/41515"}],"wp:featuredmedia":[{"embeddable":true,"href":"https:\/\/ecosdelsur.com\/index.php?rest_route=\/wp\/v2\/media\/41509"}],"wp:attachment":[{"href":"https:\/\/ecosdelsur.com\/index.php?rest_route=%2Fwp%2Fv2%2Fmedia&parent=41508"}],"wp:term":[{"taxonomy":"category","embeddable":true,"href":"https:\/\/ecosdelsur.com\/index.php?rest_route=%2Fwp%2Fv2%2Fcategories&post=41508"},{"taxonomy":"post_tag","embeddable":true,"href":"https:\/\/ecosdelsur.com\/index.php?rest_route=%2Fwp%2Fv2%2Ftags&post=41508"}],"curies":[{"name":"wp","href":"https:\/\/api.w.org\/{rel}","templated":true}]}}