{"id":41501,"date":"2026-04-29T00:47:32","date_gmt":"2026-04-29T03:47:32","guid":{"rendered":"https:\/\/ecosdelsur.com\/?p=41501"},"modified":"2026-04-29T00:47:37","modified_gmt":"2026-04-29T03:47:37","slug":"llego-el-material-para-red-de-gas-del-barrio-rene-favaloro","status":"publish","type":"post","link":"https:\/\/ecosdelsur.com\/?p=41501","title":{"rendered":"Lleg\u00f3 el material para red de gas del barrio Ren\u00e9 Favaloro"},"content":{"rendered":"<header>\n<div class=\"row\">\n<div class=\"col-xs-12\">\n<div class=\"itemToolbar2\">\n<p>\u00a0<span class=\"itemDateCreated\" style=\"color: #ff0000;\">Martes, 28 Abril 2026\u00a0 <\/span>Se trata 2.000 metros de ca\u00f1os de polietileno de alta densidad (PEAD) que se utilizar\u00e1n en la primera etapa de ampliaci\u00f3n de la red de gas del barrio Ren\u00e9 Favaloro de Caleta Olivia.<img decoding=\"async\" class=\"alignnone size-full wp-image-41504 lazyload\" data-src=\"https:\/\/ecosdelsur.com\/wp-content\/uploads\/2026\/04\/manguera2.jpeg\" alt=\"\" width=\"874\" height=\"572\" data-srcset=\"https:\/\/ecosdelsur.com\/wp-content\/uploads\/2026\/04\/manguera2.jpeg 874w, https:\/\/ecosdelsur.com\/wp-content\/uploads\/2026\/04\/manguera2-300x196.jpeg 300w, https:\/\/ecosdelsur.com\/wp-content\/uploads\/2026\/04\/manguera2-768x503.jpeg 768w\" data-sizes=\"(max-width: 874px) 100vw, 874px\" src=\"data:image\/svg+xml;base64,PHN2ZyB3aWR0aD0iMSIgaGVpZ2h0PSIxIiB4bWxucz0iaHR0cDovL3d3dy53My5vcmcvMjAwMC9zdmciPjwvc3ZnPg==\" style=\"--smush-placeholder-width: 874px; --smush-placeholder-aspect-ratio: 874\/572;\" \/><\/p>\n<\/div>\n<\/div>\n<\/div>\n<\/header>\n<div class=\"cuerpo clearfix\">\n<p id=\"p-1777417465351-11597\">Los mismos fueron acopiados este martes en la planta de la empresa Distrigas, encargada de las tareas principales.<\/p>\n<p id=\"p-1777417465351-91890\">Cabe mencionar que esta iniciativa surge luego del compromiso del intendente Pablo Carrizo con el objetivo de que mejorar la calidad de vida de la comunidad asegurando el acceso a los servicios b\u00e1sicos esenciales a las familias que habitan esa zona de la ciudad.<img decoding=\"async\" class=\"alignnone size-full wp-image-41502 lazyload\" data-src=\"https:\/\/ecosdelsur.com\/wp-content\/uploads\/2026\/04\/manguera.jpeg\" alt=\"\" width=\"1024\" height=\"622\" data-srcset=\"https:\/\/ecosdelsur.com\/wp-content\/uploads\/2026\/04\/manguera.jpeg 1024w, https:\/\/ecosdelsur.com\/wp-content\/uploads\/2026\/04\/manguera-300x182.jpeg 300w, https:\/\/ecosdelsur.com\/wp-content\/uploads\/2026\/04\/manguera-768x467.jpeg 768w\" data-sizes=\"(max-width: 1024px) 100vw, 1024px\" src=\"data:image\/svg+xml;base64,PHN2ZyB3aWR0aD0iMSIgaGVpZ2h0PSIxIiB4bWxucz0iaHR0cDovL3d3dy53My5vcmcvMjAwMC9zdmciPjwvc3ZnPg==\" style=\"--smush-placeholder-width: 1024px; --smush-placeholder-aspect-ratio: 1024\/622;\" \/><\/p>\n<p id=\"p-1777417465351-33157\">Al respecto, el subgerente loca de Distrigas, Ram\u00f3n Herrera, expres\u00f3 su satisfacci\u00f3n por la llegada de esta partida de materiales que constituyen \u201cun significativo alivio para los vecinos porque hace muchos a\u00f1os ven\u00edan esperando esta obra\u201d.<\/p>\n<p id=\"p-1777417465351-18949\">Indic\u00f3 adem\u00e1s que \u201ctenemos proyectado comenzar a colocarlos la pr\u00f3xima semana para lograr el objetivo principal de finalizar los trabajos antes de la llegada del invierno\u201d.<\/p>\n<p id=\"p-1777417465351-28975\">Por su parte, el secretario de Obras y Servicios de la municipalidad, Jos\u00e9 Camacho puso en valor el inicio de esta obra que est\u00e1 planificada para el 4 de mayo.<\/p>\n<p id=\"p-1777417465351-4027\">\u201cLa idea de la gesti\u00f3n es avanzar con la extensi\u00f3n de la red de gas antes de la llegada del frio extremo. Es un compromiso asumido por el intendente y este es el primer paso para su concreci\u00f3n\u201d.<\/p>\n<\/div>\n","protected":false},"excerpt":{"rendered":"<p>\u00a0Martes, 28 Abril 2026\u00a0 Se trata 2.000 metros de ca\u00f1os de polietileno de alta densidad (PEAD) que se utilizar\u00e1n en<\/p>\n","protected":false},"author":8,"featured_media":41503,"comment_status":"open","ping_status":"closed","sticky":false,"template":"","format":"standard","meta":{"footnotes":""},"categories":[40],"tags":[],"class_list":["post-41501","post","type-post","status-publish","format-standard","has-post-thumbnail","hentry","category-municipales"],"_links":{"self":[{"href":"https:\/\/ecosdelsur.com\/index.php?rest_route=\/wp\/v2\/posts\/41501","targetHints":{"allow":["GET"]}}],"collection":[{"href":"https:\/\/ecosdelsur.com\/index.php?rest_route=\/wp\/v2\/posts"}],"about":[{"href":"https:\/\/ecosdelsur.com\/index.php?rest_route=\/wp\/v2\/types\/post"}],"author":[{"embeddable":true,"href":"https:\/\/ecosdelsur.com\/index.php?rest_route=\/wp\/v2\/users\/8"}],"replies":[{"embeddable":true,"href":"https:\/\/ecosdelsur.com\/index.php?rest_route=%2Fwp%2Fv2%2Fcomments&post=41501"}],"version-history":[{"count":1,"href":"https:\/\/ecosdelsur.com\/index.php?rest_route=\/wp\/v2\/posts\/41501\/revisions"}],"predecessor-version":[{"id":41506,"href":"https:\/\/ecosdelsur.com\/index.php?rest_route=\/wp\/v2\/posts\/41501\/revisions\/41506"}],"wp:featuredmedia":[{"embeddable":true,"href":"https:\/\/ecosdelsur.com\/index.php?rest_route=\/wp\/v2\/media\/41503"}],"wp:attachment":[{"href":"https:\/\/ecosdelsur.com\/index.php?rest_route=%2Fwp%2Fv2%2Fmedia&parent=41501"}],"wp:term":[{"taxonomy":"category","embeddable":true,"href":"https:\/\/ecosdelsur.com\/index.php?rest_route=%2Fwp%2Fv2%2Fcategories&post=41501"},{"taxonomy":"post_tag","embeddable":true,"href":"https:\/\/ecosdelsur.com\/index.php?rest_route=%2Fwp%2Fv2%2Ftags&post=41501"}],"curies":[{"name":"wp","href":"https:\/\/api.w.org\/{rel}","templated":true}]}}