{"id":41495,"date":"2026-04-28T18:50:31","date_gmt":"2026-04-28T21:50:31","guid":{"rendered":"https:\/\/ecosdelsur.com\/?p=41495"},"modified":"2026-04-29T00:21:30","modified_gmt":"2026-04-29T03:21:30","slug":"el-gobierno-de-santa-cruz-inauguro-la-sala-de-tomografia-del-hospital-de-rio-turbio","status":"publish","type":"post","link":"https:\/\/ecosdelsur.com\/?p=41495","title":{"rendered":"El Gobierno de Santa Cruz inaugur\u00f3 la Sala de Tomograf\u00eda del hospital de R\u00edo Turbio"},"content":{"rendered":"<div class=\"itemToolbar2\">\n<p><span style=\"color: #ff0000;\">\u00a0<span class=\"itemDateCreated\">Martes, 28 Abril 2026 &#8211; <\/span><\/span>Se trata de un importante avance en materia sanitaria para la provincia y representa el acceso a estudios de alta complejidad para las familias de R\u00edo Turbio como as\u00ed tambi\u00e9n para las localidades aleda\u00f1as.<img decoding=\"async\" class=\"alignnone size-full wp-image-41496 lazyload\" data-src=\"https:\/\/ecosdelsur.com\/wp-content\/uploads\/2026\/04\/b4025ef8bf68b9814b3d8b312958ee56_XL.jpg\" alt=\"\" width=\"765\" height=\"497\" data-srcset=\"https:\/\/ecosdelsur.com\/wp-content\/uploads\/2026\/04\/b4025ef8bf68b9814b3d8b312958ee56_XL.jpg 765w, https:\/\/ecosdelsur.com\/wp-content\/uploads\/2026\/04\/b4025ef8bf68b9814b3d8b312958ee56_XL-300x195.jpg 300w\" data-sizes=\"(max-width: 765px) 100vw, 765px\" src=\"data:image\/svg+xml;base64,PHN2ZyB3aWR0aD0iMSIgaGVpZ2h0PSIxIiB4bWxucz0iaHR0cDovL3d3dy53My5vcmcvMjAwMC9zdmciPjwvc3ZnPg==\" style=\"--smush-placeholder-width: 765px; --smush-placeholder-aspect-ratio: 765\/497;\" \/><\/p>\n<\/div>\n<div class=\"itemFullText\">\n<p>Con la presencia de una comitiva del Ejecutivo Provincial, integrada por la ministra de Salud y Ambiente, Lorena Ross; el ministro de Desarrollo Social, Igualdad e Integraci\u00f3n, Sebasti\u00e1n Georgi\u00f3n; la ministra de Gobierno, Bel\u00e9n Elmiger; el intendente Dar\u00edo Menna; las autoridades del nosocomio y la comunidad, se puso en marcha la nueva Sala de Tomograf\u00eda del Hospital Distrital &#8216;Dr. Jos\u00e9 Alberto S\u00e1nchez&#8217; en R\u00edo Turbio, una obra que representa una inversi\u00f3n total cercana a los\u00a0520 millones de pesos.<img decoding=\"async\" class=\"alignnone size-full wp-image-41498 lazyload\" data-src=\"https:\/\/ecosdelsur.com\/wp-content\/uploads\/2026\/04\/WhatsApp_Image_2026-04-28_at_3.45.01_PM_-_copia.jpeg\" alt=\"\" width=\"1024\" height=\"683\" data-srcset=\"https:\/\/ecosdelsur.com\/wp-content\/uploads\/2026\/04\/WhatsApp_Image_2026-04-28_at_3.45.01_PM_-_copia.jpeg 1024w, https:\/\/ecosdelsur.com\/wp-content\/uploads\/2026\/04\/WhatsApp_Image_2026-04-28_at_3.45.01_PM_-_copia-300x200.jpeg 300w, https:\/\/ecosdelsur.com\/wp-content\/uploads\/2026\/04\/WhatsApp_Image_2026-04-28_at_3.45.01_PM_-_copia-768x512.jpeg 768w\" data-sizes=\"(max-width: 1024px) 100vw, 1024px\" src=\"data:image\/svg+xml;base64,PHN2ZyB3aWR0aD0iMSIgaGVpZ2h0PSIxIiB4bWxucz0iaHR0cDovL3d3dy53My5vcmcvMjAwMC9zdmciPjwvc3ZnPg==\" style=\"--smush-placeholder-width: 1024px; --smush-placeholder-aspect-ratio: 1024\/683;\" \/><\/p>\n<p>Con la incorporaci\u00f3n de este equipamiento de \u00faltima generaci\u00f3n no solo se mejorar\u00e1 la capacidad t\u00e9cnica del nosocomio, sino que\u00a0consolida un derecho esencial para los habitantes\u00a0de la regi\u00f3n, permitiendo diagn\u00f3sticos m\u00e1s r\u00e1pidos y precisos.<img decoding=\"async\" class=\"alignnone size-full wp-image-41499 lazyload\" data-src=\"https:\/\/ecosdelsur.com\/wp-content\/uploads\/2026\/04\/WhatsApp_Image_2026-04-28_at_3.45.02_PM_-_copia.jpeg\" alt=\"\" width=\"1024\" height=\"622\" data-srcset=\"https:\/\/ecosdelsur.com\/wp-content\/uploads\/2026\/04\/WhatsApp_Image_2026-04-28_at_3.45.02_PM_-_copia.jpeg 1024w, https:\/\/ecosdelsur.com\/wp-content\/uploads\/2026\/04\/WhatsApp_Image_2026-04-28_at_3.45.02_PM_-_copia-300x182.jpeg 300w, https:\/\/ecosdelsur.com\/wp-content\/uploads\/2026\/04\/WhatsApp_Image_2026-04-28_at_3.45.02_PM_-_copia-768x467.jpeg 768w\" data-sizes=\"(max-width: 1024px) 100vw, 1024px\" src=\"data:image\/svg+xml;base64,PHN2ZyB3aWR0aD0iMSIgaGVpZ2h0PSIxIiB4bWxucz0iaHR0cDovL3d3dy53My5vcmcvMjAwMC9zdmciPjwvc3ZnPg==\" style=\"--smush-placeholder-width: 1024px; --smush-placeholder-aspect-ratio: 1024\/622;\" \/><\/p>\n<p>El servicio beneficiar\u00e1 a\u00a0R\u00edo Turbio\u00a0y a localidades cercanas como\u00a028 de Noviembre, Julia Dufour, Rospentek, Turbio Viejo y zonas rurales, fortaleciendo la red sanitaria de la Cuenca Carbon\u00edfera.<\/p>\n<p><strong>Ross: \u201cEs un logro hist\u00f3rico para la salud de la regi\u00f3n\u201d<\/strong><\/p>\n<p>Durante el acto, la funcionaria expres\u00f3 su satisfacci\u00f3n por la concreci\u00f3n de una obra largamente esperada: \u201cEs un gran logro, hay que remarcarlo. Esto marca que hay\u00a0<strong>un gobierno que escucha al pueblo,<\/strong>\u00a0que escucha cada reclamo y que, dentro de las posibilidades, hace el esfuerzo para dar respuestas\u201d, sostuvo.<\/p>\n<p>En ese sentido, Ross puso en valor el impacto directo que tendr\u00e1 el equipamiento en la vida de los vecinos de 28 de Noviembre, R\u00edo Turbio y localidades cercanas, al evitar traslados y derivaciones en un contexto geogr\u00e1fico complejo. \u201cSabemos lo que significa contar con un equipo de esta envergadura en una zona donde las distancias son enormes y el clima muchas veces dificulta el traslado de pacientes\u201d, remarc\u00f3.<\/p>\n<p>Asimismo, subray\u00f3 que la incorporaci\u00f3n del tom\u00f3grafo permitir\u00e1 mejorar la capacidad de diagn\u00f3stico y brindar respuestas m\u00e1s r\u00e1pidas y eficientes dentro del sistema sanitario provincial.<\/p>\n<p>La concreci\u00f3n de esta iniciativa se enmarca en la gesti\u00f3n que impulsa el\u00a0<strong>gobernador Claudio Vidal,<\/strong>\u00a0orientada a fortalecer el sistema de salud en todo el territorio, garantizando el acceso a tecnolog\u00eda m\u00e9dica de calidad y reduciendo las desigualdades entre las distintas localidades de la provincia.<\/p>\n<p>Finalmente,\u00a0<strong>Ross<\/strong>\u00a0expres\u00f3 su emoci\u00f3n por el avance logrado y convoc\u00f3 a la comunidad a acompa\u00f1ar este proceso:\u00a0<strong>\u201cEs un orgullo enorme y una herramienta que vamos a poder disfrutar entre todos\u201d, concluy\u00f3.<\/strong><\/p>\n<\/div>\n","protected":false},"excerpt":{"rendered":"<p>\u00a0Martes, 28 Abril 2026 &#8211; Se trata de un importante avance en materia sanitaria para la provincia y representa el<\/p>\n","protected":false},"author":8,"featured_media":41497,"comment_status":"open","ping_status":"closed","sticky":false,"template":"","format":"standard","meta":{"footnotes":""},"categories":[368,35],"tags":[],"class_list":["post-41495","post","type-post","status-publish","format-standard","has-post-thumbnail","hentry","category-gremiales","category-sociedad"],"_links":{"self":[{"href":"https:\/\/ecosdelsur.com\/index.php?rest_route=\/wp\/v2\/posts\/41495","targetHints":{"allow":["GET"]}}],"collection":[{"href":"https:\/\/ecosdelsur.com\/index.php?rest_route=\/wp\/v2\/posts"}],"about":[{"href":"https:\/\/ecosdelsur.com\/index.php?rest_route=\/wp\/v2\/types\/post"}],"author":[{"embeddable":true,"href":"https:\/\/ecosdelsur.com\/index.php?rest_route=\/wp\/v2\/users\/8"}],"replies":[{"embeddable":true,"href":"https:\/\/ecosdelsur.com\/index.php?rest_route=%2Fwp%2Fv2%2Fcomments&post=41495"}],"version-history":[{"count":1,"href":"https:\/\/ecosdelsur.com\/index.php?rest_route=\/wp\/v2\/posts\/41495\/revisions"}],"predecessor-version":[{"id":41500,"href":"https:\/\/ecosdelsur.com\/index.php?rest_route=\/wp\/v2\/posts\/41495\/revisions\/41500"}],"wp:featuredmedia":[{"embeddable":true,"href":"https:\/\/ecosdelsur.com\/index.php?rest_route=\/wp\/v2\/media\/41497"}],"wp:attachment":[{"href":"https:\/\/ecosdelsur.com\/index.php?rest_route=%2Fwp%2Fv2%2Fmedia&parent=41495"}],"wp:term":[{"taxonomy":"category","embeddable":true,"href":"https:\/\/ecosdelsur.com\/index.php?rest_route=%2Fwp%2Fv2%2Fcategories&post=41495"},{"taxonomy":"post_tag","embeddable":true,"href":"https:\/\/ecosdelsur.com\/index.php?rest_route=%2Fwp%2Fv2%2Ftags&post=41495"}],"curies":[{"name":"wp","href":"https:\/\/api.w.org\/{rel}","templated":true}]}}