{"id":41490,"date":"2026-04-28T18:17:13","date_gmt":"2026-04-28T21:17:13","guid":{"rendered":"https:\/\/ecosdelsur.com\/?p=41490"},"modified":"2026-04-28T18:17:19","modified_gmt":"2026-04-28T21:17:19","slug":"policia-en-caleta-olivia-recupera-motocicleta-y-demoran-a-un-menor","status":"publish","type":"post","link":"https:\/\/ecosdelsur.com\/?p=41490","title":{"rendered":"Policia en Caleta Olivia recupera motocicleta y demoran a un menor"},"content":{"rendered":"<div class=\"row\">\n<div class=\"col-xs-12\">\n<div class=\"itemToolbar2\">\n<p><span class=\"itemDateCreated\" style=\"color: #ff0000;\">Lunes, 27 Abril 2026 &#8211; <\/span>Polic\u00edas del Comando de Patrullas recuper\u00f3 en pocos minutos una motocicleta de baja cilindrada que hab\u00eda sido sustra\u00edda en Caleta Olivia.<img decoding=\"async\" class=\"alignnone size-full wp-image-41491 lazyload\" data-src=\"https:\/\/ecosdelsur.com\/wp-content\/uploads\/2026\/04\/moto.jpg\" alt=\"\" width=\"880\" height=\"555\" data-srcset=\"https:\/\/ecosdelsur.com\/wp-content\/uploads\/2026\/04\/moto.jpg 880w, https:\/\/ecosdelsur.com\/wp-content\/uploads\/2026\/04\/moto-300x189.jpg 300w, https:\/\/ecosdelsur.com\/wp-content\/uploads\/2026\/04\/moto-768x484.jpg 768w\" data-sizes=\"(max-width: 880px) 100vw, 880px\" src=\"data:image\/svg+xml;base64,PHN2ZyB3aWR0aD0iMSIgaGVpZ2h0PSIxIiB4bWxucz0iaHR0cDovL3d3dy53My5vcmcvMjAwMC9zdmciPjwvc3ZnPg==\" style=\"--smush-placeholder-width: 880px; --smush-placeholder-aspect-ratio: 880\/555;\" \/><\/p>\n<\/div>\n<\/div>\n<\/div>\n<div class=\"interiorCopete\">\n<p id=\"p-1777392343880-10183\">El personal del Comando de Patrullas de Caleta Olivia intervino este lunes tras un requerimiento del sistema de emergencias 911 que alertaba sobre la sustracci\u00f3n de un moto veh\u00edculo por parte de tres individuos, quienes hab\u00edan escapado hacia el barrio 2 de Abril.<\/p>\n<p id=\"p-1777392343880-92037\">A partir de un r\u00e1pido despliegue en la zona, los efectivos lograron localizar a uno de los sospechosos, quien trasladaba el rodado sustra\u00eddo. Al advertir la presencia policial, el sujeto intent\u00f3 huir, abandonando el veh\u00edculo en la v\u00eda p\u00fablica. No obstante, fue interceptado a pocos metros.<\/p>\n<p id=\"p-1777392338667-14984\">El demorado, menor de edad, fue trasladado a la dependencia policial correspondiente, quedando a disposici\u00f3n de su responsable legal, mientras que el moto veh\u00edculo fue recuperado y puesto a resguardo.<\/p>\n<\/div>\n","protected":false},"excerpt":{"rendered":"<p>Lunes, 27 Abril 2026 &#8211; Polic\u00edas del Comando de Patrullas recuper\u00f3 en pocos minutos una motocicleta de baja cilindrada que<\/p>\n","protected":false},"author":8,"featured_media":41491,"comment_status":"open","ping_status":"closed","sticky":false,"template":"","format":"standard","meta":{"footnotes":""},"categories":[36],"tags":[],"class_list":["post-41490","post","type-post","status-publish","format-standard","has-post-thumbnail","hentry","category-policiales"],"_links":{"self":[{"href":"https:\/\/ecosdelsur.com\/index.php?rest_route=\/wp\/v2\/posts\/41490","targetHints":{"allow":["GET"]}}],"collection":[{"href":"https:\/\/ecosdelsur.com\/index.php?rest_route=\/wp\/v2\/posts"}],"about":[{"href":"https:\/\/ecosdelsur.com\/index.php?rest_route=\/wp\/v2\/types\/post"}],"author":[{"embeddable":true,"href":"https:\/\/ecosdelsur.com\/index.php?rest_route=\/wp\/v2\/users\/8"}],"replies":[{"embeddable":true,"href":"https:\/\/ecosdelsur.com\/index.php?rest_route=%2Fwp%2Fv2%2Fcomments&post=41490"}],"version-history":[{"count":1,"href":"https:\/\/ecosdelsur.com\/index.php?rest_route=\/wp\/v2\/posts\/41490\/revisions"}],"predecessor-version":[{"id":41492,"href":"https:\/\/ecosdelsur.com\/index.php?rest_route=\/wp\/v2\/posts\/41490\/revisions\/41492"}],"wp:featuredmedia":[{"embeddable":true,"href":"https:\/\/ecosdelsur.com\/index.php?rest_route=\/wp\/v2\/media\/41491"}],"wp:attachment":[{"href":"https:\/\/ecosdelsur.com\/index.php?rest_route=%2Fwp%2Fv2%2Fmedia&parent=41490"}],"wp:term":[{"taxonomy":"category","embeddable":true,"href":"https:\/\/ecosdelsur.com\/index.php?rest_route=%2Fwp%2Fv2%2Fcategories&post=41490"},{"taxonomy":"post_tag","embeddable":true,"href":"https:\/\/ecosdelsur.com\/index.php?rest_route=%2Fwp%2Fv2%2Ftags&post=41490"}],"curies":[{"name":"wp","href":"https:\/\/api.w.org\/{rel}","templated":true}]}}