{"id":41479,"date":"2026-04-28T16:13:20","date_gmt":"2026-04-28T19:13:20","guid":{"rendered":"https:\/\/ecosdelsur.com\/?p=41479"},"modified":"2026-04-28T16:13:20","modified_gmt":"2026-04-28T19:13:20","slug":"talento-local-al-mundo-bailarines-de-caleta-olivia-buscan-apoyo-para-competir-en-mexico-e-italia","status":"publish","type":"post","link":"https:\/\/ecosdelsur.com\/?p=41479","title":{"rendered":"Talento local al mundo: bailarines de Caleta Olivia buscan apoyo para competir en M\u00e9xico e Italia"},"content":{"rendered":"<p>Benjam\u00edn y Maite se destacaron en la instancia nacional del Performer Cup y lograron el pase a competencias internacionales. Ahora buscan apoyo para afrontar los costos del viaje.<\/p>\n<p>La escuela de danzas El Polvaredal celebra un importante logro a nivel nacional que proyecta a dos j\u00f3venes talentos de Caleta Olivia hacia escenarios internacionales. Se trata de Benjam\u00edn Chacoma y Maite Fern\u00e1ndez, quienes se consagraron en la instancia nacional del certamen Performer Cup y obtuvieron la clasificaci\u00f3n a competencias en M\u00e9xico y al Mundial que se realizar\u00e1 en Italia en 2027.<\/p>\n<p>El evento nacional se llev\u00f3 a cabo los d\u00edas 18 y 19 de abril en Buenos Aires, donde ambos participaron en la categor\u00eda de 12 a 15 a\u00f1os dentro del rubro danza. All\u00ed, Benjam\u00edn obtuvo el primer puesto en su categor\u00eda, mientras que Maite alcanz\u00f3 el segundo lugar.<\/p>\n<p>Pase a competencias internacionales<\/p>\n<p>Gracias a estos resultados, ambos j\u00f3venes lograron el pase al certamen americano que se realizar\u00e1 en noviembre en M\u00e9xico. Adem\u00e1s, Benjam\u00edn integr\u00f3 la selecci\u00f3n regional dirigida por la profesora Vanina G\u00f3mez, que obtuvo el primer puesto como mejor regi\u00f3n, lo que permiti\u00f3 la clasificaci\u00f3n directa al Mundial en Italia previsto para 2027.<\/p>\n<p>Seg\u00fan explic\u00f3 Gabriel Pujol, referente de la escuela, ambos bailarines fueron adem\u00e1s seleccionados como los \u00fanicos representantes del pa\u00eds en danza dentro de la selecci\u00f3n argentina del certamen.<\/p>\n<p>\u201cPara la escuela es un orgullo enorme. Son los \u00fanicos representantes en danza de toda la Argentina en esta selecci\u00f3n\u201d, destac\u00f3.<\/p>\n<p>Esfuerzo, disciplina y pasi\u00f3n<\/p>\n<p>Tanto Maite como Benjam\u00edn coincidieron en que el logro es resultado de un largo proceso de preparaci\u00f3n y compromiso.<\/p>\n<p>\u201cNos venimos preparando desde el a\u00f1o pasado. Es un logro muy importante que nos enorgullece mucho\u201d, expres\u00f3 Maite, quien adem\u00e1s resalt\u00f3 el acompa\u00f1amiento constante de su profesor y el ambiente de contenci\u00f3n dentro de la escuela.<\/p>\n<p>Por su parte, Benjam\u00edn destac\u00f3 el valor del esfuerzo: \u201cEs una experiencia muy linda y algo que cualquier chico puede lograr si se esfuerza\u201d.<\/p>\n<p>Ambos presentaron coreograf\u00edas de malambo en sus respectivas categor\u00edas, disciplina que requiere un alto nivel t\u00e9cnico y f\u00edsico.<\/p>\n<p>Un proyecto colectivo<\/p>\n<p>Desde la escuela El Polvaredal remarcaron que estos logros no son individuales, sino el resultado de un trabajo colectivo que involucra a docentes, compa\u00f1eros y familias.<\/p>\n<p>\u201cLa idea desde que formamos este espacio fue contener y brindar herramientas no solo art\u00edsticas, sino tambi\u00e9n humanas\u201d, se\u00f1al\u00f3 Gabriel, quien adem\u00e1s destac\u00f3 el crecimiento de la instituci\u00f3n, que cuenta con propuestas para ni\u00f1os, j\u00f3venes y adultos.<\/p>\n<p>Actualmente, la escuela funciona en el Club 3 de Febrero \u2014los lunes, mi\u00e9rcoles y viernes\u2014 y tambi\u00e9n en el barrio Parque los martes y jueves, con distintas disciplinas y niveles.<\/p>\n<p>Campa\u00f1as para cumplir el sue\u00f1o<\/p>\n<p>De cara a los compromisos internacionales, la escuela ya comenz\u00f3 a organizar distintas actividades para recaudar fondos, ya que el costo del viaje es elevado.<\/p>\n<p>\u201cEstamos hablando de m\u00e1s de 3 millones de pesos por chico solo en pasajes, sin contar estad\u00eda, comida e indumentaria\u201d, explicaron.<\/p>\n<p>En este sentido, se realizar\u00e1n rifas, ventas y eventos, adem\u00e1s de convocar a la comunidad y a comercios locales a colaborar con este proyecto.<\/p>\n<p>\u201cQueremos que ellos puedan enfocarse en lo art\u00edstico y no en lo econ\u00f3mico\u201d, indicaron desde la instituci\u00f3n.<\/p>\n<p>El camino hacia el Mundial ya comenz\u00f3 y, con esfuerzo y acompa\u00f1amiento, estos j\u00f3venes bailarines buscan llevar el talento de Caleta Olivia a lo m\u00e1s alto del escenario internacional.<\/p>\n","protected":false},"excerpt":{"rendered":"<p>Benjam\u00edn y Maite se destacaron en la instancia nacional del Performer Cup y lograron el pase a competencias internacionales. Ahora<\/p>\n","protected":false},"author":8,"featured_media":41480,"comment_status":"open","ping_status":"closed","sticky":false,"template":"","format":"standard","meta":{"footnotes":""},"categories":[87],"tags":[60,1592,1591,589,1593],"class_list":["post-41479","post","type-post","status-publish","format-standard","has-post-thumbnail","hentry","category-provinciales","tag-caleta-olivia","tag-danzas","tag-el-polvaredal","tag-malambo","tag-performer-cup"],"_links":{"self":[{"href":"https:\/\/ecosdelsur.com\/index.php?rest_route=\/wp\/v2\/posts\/41479","targetHints":{"allow":["GET"]}}],"collection":[{"href":"https:\/\/ecosdelsur.com\/index.php?rest_route=\/wp\/v2\/posts"}],"about":[{"href":"https:\/\/ecosdelsur.com\/index.php?rest_route=\/wp\/v2\/types\/post"}],"author":[{"embeddable":true,"href":"https:\/\/ecosdelsur.com\/index.php?rest_route=\/wp\/v2\/users\/8"}],"replies":[{"embeddable":true,"href":"https:\/\/ecosdelsur.com\/index.php?rest_route=%2Fwp%2Fv2%2Fcomments&post=41479"}],"version-history":[{"count":1,"href":"https:\/\/ecosdelsur.com\/index.php?rest_route=\/wp\/v2\/posts\/41479\/revisions"}],"predecessor-version":[{"id":41481,"href":"https:\/\/ecosdelsur.com\/index.php?rest_route=\/wp\/v2\/posts\/41479\/revisions\/41481"}],"wp:featuredmedia":[{"embeddable":true,"href":"https:\/\/ecosdelsur.com\/index.php?rest_route=\/wp\/v2\/media\/41480"}],"wp:attachment":[{"href":"https:\/\/ecosdelsur.com\/index.php?rest_route=%2Fwp%2Fv2%2Fmedia&parent=41479"}],"wp:term":[{"taxonomy":"category","embeddable":true,"href":"https:\/\/ecosdelsur.com\/index.php?rest_route=%2Fwp%2Fv2%2Fcategories&post=41479"},{"taxonomy":"post_tag","embeddable":true,"href":"https:\/\/ecosdelsur.com\/index.php?rest_route=%2Fwp%2Fv2%2Ftags&post=41479"}],"curies":[{"name":"wp","href":"https:\/\/api.w.org\/{rel}","templated":true}]}}