{"id":41472,"date":"2026-04-28T01:38:44","date_gmt":"2026-04-28T04:38:44","guid":{"rendered":"https:\/\/ecosdelsur.com\/?p=41472"},"modified":"2026-04-28T01:38:51","modified_gmt":"2026-04-28T04:38:51","slug":"mas-amor-menos-abandono-la-escuela-n-43-transformo-el-dia-del-animal-en-una-leccion-de-vida","status":"publish","type":"post","link":"https:\/\/ecosdelsur.com\/?p=41472","title":{"rendered":"M\u00e1s amor, menos abandono: La Escuela N\u00b0 43 transform\u00f3 el D\u00eda del Animal en una lecci\u00f3n de vida"},"content":{"rendered":"<div class=\"itemIntroText\">\n<div class=\"itemToolbar2\">\n<p><span style=\"color: #ff0000;\">\u00a0<span class=\"itemDateCreated\">Lunes, 27 Abril 2026 &#8211; <\/span><\/span>El Consejo Provincial de Educaci\u00f3n acompa\u00f1a e impulsa los proyectos de las instituciones educativas que, como la Escuela Provincial Primaria N\u00ba 43 &#8220;Pedro B. Palacios &#8211; Almafuerte&#8221;, de <strong>Caleta Olivia<\/strong>, trascienden los libros de texto para formar ciudadanos comprometidos con el respeto a la vida. Hoy culmin\u00f3 con \u00e9xito el proyecto institucional &#8220;Yo amo a mi mascota&#8221;, una propuesta que moviliz\u00f3 a estudiantes de 4\u00ba a 7\u00ba grado en torno al bienestar animal.<img decoding=\"async\" class=\"alignnone size-full wp-image-41474 lazyload\" data-src=\"https:\/\/ecosdelsur.com\/wp-content\/uploads\/2026\/04\/PROYECTO_EPP_43_3.jpeg\" alt=\"\" width=\"904\" height=\"600\" data-srcset=\"https:\/\/ecosdelsur.com\/wp-content\/uploads\/2026\/04\/PROYECTO_EPP_43_3.jpeg 904w, https:\/\/ecosdelsur.com\/wp-content\/uploads\/2026\/04\/PROYECTO_EPP_43_3-300x199.jpeg 300w, https:\/\/ecosdelsur.com\/wp-content\/uploads\/2026\/04\/PROYECTO_EPP_43_3-768x510.jpeg 768w\" data-sizes=\"(max-width: 904px) 100vw, 904px\" src=\"data:image\/svg+xml;base64,PHN2ZyB3aWR0aD0iMSIgaGVpZ2h0PSIxIiB4bWxucz0iaHR0cDovL3d3dy53My5vcmcvMjAwMC9zdmciPjwvc3ZnPg==\" style=\"--smush-placeholder-width: 904px; --smush-placeholder-aspect-ratio: 904\/600;\" \/><\/p>\n<\/div>\n<\/div>\n<div class=\"itemFullText\">\n<p>En esta oportunidad,\u00a0<strong>Yamila Casas<\/strong>,\u00a0<strong>Elda Contreras<\/strong>\u00a0y\u00a0<strong>Adri\u00e1n Odone<\/strong>, quienes est\u00e1n a cargo del proyecto explicaron que la iniciativa se traz\u00f3 metas claras para impactar en la conducta de los alumnos. En ese sentido, se\u00f1alaron que\u00a0<strong>el prop\u00f3sito central fue concientizar sobre la importancia de la tenencia responsable y lograr que los ni\u00f1os reconozcan a los animales como seres vivos que requieren protecci\u00f3n.<img decoding=\"async\" class=\"alignnone size-full wp-image-41475 lazyload\" data-src=\"https:\/\/ecosdelsur.com\/wp-content\/uploads\/2026\/04\/PROYECTO_EPP_43_4.jpeg\" alt=\"\" width=\"758\" height=\"483\" data-srcset=\"https:\/\/ecosdelsur.com\/wp-content\/uploads\/2026\/04\/PROYECTO_EPP_43_4.jpeg 758w, https:\/\/ecosdelsur.com\/wp-content\/uploads\/2026\/04\/PROYECTO_EPP_43_4-300x191.jpeg 300w\" data-sizes=\"(max-width: 758px) 100vw, 758px\" src=\"data:image\/svg+xml;base64,PHN2ZyB3aWR0aD0iMSIgaGVpZ2h0PSIxIiB4bWxucz0iaHR0cDovL3d3dy53My5vcmcvMjAwMC9zdmciPjwvc3ZnPg==\" style=\"--smush-placeholder-width: 758px; --smush-placeholder-aspect-ratio: 758\/483;\" \/><\/strong><\/p>\n<p>Al respecto, Contreras detall\u00f3 que buscaron &#8220;promover h\u00e1bitos saludables como la alimentaci\u00f3n adecuada y el cumplimiento de los controles veterinarios y la vacunaci\u00f3n&#8221;, resaltando que el trabajo interdisciplinario entre grados fue clave para &#8220;fomentar la empat\u00eda y un v\u00ednculo afectivo positivo con las mascotas&#8221; en toda la comunidad educativa.<\/p>\n<p><strong>Compromiso escolar y trabajo con la comunidad<\/strong><\/p>\n<p>Sobre el trabajo articulado, brind\u00f3 detalles sobre la red de colaboraci\u00f3n que hizo posible esta jornada. La docente explic\u00f3 que integrar a la Municipalidad y a la oficina de Sanidad Animal permiti\u00f3 que los alumnos conocieran las pol\u00edticas de salud p\u00fablica local. \u201cLas charlas de las protectoras locales fueron fundamentales para que los chicos comprendieran la realidad de nuestra comunidad y el valor de proteger a quienes no pueden defenderse por s\u00ed mismos\u201d, destac\u00f3.<\/p>\n<p>Por su parte, Yamila Casas profundiz\u00f3 en los fundamentos pedag\u00f3gicos de la actividad, manifestando que\u00a0<strong>la educaci\u00f3n es la herramienta principal para generar un cambio de paradigma en el trato hacia los animales<\/strong>. Seg\u00fan explic\u00f3, el enfoque estuvo puesto en la sensibilizaci\u00f3n desde edades tempranas para consolidar valores ciudadanos.<\/p>\n<p>Al referirse al coraz\u00f3n del proyecto, fue contundente: \u201cel objetivo fue ense\u00f1ar a los alumnos a valorar y respetar a los animales, entendiendo que no son objetos, sino seres vivos que sienten, que sufren y que necesitan amor y cuidados responsables\u201d.<\/p>\n<p>Finalmente, Casas remarc\u00f3 el \u00e9xito de la convocatoria en la calle Rivadavia, donde el quir\u00f3fano m\u00f3vil realiz\u00f3 tareas de vacunaci\u00f3n y desparasitaci\u00f3n. \u201cVer ese movimiento nos demuestra que el mensaje de la escuela lleg\u00f3 a las familias. Como siempre decimos en la EPP 43:\u00a0<strong>cuidar tambi\u00e9n es una forma de querer\u201d,<\/strong>\u00a0concluy\u00f3.<\/p>\n<p>El SUM de la escuela cerr\u00f3 la jornada exhibiendo los\u00a0<strong>&#8220;Libros de Mascotas&#8221;<\/strong>\u00a0de 4to grado y los folletos de 7mo, reafirmando el compromiso de la instituci\u00f3n con la formaci\u00f3n en valores.<\/p>\n<\/div>\n","protected":false},"excerpt":{"rendered":"<p>\u00a0Lunes, 27 Abril 2026 &#8211; El Consejo Provincial de Educaci\u00f3n acompa\u00f1a e impulsa los proyectos de las instituciones educativas que,<\/p>\n","protected":false},"author":8,"featured_media":41473,"comment_status":"open","ping_status":"closed","sticky":false,"template":"","format":"standard","meta":{"footnotes":""},"categories":[90],"tags":[],"class_list":["post-41472","post","type-post","status-publish","format-standard","has-post-thumbnail","hentry","category-educacion-2"],"_links":{"self":[{"href":"https:\/\/ecosdelsur.com\/index.php?rest_route=\/wp\/v2\/posts\/41472","targetHints":{"allow":["GET"]}}],"collection":[{"href":"https:\/\/ecosdelsur.com\/index.php?rest_route=\/wp\/v2\/posts"}],"about":[{"href":"https:\/\/ecosdelsur.com\/index.php?rest_route=\/wp\/v2\/types\/post"}],"author":[{"embeddable":true,"href":"https:\/\/ecosdelsur.com\/index.php?rest_route=\/wp\/v2\/users\/8"}],"replies":[{"embeddable":true,"href":"https:\/\/ecosdelsur.com\/index.php?rest_route=%2Fwp%2Fv2%2Fcomments&post=41472"}],"version-history":[{"count":1,"href":"https:\/\/ecosdelsur.com\/index.php?rest_route=\/wp\/v2\/posts\/41472\/revisions"}],"predecessor-version":[{"id":41477,"href":"https:\/\/ecosdelsur.com\/index.php?rest_route=\/wp\/v2\/posts\/41472\/revisions\/41477"}],"wp:featuredmedia":[{"embeddable":true,"href":"https:\/\/ecosdelsur.com\/index.php?rest_route=\/wp\/v2\/media\/41473"}],"wp:attachment":[{"href":"https:\/\/ecosdelsur.com\/index.php?rest_route=%2Fwp%2Fv2%2Fmedia&parent=41472"}],"wp:term":[{"taxonomy":"category","embeddable":true,"href":"https:\/\/ecosdelsur.com\/index.php?rest_route=%2Fwp%2Fv2%2Fcategories&post=41472"},{"taxonomy":"post_tag","embeddable":true,"href":"https:\/\/ecosdelsur.com\/index.php?rest_route=%2Fwp%2Fv2%2Ftags&post=41472"}],"curies":[{"name":"wp","href":"https:\/\/api.w.org\/{rel}","templated":true}]}}