{"id":41465,"date":"2026-04-28T01:23:57","date_gmt":"2026-04-28T04:23:57","guid":{"rendered":"https:\/\/ecosdelsur.com\/?p=41465"},"modified":"2026-04-28T01:24:53","modified_gmt":"2026-04-28T04:24:53","slug":"articulacion-educativa-se-desarrollan-jornadas-de-doble-vinculacion-en-caleta-olivia","status":"publish","type":"post","link":"https:\/\/ecosdelsur.com\/?p=41465","title":{"rendered":"Articulaci\u00f3n educativa: Se desarrollan jornadas de doble vinculaci\u00f3n en Caleta Olivia"},"content":{"rendered":"<div class=\"itemToolbar2\">\n<p><span class=\"itemDateCreated\"><span style=\"color: #ff0000;\">Lunes, 27 Abril 2026<\/span> &#8211; <\/span>En el marco de las pol\u00edticas p\u00fablicas del Gobierno de Santa Cruz, se llevan adelante jornadas de doble vinculaci\u00f3n entre instituciones de Nivel Inicial y Primaria en la localidad de Caleta Olivia. <img decoding=\"async\" class=\"alignnone size-full wp-image-41468 lazyload\" data-src=\"https:\/\/ecosdelsur.com\/wp-content\/uploads\/2026\/04\/DOBLE_VINCULACIN_3.jpeg\" alt=\"\" width=\"551\" height=\"391\" data-srcset=\"https:\/\/ecosdelsur.com\/wp-content\/uploads\/2026\/04\/DOBLE_VINCULACIN_3.jpeg 551w, https:\/\/ecosdelsur.com\/wp-content\/uploads\/2026\/04\/DOBLE_VINCULACIN_3-300x213.jpeg 300w\" data-sizes=\"(max-width: 551px) 100vw, 551px\" src=\"data:image\/svg+xml;base64,PHN2ZyB3aWR0aD0iMSIgaGVpZ2h0PSIxIiB4bWxucz0iaHR0cDovL3d3dy53My5vcmcvMjAwMC9zdmciPjwvc3ZnPg==\" style=\"--smush-placeholder-width: 551px; --smush-placeholder-aspect-ratio: 551\/391;\" \/>El objetivo central de esta iniciativa es fortalecer la alfabetizaci\u00f3n plena y garantizar una transici\u00f3n pedag\u00f3gica armoniosa para los estudiantes, integrando los aprendizajes de ambos niveles a trav\u00e9s de experiencias compartidas en el entorno escolar.<img decoding=\"async\" class=\"alignnone size-full wp-image-41469 lazyload\" data-src=\"https:\/\/ecosdelsur.com\/wp-content\/uploads\/2026\/04\/DOBLE_VINCULACIN_4.jpeg\" alt=\"\" width=\"878\" height=\"517\" data-srcset=\"https:\/\/ecosdelsur.com\/wp-content\/uploads\/2026\/04\/DOBLE_VINCULACIN_4.jpeg 878w, https:\/\/ecosdelsur.com\/wp-content\/uploads\/2026\/04\/DOBLE_VINCULACIN_4-300x177.jpeg 300w, https:\/\/ecosdelsur.com\/wp-content\/uploads\/2026\/04\/DOBLE_VINCULACIN_4-768x452.jpeg 768w\" data-sizes=\"(max-width: 878px) 100vw, 878px\" src=\"data:image\/svg+xml;base64,PHN2ZyB3aWR0aD0iMSIgaGVpZ2h0PSIxIiB4bWxucz0iaHR0cDovL3d3dy53My5vcmcvMjAwMC9zdmciPjwvc3ZnPg==\" style=\"--smush-placeholder-width: 878px; --smush-placeholder-aspect-ratio: 878\/517;\" \/><\/p>\n<\/div>\n<div class=\"itemFullText\">\n<p>Al respecto de estas acciones que impulsa El Consejo Provincial de Educaci\u00f3n, la directora de la\u00a0<strong>Escuela Provincial Primaria N\u00b076 &#8220;Quimewen&#8221;,<\/strong>\u00a0<strong>Jovita Roa<\/strong>, explic\u00f3 que este espacio de trabajo conjunto con el\u00a0<strong>Jard\u00edn de Infantes N\u00b052 &#8220;Humer\u00edn&#8221;\u00a0<\/strong>es un proyecto que se consolida a\u00f1o tras a\u00f1o en el Barrio Jard\u00edn. &#8220;Esta propuesta permite que los alumnos compartan un tiempo de intercambio real, facilitando que los m\u00e1s peque\u00f1os conozcan de cerca la din\u00e1mica de trabajo que encontrar\u00e1n en la educaci\u00f3n primaria&#8221;, destac\u00f3.<img decoding=\"async\" class=\"alignnone size-full wp-image-41466 lazyload\" data-src=\"https:\/\/ecosdelsur.com\/wp-content\/uploads\/2026\/04\/cu.jpg\" alt=\"\" width=\"899\" height=\"549\" data-srcset=\"https:\/\/ecosdelsur.com\/wp-content\/uploads\/2026\/04\/cu.jpg 899w, https:\/\/ecosdelsur.com\/wp-content\/uploads\/2026\/04\/cu-300x183.jpg 300w, https:\/\/ecosdelsur.com\/wp-content\/uploads\/2026\/04\/cu-768x469.jpg 768w\" data-sizes=\"(max-width: 899px) 100vw, 899px\" src=\"data:image\/svg+xml;base64,PHN2ZyB3aWR0aD0iMSIgaGVpZ2h0PSIxIiB4bWxucz0iaHR0cDovL3d3dy53My5vcmcvMjAwMC9zdmciPjwvc3ZnPg==\" style=\"--smush-placeholder-width: 899px; --smush-placeholder-aspect-ratio: 899\/549;\" \/><\/p>\n<p>Por su parte, la vicedirectora del Jard\u00edn N\u00b052,\u00a0<strong>Ivanna Maldonado<\/strong>, detall\u00f3 que el proceso consta de\u00a0<strong>cuatro instancias planificadas para vincular los saberes de las dos instituciones<\/strong>. Adem\u00e1s, sostuvo que es notable el entusiasmo de los ni\u00f1os en este primer encuentro, considerando que estas vivencias compartidas son fundamentales para generar un v\u00ednculo s\u00f3lido entre los estudiantes, potenciando su desarrollo educativo y su autonom\u00eda.<\/p>\n<p>Cabe destacar que\u00a0<strong>estas estrategias de articulaci\u00f3n continuar\u00e1n desarroll\u00e1ndose en distintas localidades de la provincia<\/strong>, con el fin de fortalecer los lazos institucionales y asegurar trayectorias escolares integrales para todos los alumnos santacruce\u00f1os.<\/p>\n<\/div>\n","protected":false},"excerpt":{"rendered":"<p>Lunes, 27 Abril 2026 &#8211; En el marco de las pol\u00edticas p\u00fablicas del Gobierno de Santa Cruz, se llevan adelante<\/p>\n","protected":false},"author":8,"featured_media":41467,"comment_status":"open","ping_status":"closed","sticky":false,"template":"","format":"standard","meta":{"footnotes":""},"categories":[90],"tags":[],"class_list":["post-41465","post","type-post","status-publish","format-standard","has-post-thumbnail","hentry","category-educacion-2"],"_links":{"self":[{"href":"https:\/\/ecosdelsur.com\/index.php?rest_route=\/wp\/v2\/posts\/41465","targetHints":{"allow":["GET"]}}],"collection":[{"href":"https:\/\/ecosdelsur.com\/index.php?rest_route=\/wp\/v2\/posts"}],"about":[{"href":"https:\/\/ecosdelsur.com\/index.php?rest_route=\/wp\/v2\/types\/post"}],"author":[{"embeddable":true,"href":"https:\/\/ecosdelsur.com\/index.php?rest_route=\/wp\/v2\/users\/8"}],"replies":[{"embeddable":true,"href":"https:\/\/ecosdelsur.com\/index.php?rest_route=%2Fwp%2Fv2%2Fcomments&post=41465"}],"version-history":[{"count":1,"href":"https:\/\/ecosdelsur.com\/index.php?rest_route=\/wp\/v2\/posts\/41465\/revisions"}],"predecessor-version":[{"id":41471,"href":"https:\/\/ecosdelsur.com\/index.php?rest_route=\/wp\/v2\/posts\/41465\/revisions\/41471"}],"wp:featuredmedia":[{"embeddable":true,"href":"https:\/\/ecosdelsur.com\/index.php?rest_route=\/wp\/v2\/media\/41467"}],"wp:attachment":[{"href":"https:\/\/ecosdelsur.com\/index.php?rest_route=%2Fwp%2Fv2%2Fmedia&parent=41465"}],"wp:term":[{"taxonomy":"category","embeddable":true,"href":"https:\/\/ecosdelsur.com\/index.php?rest_route=%2Fwp%2Fv2%2Fcategories&post=41465"},{"taxonomy":"post_tag","embeddable":true,"href":"https:\/\/ecosdelsur.com\/index.php?rest_route=%2Fwp%2Fv2%2Ftags&post=41465"}],"curies":[{"name":"wp","href":"https:\/\/api.w.org\/{rel}","templated":true}]}}