{"id":41452,"date":"2026-04-28T00:29:09","date_gmt":"2026-04-28T03:29:09","guid":{"rendered":"https:\/\/ecosdelsur.com\/?p=41452"},"modified":"2026-04-28T00:29:14","modified_gmt":"2026-04-28T03:29:14","slug":"piedra-buena-inicia-la-elaboracion-de-su-convenio-colectivo-municipal-con-acompanamiento-del-gobierno-provincial","status":"publish","type":"post","link":"https:\/\/ecosdelsur.com\/?p=41452","title":{"rendered":"Piedra Buena inicia la elaboraci\u00f3n de su Convenio Colectivo Municipal con acompa\u00f1amiento del Gobierno provincial"},"content":{"rendered":"<div class=\"itemToolbar2\">\n<p><span style=\"color: #ff0000;\">\u00a0<span class=\"itemDateCreated\">Lunes, 27 Abril 2026 &#8211; <\/span><\/span>El Ministerio de Trabajo asisti\u00f3 al municipio y a los gremios en el inicio del proceso que permitir\u00e1 ordenar las condiciones laborales y avanzar en paritarias propias.<img decoding=\"async\" class=\"alignnone size-full wp-image-41453 lazyload\" data-src=\"https:\/\/ecosdelsur.com\/wp-content\/uploads\/2026\/04\/WhatsApp_Image_2026-04-27_at_5.45.19_AM.jpeg\" alt=\"\" width=\"1024\" height=\"592\" data-srcset=\"https:\/\/ecosdelsur.com\/wp-content\/uploads\/2026\/04\/WhatsApp_Image_2026-04-27_at_5.45.19_AM.jpeg 1024w, https:\/\/ecosdelsur.com\/wp-content\/uploads\/2026\/04\/WhatsApp_Image_2026-04-27_at_5.45.19_AM-300x173.jpeg 300w, https:\/\/ecosdelsur.com\/wp-content\/uploads\/2026\/04\/WhatsApp_Image_2026-04-27_at_5.45.19_AM-768x444.jpeg 768w\" data-sizes=\"(max-width: 1024px) 100vw, 1024px\" src=\"data:image\/svg+xml;base64,PHN2ZyB3aWR0aD0iMSIgaGVpZ2h0PSIxIiB4bWxucz0iaHR0cDovL3d3dy53My5vcmcvMjAwMC9zdmciPjwvc3ZnPg==\" style=\"--smush-placeholder-width: 1024px; --smush-placeholder-aspect-ratio: 1024\/592;\" \/><\/p>\n<\/div>\n<div class=\"itemFullText\">\n<p>El Gobierno de Santa Cruz, a trav\u00e9s del Ministerio de Trabajo, acompa\u00f1\u00f3 al municipio de\u00a0<strong>Comandante Luis Piedra Buena<\/strong>\u00a0en el inicio del proceso de elaboraci\u00f3n del primer Convenio Colectivo de Trabajo para sus empleados municipales, una herramienta clave para ordenar las relaciones laborales en el \u00e1mbito\u00a0 de la localidad.<img decoding=\"async\" class=\"alignnone size-full wp-image-41456 lazyload\" data-src=\"https:\/\/ecosdelsur.com\/wp-content\/uploads\/2026\/04\/WhatsApp_Image_2026-04-27_at_5.45.21_AM.jpeg\" alt=\"\" width=\"1024\" height=\"682\" data-srcset=\"https:\/\/ecosdelsur.com\/wp-content\/uploads\/2026\/04\/WhatsApp_Image_2026-04-27_at_5.45.21_AM.jpeg 1024w, https:\/\/ecosdelsur.com\/wp-content\/uploads\/2026\/04\/WhatsApp_Image_2026-04-27_at_5.45.21_AM-300x200.jpeg 300w, https:\/\/ecosdelsur.com\/wp-content\/uploads\/2026\/04\/WhatsApp_Image_2026-04-27_at_5.45.21_AM-768x512.jpeg 768w\" data-sizes=\"(max-width: 1024px) 100vw, 1024px\" src=\"data:image\/svg+xml;base64,PHN2ZyB3aWR0aD0iMSIgaGVpZ2h0PSIxIiB4bWxucz0iaHR0cDovL3d3dy53My5vcmcvMjAwMC9zdmciPjwvc3ZnPg==\" style=\"--smush-placeholder-width: 1024px; --smush-placeholder-aspect-ratio: 1024\/682;\" \/><\/p>\n<p>Esta iniciativa se enmarca en la l\u00ednea de trabajo que impulsa el\u00a0<strong>gobernador Claudio Vidal,<\/strong>\u00a0orientada a fortalecer las instituciones laborales en toda la provincia, promoviendo el di\u00e1logo entre municipios y trabajadores, y brindando herramientas concretas que permitan ordenar las relaciones laborales, garantizar derechos y avanzar hacia esquemas m\u00e1s justos y transparentes en el \u00e1mbito p\u00fablico.<img decoding=\"async\" class=\"alignnone size-full wp-image-41455 lazyload\" data-src=\"https:\/\/ecosdelsur.com\/wp-content\/uploads\/2026\/04\/WhatsApp_Image_2026-04-27_at_5.45.20_AM_2.jpeg\" alt=\"\" width=\"1024\" height=\"683\" data-srcset=\"https:\/\/ecosdelsur.com\/wp-content\/uploads\/2026\/04\/WhatsApp_Image_2026-04-27_at_5.45.20_AM_2.jpeg 1024w, https:\/\/ecosdelsur.com\/wp-content\/uploads\/2026\/04\/WhatsApp_Image_2026-04-27_at_5.45.20_AM_2-300x200.jpeg 300w, https:\/\/ecosdelsur.com\/wp-content\/uploads\/2026\/04\/WhatsApp_Image_2026-04-27_at_5.45.20_AM_2-768x512.jpeg 768w\" data-sizes=\"(max-width: 1024px) 100vw, 1024px\" src=\"data:image\/svg+xml;base64,PHN2ZyB3aWR0aD0iMSIgaGVpZ2h0PSIxIiB4bWxucz0iaHR0cDovL3d3dy53My5vcmcvMjAwMC9zdmciPjwvc3ZnPg==\" style=\"--smush-placeholder-width: 1024px; --smush-placeholder-aspect-ratio: 1024\/683;\" \/><\/p>\n<p>La jornada cont\u00f3 con la participaci\u00f3n del ministro de Trabajo,\u00a0<strong>Juan Mata;<\/strong>\u00a0el secretario de Estado de Trabajo,\u00a0<strong>Javier Aravena<\/strong>; y el director provincial de Operativos,\u00a0<strong>Javier Pe\u00f1alba<\/strong>, quienes trabajaron junto a la\u00a0<strong>intendenta Anal\u00eda Far\u00edas<\/strong>, su gabinete y representantes de los trabajadores, con participaci\u00f3n de miembros de Asociaci\u00f3n de Trabajadores del Estado (ATE) y la Uni\u00f3n de Personal Civil de la Naci\u00f3n Santa Cruz (UPCN)<\/p>\n<p>Como resultado del encuentro, se firm\u00f3 un\u00a0<strong>acta acuerdo<\/strong>\u00a0que formaliza el inicio del proceso de redacci\u00f3n del convenio colectivo, el cual permitir\u00e1 establecer un marco normativo propio para los trabajadores municipales de esa localidad.<\/p>\n<p>Entre sus principales alcances, el futuro convenio habilitar\u00e1 la negociaci\u00f3n en mesas paritarias, la definici\u00f3n de un nomenclador de funciones y la organizaci\u00f3n de condiciones laborales, consolidando una herramienta fundamental para el desarrollo institucional del municipio.<\/p>\n<p>Desde la cartera de Trabajo informaron que tambi\u00e9n se realiz\u00f3 este trabajo, previamente, en la localidad de Puerto Santa Cruz.<\/p>\n<p>Desde el Gobierno provincial destacaron la importancia de acompa\u00f1ar a las localidades en este tipo de procesos, promoviendo el di\u00e1logo entre las partes y brindando herramientas t\u00e9cnicas para fortalecer la institucionalidad laboral en el \u00e1mbito municipal.<\/p>\n<\/div>\n","protected":false},"excerpt":{"rendered":"<p>\u00a0Lunes, 27 Abril 2026 &#8211; El Ministerio de Trabajo asisti\u00f3 al municipio y a los gremios en el inicio del<\/p>\n","protected":false},"author":8,"featured_media":41454,"comment_status":"open","ping_status":"closed","sticky":false,"template":"","format":"standard","meta":{"footnotes":""},"categories":[35],"tags":[],"class_list":["post-41452","post","type-post","status-publish","format-standard","has-post-thumbnail","hentry","category-sociedad"],"_links":{"self":[{"href":"https:\/\/ecosdelsur.com\/index.php?rest_route=\/wp\/v2\/posts\/41452","targetHints":{"allow":["GET"]}}],"collection":[{"href":"https:\/\/ecosdelsur.com\/index.php?rest_route=\/wp\/v2\/posts"}],"about":[{"href":"https:\/\/ecosdelsur.com\/index.php?rest_route=\/wp\/v2\/types\/post"}],"author":[{"embeddable":true,"href":"https:\/\/ecosdelsur.com\/index.php?rest_route=\/wp\/v2\/users\/8"}],"replies":[{"embeddable":true,"href":"https:\/\/ecosdelsur.com\/index.php?rest_route=%2Fwp%2Fv2%2Fcomments&post=41452"}],"version-history":[{"count":1,"href":"https:\/\/ecosdelsur.com\/index.php?rest_route=\/wp\/v2\/posts\/41452\/revisions"}],"predecessor-version":[{"id":41457,"href":"https:\/\/ecosdelsur.com\/index.php?rest_route=\/wp\/v2\/posts\/41452\/revisions\/41457"}],"wp:featuredmedia":[{"embeddable":true,"href":"https:\/\/ecosdelsur.com\/index.php?rest_route=\/wp\/v2\/media\/41454"}],"wp:attachment":[{"href":"https:\/\/ecosdelsur.com\/index.php?rest_route=%2Fwp%2Fv2%2Fmedia&parent=41452"}],"wp:term":[{"taxonomy":"category","embeddable":true,"href":"https:\/\/ecosdelsur.com\/index.php?rest_route=%2Fwp%2Fv2%2Fcategories&post=41452"},{"taxonomy":"post_tag","embeddable":true,"href":"https:\/\/ecosdelsur.com\/index.php?rest_route=%2Fwp%2Fv2%2Ftags&post=41452"}],"curies":[{"name":"wp","href":"https:\/\/api.w.org\/{rel}","templated":true}]}}