{"id":41447,"date":"2026-04-27T22:50:23","date_gmt":"2026-04-28T01:50:23","guid":{"rendered":"https:\/\/ecosdelsur.com\/?p=41447"},"modified":"2026-04-27T22:54:45","modified_gmt":"2026-04-28T01:54:45","slug":"el-cine-municipal-sera-escenario-de-un-gran-desfile-tematico","status":"publish","type":"post","link":"https:\/\/ecosdelsur.com\/?p=41447","title":{"rendered":"El Cine municipal ser\u00e1 escenario de un gran desfile tem\u00e1tico"},"content":{"rendered":"<header class=\"entry-header\"><span style=\"color: #ff0000; font-size: 16px;\">27 de abril de 2026 <\/span><span style=\"color: #000000;\">Con el objetivo de acompa\u00f1ar el estreno de la pel\u00edcula \u201cEl Diablo Viste a la Moda 2\u201d, la Escuela de Modelos \u201cI\u2019m Fabulous\u201d, brindar\u00e1 una sorprendente intervenci\u00f3n art\u00edstica, coreografiada e inspirada en el universo de la moda.<\/span><\/header>\n<div class=\"post-thumb entry-media thumbnail\"><img decoding=\"async\" class=\"attachment-full size-full wp-post-image lazyload\" data-src=\"https:\/\/caletaolivia.gov.ar\/wp-content\/uploads\/2026\/04\/IMG-20260417-WA0173.jpg\" alt=\"El Cine municipal ser\u00e1 escenario de un gran desfile tem\u00e1tico\" width=\"1280\" height=\"720\" src=\"data:image\/svg+xml;base64,PHN2ZyB3aWR0aD0iMSIgaGVpZ2h0PSIxIiB4bWxucz0iaHR0cDovL3d3dy53My5vcmcvMjAwMC9zdmciPjwvc3ZnPg==\" style=\"--smush-placeholder-width: 1280px; --smush-placeholder-aspect-ratio: 1280\/720;\" \/><\/div>\n<div class=\"entry-content si-entry\">\n<p>Juan Marcelo Gonz\u00e1lez, referente de la Escuela de Modelos presente en Caleta Oliva desde hace 11 a\u00f1os, detall\u00f3 que la propuesta busca generar una experiencia diferente para el p\u00fablico, vinculada directamente con la est\u00e9tica y esp\u00edritu de la esperada pel\u00edcula.<\/p>\n<p>\u201cSer\u00e1 sobre el escenario del Cine, previo a la pel\u00edcula, vamos a tener un set de m\u00fasica de la pel\u00edcula y despu\u00e9s vamos a pasar todos a la premiere, pero con un desfile previo que va a tener una tem\u00e1tica muy acorde\u201d, expres\u00f3. Finalmente, sostuvo que el estreno ser\u00e1 este jueves 30 de abril a las 21:30 horas.<\/p>\n<\/div>\n","protected":false},"excerpt":{"rendered":"<p>27 de abril de 2026 Con el objetivo de acompa\u00f1ar el estreno de la pel\u00edcula \u201cEl Diablo Viste a la<\/p>\n","protected":false},"author":8,"featured_media":41448,"comment_status":"open","ping_status":"closed","sticky":false,"template":"","format":"standard","meta":{"footnotes":""},"categories":[88],"tags":[],"class_list":["post-41447","post","type-post","status-publish","format-standard","has-post-thumbnail","hentry","category-cultura"],"_links":{"self":[{"href":"https:\/\/ecosdelsur.com\/index.php?rest_route=\/wp\/v2\/posts\/41447","targetHints":{"allow":["GET"]}}],"collection":[{"href":"https:\/\/ecosdelsur.com\/index.php?rest_route=\/wp\/v2\/posts"}],"about":[{"href":"https:\/\/ecosdelsur.com\/index.php?rest_route=\/wp\/v2\/types\/post"}],"author":[{"embeddable":true,"href":"https:\/\/ecosdelsur.com\/index.php?rest_route=\/wp\/v2\/users\/8"}],"replies":[{"embeddable":true,"href":"https:\/\/ecosdelsur.com\/index.php?rest_route=%2Fwp%2Fv2%2Fcomments&post=41447"}],"version-history":[{"count":2,"href":"https:\/\/ecosdelsur.com\/index.php?rest_route=\/wp\/v2\/posts\/41447\/revisions"}],"predecessor-version":[{"id":41450,"href":"https:\/\/ecosdelsur.com\/index.php?rest_route=\/wp\/v2\/posts\/41447\/revisions\/41450"}],"wp:featuredmedia":[{"embeddable":true,"href":"https:\/\/ecosdelsur.com\/index.php?rest_route=\/wp\/v2\/media\/41448"}],"wp:attachment":[{"href":"https:\/\/ecosdelsur.com\/index.php?rest_route=%2Fwp%2Fv2%2Fmedia&parent=41447"}],"wp:term":[{"taxonomy":"category","embeddable":true,"href":"https:\/\/ecosdelsur.com\/index.php?rest_route=%2Fwp%2Fv2%2Fcategories&post=41447"},{"taxonomy":"post_tag","embeddable":true,"href":"https:\/\/ecosdelsur.com\/index.php?rest_route=%2Fwp%2Fv2%2Ftags&post=41447"}],"curies":[{"name":"wp","href":"https:\/\/api.w.org\/{rel}","templated":true}]}}