{"id":41438,"date":"2026-04-27T19:25:16","date_gmt":"2026-04-27T22:25:16","guid":{"rendered":"https:\/\/ecosdelsur.com\/?p=41438"},"modified":"2026-04-27T21:56:10","modified_gmt":"2026-04-28T00:56:10","slug":"caleta-olivia-candidatos-a-recibir-la-liga-federal-de-voley-2027","status":"publish","type":"post","link":"https:\/\/ecosdelsur.com\/?p=41438","title":{"rendered":"Caleta Olivia: Candidato a recibir la Liga Federal de V\u00f3ley 2027"},"content":{"rendered":"<header class=\"entry-header\"><span style=\"color: #ff0000; font-size: 16px;\">27 de abril de 2026 &#8211; <\/span>El intendente de Caleta Olivia, Pablo Carrizo, junto a Eduardo \u201cChato\u201d Iglesias mantuvieron una importante reuni\u00f3n de trabajo con Juan Sardo, presidente de la Federaci\u00f3n del Voleibol Argentino, con el objetivo de avanzar en la postulaci\u00f3n formal de la ciudad como sede anfitriona de la Liga Federal de V\u00f3ley femenina y masculina, prevista para febrero de 2027. <img decoding=\"async\" class=\"alignnone size-full wp-image-41440 lazyload\" data-src=\"https:\/\/ecosdelsur.com\/wp-content\/uploads\/2026\/04\/v1.jpg\" alt=\"\" width=\"810\" height=\"487\" data-srcset=\"https:\/\/ecosdelsur.com\/wp-content\/uploads\/2026\/04\/v1.jpg 810w, https:\/\/ecosdelsur.com\/wp-content\/uploads\/2026\/04\/v1-300x180.jpg 300w, https:\/\/ecosdelsur.com\/wp-content\/uploads\/2026\/04\/v1-768x462.jpg 768w\" data-sizes=\"(max-width: 810px) 100vw, 810px\" src=\"data:image\/svg+xml;base64,PHN2ZyB3aWR0aD0iMSIgaGVpZ2h0PSIxIiB4bWxucz0iaHR0cDovL3d3dy53My5vcmcvMjAwMC9zdmciPjwvc3ZnPg==\" style=\"--smush-placeholder-width: 810px; --smush-placeholder-aspect-ratio: 810\/487;\" \/><\/header>\n<div class=\"entry-content si-entry\">\n<figure class=\"wp-block-image size-large\"><\/figure>\n<p>Durante el encuentro se abordaron distintos aspectos vinculados a la organizaci\u00f3n del certamen, la infraestructura deportiva disponible en la ciudad y la capacidad log\u00edstica para recibir a delegaciones de todo el pa\u00eds, en un evento de gran magnitud para el deporte nacional.<img decoding=\"async\" class=\"alignnone size-full wp-image-41439 lazyload\" data-src=\"https:\/\/ecosdelsur.com\/wp-content\/uploads\/2026\/04\/v.jpg\" alt=\"\" width=\"931\" height=\"614\" data-srcset=\"https:\/\/ecosdelsur.com\/wp-content\/uploads\/2026\/04\/v.jpg 931w, https:\/\/ecosdelsur.com\/wp-content\/uploads\/2026\/04\/v-300x198.jpg 300w, https:\/\/ecosdelsur.com\/wp-content\/uploads\/2026\/04\/v-768x507.jpg 768w\" data-sizes=\"(max-width: 931px) 100vw, 931px\" src=\"data:image\/svg+xml;base64,PHN2ZyB3aWR0aD0iMSIgaGVpZ2h0PSIxIiB4bWxucz0iaHR0cDovL3d3dy53My5vcmcvMjAwMC9zdmciPjwvc3ZnPg==\" style=\"--smush-placeholder-width: 931px; --smush-placeholder-aspect-ratio: 931\/614;\" \/><\/p>\n<figure class=\"wp-block-image size-large\"><\/figure>\n<p>La propuesta busca posicionar a Caleta Olivia como epicentro del v\u00f3ley argentino, consolidando el crecimiento de la disciplina a nivel local y fortaleciendo el perfil de la ciudad como sede de competencias de alcance federal.<img decoding=\"async\" class=\"alignnone size-full wp-image-41441 lazyload\" data-src=\"https:\/\/ecosdelsur.com\/wp-content\/uploads\/2026\/04\/v2.jpg\" alt=\"\" width=\"741\" height=\"504\" data-srcset=\"https:\/\/ecosdelsur.com\/wp-content\/uploads\/2026\/04\/v2.jpg 741w, https:\/\/ecosdelsur.com\/wp-content\/uploads\/2026\/04\/v2-300x204.jpg 300w\" data-sizes=\"(max-width: 741px) 100vw, 741px\" src=\"data:image\/svg+xml;base64,PHN2ZyB3aWR0aD0iMSIgaGVpZ2h0PSIxIiB4bWxucz0iaHR0cDovL3d3dy53My5vcmcvMjAwMC9zdmciPjwvc3ZnPg==\" style=\"--smush-placeholder-width: 741px; --smush-placeholder-aspect-ratio: 741\/504;\" \/><\/p>\n<figure class=\"wp-block-image size-large\"><\/figure>\n<p>En este sentido, el intendente destac\u00f3 la importancia de seguir impulsando pol\u00edticas p\u00fablicas que acompa\u00f1en al deporte como herramienta de inclusi\u00f3n, formaci\u00f3n y desarrollo comunitario, generando adem\u00e1s un impacto positivo en la actividad econ\u00f3mica y tur\u00edstica de la ciudad.<\/p>\n<p>La posibilidad de albergar la Liga Federal de V\u00f3ley representa un nuevo desaf\u00edo para la ciudad, que contin\u00faa fortaleciendo su infraestructura y su agenda deportiva, apostando a eventos de relevancia nacional que promuevan la participaci\u00f3n, el intercambio y el crecimiento del deporte en toda la regi\u00f3n.<\/p>\n<div class=\"ss-inline-share-wrapper ss-left-inline-content ss-small-icons ss-with-spacing ss-rounded-icons\">\n<p class=\"ss-social-share-label\">Share via:<\/p>\n<\/div>\n<\/div>\n","protected":false},"excerpt":{"rendered":"<p>27 de abril de 2026 &#8211; El intendente de Caleta Olivia, Pablo Carrizo, junto a Eduardo \u201cChato\u201d Iglesias mantuvieron una<\/p>\n","protected":false},"author":8,"featured_media":41442,"comment_status":"open","ping_status":"closed","sticky":false,"template":"","format":"standard","meta":{"footnotes":""},"categories":[37],"tags":[],"class_list":["post-41438","post","type-post","status-publish","format-standard","has-post-thumbnail","hentry","category-deportes"],"_links":{"self":[{"href":"https:\/\/ecosdelsur.com\/index.php?rest_route=\/wp\/v2\/posts\/41438","targetHints":{"allow":["GET"]}}],"collection":[{"href":"https:\/\/ecosdelsur.com\/index.php?rest_route=\/wp\/v2\/posts"}],"about":[{"href":"https:\/\/ecosdelsur.com\/index.php?rest_route=\/wp\/v2\/types\/post"}],"author":[{"embeddable":true,"href":"https:\/\/ecosdelsur.com\/index.php?rest_route=\/wp\/v2\/users\/8"}],"replies":[{"embeddable":true,"href":"https:\/\/ecosdelsur.com\/index.php?rest_route=%2Fwp%2Fv2%2Fcomments&post=41438"}],"version-history":[{"count":3,"href":"https:\/\/ecosdelsur.com\/index.php?rest_route=\/wp\/v2\/posts\/41438\/revisions"}],"predecessor-version":[{"id":41445,"href":"https:\/\/ecosdelsur.com\/index.php?rest_route=\/wp\/v2\/posts\/41438\/revisions\/41445"}],"wp:featuredmedia":[{"embeddable":true,"href":"https:\/\/ecosdelsur.com\/index.php?rest_route=\/wp\/v2\/media\/41442"}],"wp:attachment":[{"href":"https:\/\/ecosdelsur.com\/index.php?rest_route=%2Fwp%2Fv2%2Fmedia&parent=41438"}],"wp:term":[{"taxonomy":"category","embeddable":true,"href":"https:\/\/ecosdelsur.com\/index.php?rest_route=%2Fwp%2Fv2%2Fcategories&post=41438"},{"taxonomy":"post_tag","embeddable":true,"href":"https:\/\/ecosdelsur.com\/index.php?rest_route=%2Fwp%2Fv2%2Ftags&post=41438"}],"curies":[{"name":"wp","href":"https:\/\/api.w.org\/{rel}","templated":true}]}}