{"id":41434,"date":"2026-04-27T18:53:42","date_gmt":"2026-04-27T21:53:42","guid":{"rendered":"https:\/\/ecosdelsur.com\/?p=41434"},"modified":"2026-04-27T18:53:42","modified_gmt":"2026-04-27T21:53:42","slug":"caleta-olivia-avanza-en-la-recuperacion-de-su-museo-historico-en-la-ex-gamela-de-ypf","status":"publish","type":"post","link":"https:\/\/ecosdelsur.com\/?p=41434","title":{"rendered":"Caleta Olivia avanza en la recuperaci\u00f3n de su Museo hist\u00f3rico en la ex gamela de YPF"},"content":{"rendered":"<p>En un contexto econ\u00f3mico complejo, pero con fuerte compromiso cultural, avanza en Caleta Olivia el proyecto de recuperaci\u00f3n del Museo local, una iniciativa impulsada por vecinos y acompa\u00f1ada por el \u00e1rea de Patrimonio Cultural de la Municipalidad.<\/p>\n<p>La propuesta busca devolverle a la comunidad un espacio clave para preservar la identidad y la memoria colectiva, tras m\u00e1s de dos d\u00e9cadas sin un museo en funcionamiento en la ciudad.<\/p>\n<p>Paula Obaya, una de las impulsoras del proyecto, explic\u00f3 que el trabajo de recuperaci\u00f3n viene gest\u00e1ndose desde hace a\u00f1os y hoy encuentra una oportunidad concreta de avanzar. \u201cHace mucho tiempo que venimos insistiendo en la necesidad de recuperar nuestra historia. Hoy estamos trabajando junto al municipio para que el museo vuelva a ser una realidad\u201d, expres\u00f3.<\/p>\n<p>El espacio elegido es la antigua gamela de YPF, un edificio con valor simb\u00f3lico e hist\u00f3rico que, seg\u00fan indicaron, ser\u00e1 restaurado y puesto en valor. \u201cEs uno de los pocos que se mantiene casi intacto en su fachada, lo que lo convierte en un lugar ideal para este proyecto\u201d, detall\u00f3 Obaya.<\/p>\n<p>Por su parte, el director de Patrimonio Cultural, Alberto Rojas, remarc\u00f3 la importancia de proteger y revalorizar el patrimonio local. \u201cNo puede ser que nuestra historia est\u00e9 guardada o dispersa. Tenemos una oportunidad \u00fanica de reconstruir ese legado y ponerlo nuevamente al alcance de la comunidad\u201d, sostuvo.<\/p>\n<p>En ese sentido, destac\u00f3 el acompa\u00f1amiento de referentes hist\u00f3ricos como Silvia Parisi, quien particip\u00f3 en la creaci\u00f3n del antiguo museo y hoy colabora en el relevamiento de piezas, documentaci\u00f3n e inventario. Su aporte resulta clave para garantizar un proceso ordenado y responsable.<\/p>\n<p>El proyecto tambi\u00e9n incluye la recuperaci\u00f3n de objetos hist\u00f3ricos que actualmente se encuentran dispersos en distintos espacios, algunos de ellos en resguardo institucional y otros en condiciones de riesgo. Adem\u00e1s, se trabaja en la regularizaci\u00f3n de piezas que fueron cedidas en pr\u00e9stamo por vecinos.<\/p>\n<p>Desde la organizaci\u00f3n convocaron a la comunidad a sumarse al proceso, ya sea con mano de obra, ideas o aportes materiales. \u201cEl museo es de todos. Necesitamos que la gente se involucre, que se acerque, que forme parte de esta reconstrucci\u00f3n\u201d, se\u00f1alaron.<\/p>\n<p>Actualmente, los trabajos se desarrollan de lunes a viernes desde las 8 de la ma\u00f1ana en el edificio asignado, donde ya comenzaron tareas de limpieza, restauraci\u00f3n y planificaci\u00f3n.<\/p>\n<p>En paralelo, se proyectan actividades para el pr\u00f3ximo D\u00eda Internacional de los Museos, lo que marcar\u00eda un primer paso hacia la reapertura del espacio.<\/p>\n<p>Finalmente, los impulsores coincidieron en que, m\u00e1s all\u00e1 de las dificultades econ\u00f3micas, la cultura no debe quedar relegada. \u201cEl museo no es un lujo, es una necesidad. Es parte de lo que somos como sociedad\u201d, concluyeron.<\/p>\n","protected":false},"excerpt":{"rendered":"<p>En un contexto econ\u00f3mico complejo, pero con fuerte compromiso cultural, avanza en Caleta Olivia el proyecto de recuperaci\u00f3n del Museo<\/p>\n","protected":false},"author":8,"featured_media":41435,"comment_status":"open","ping_status":"closed","sticky":false,"template":"","format":"standard","meta":{"footnotes":""},"categories":[35],"tags":[1590,60,254,1589,1588,1587],"class_list":["post-41434","post","type-post","status-publish","format-standard","has-post-thumbnail","hentry","category-sociedad","tag-alberto-rojas","tag-caleta-olivia","tag-municipio","tag-patrimonio-cultural","tag-paula-obaya","tag-recuperacion-del-museo"],"_links":{"self":[{"href":"https:\/\/ecosdelsur.com\/index.php?rest_route=\/wp\/v2\/posts\/41434","targetHints":{"allow":["GET"]}}],"collection":[{"href":"https:\/\/ecosdelsur.com\/index.php?rest_route=\/wp\/v2\/posts"}],"about":[{"href":"https:\/\/ecosdelsur.com\/index.php?rest_route=\/wp\/v2\/types\/post"}],"author":[{"embeddable":true,"href":"https:\/\/ecosdelsur.com\/index.php?rest_route=\/wp\/v2\/users\/8"}],"replies":[{"embeddable":true,"href":"https:\/\/ecosdelsur.com\/index.php?rest_route=%2Fwp%2Fv2%2Fcomments&post=41434"}],"version-history":[{"count":1,"href":"https:\/\/ecosdelsur.com\/index.php?rest_route=\/wp\/v2\/posts\/41434\/revisions"}],"predecessor-version":[{"id":41436,"href":"https:\/\/ecosdelsur.com\/index.php?rest_route=\/wp\/v2\/posts\/41434\/revisions\/41436"}],"wp:featuredmedia":[{"embeddable":true,"href":"https:\/\/ecosdelsur.com\/index.php?rest_route=\/wp\/v2\/media\/41435"}],"wp:attachment":[{"href":"https:\/\/ecosdelsur.com\/index.php?rest_route=%2Fwp%2Fv2%2Fmedia&parent=41434"}],"wp:term":[{"taxonomy":"category","embeddable":true,"href":"https:\/\/ecosdelsur.com\/index.php?rest_route=%2Fwp%2Fv2%2Fcategories&post=41434"},{"taxonomy":"post_tag","embeddable":true,"href":"https:\/\/ecosdelsur.com\/index.php?rest_route=%2Fwp%2Fv2%2Ftags&post=41434"}],"curies":[{"name":"wp","href":"https:\/\/api.w.org\/{rel}","templated":true}]}}