{"id":41428,"date":"2026-04-27T18:35:31","date_gmt":"2026-04-27T21:35:31","guid":{"rendered":"https:\/\/ecosdelsur.com\/?p=41428"},"modified":"2026-04-27T18:35:31","modified_gmt":"2026-04-27T21:35:31","slug":"intervencion-municipal-limpieza-asistencia-social-y-llamado-a-la-responsabilidad-vecinal","status":"publish","type":"post","link":"https:\/\/ecosdelsur.com\/?p=41428","title":{"rendered":"Intervenci\u00f3n municipal: limpieza, asistencia social y llamado a la responsabilidad vecinal"},"content":{"rendered":"<p>La Municipalidad intervino en un domicilio de la ciudad para dar respuesta a una compleja situaci\u00f3n ambiental y social vinculada a la acumulaci\u00f3n de residuos, mientras desde el \u00e1rea de Desarrollo Social salieron a aclarar el abordaje del caso tras la pol\u00e9mica generada en redes sociales durante el fin de semana.<\/p>\n<p>El operativo se desarroll\u00f3 en la vivienda de un vecino identificado como Ra\u00fal, donde durante a\u00f1os distintos residentes dejaban residuos para reciclaje. Con el tiempo, esta pr\u00e1ctica deriv\u00f3 en una acumulaci\u00f3n masiva de basura que gener\u00f3 riesgos sanitarios y complicaciones estructurales en el terreno.<\/p>\n<p>El subsecretario de Servicios, Enrique S\u00e1nchez, explic\u00f3 que la intervenci\u00f3n fue solicitada por la cuidadora del vecino y coordinada tras un pedido del intendente. \u201cEl hombre ya no pod\u00eda continuar con el reciclaje y la gente segu\u00eda arrojando residuos. Hoy estamos trabajando para dejar el lugar en condiciones\u201d, indic\u00f3.<\/p>\n<p><img decoding=\"async\" class=\"alignnone size-full wp-image-41430 lazyload\" data-src=\"https:\/\/ecosdelsur.com\/wp-content\/uploads\/2026\/04\/Captura-de-pantalla-1243.png\" alt=\"\" width=\"897\" height=\"461\" data-srcset=\"https:\/\/ecosdelsur.com\/wp-content\/uploads\/2026\/04\/Captura-de-pantalla-1243.png 897w, https:\/\/ecosdelsur.com\/wp-content\/uploads\/2026\/04\/Captura-de-pantalla-1243-300x154.png 300w, https:\/\/ecosdelsur.com\/wp-content\/uploads\/2026\/04\/Captura-de-pantalla-1243-768x395.png 768w\" data-sizes=\"(max-width: 897px) 100vw, 897px\" src=\"data:image\/svg+xml;base64,PHN2ZyB3aWR0aD0iMSIgaGVpZ2h0PSIxIiB4bWxucz0iaHR0cDovL3d3dy53My5vcmcvMjAwMC9zdmciPjwvc3ZnPg==\" style=\"--smush-placeholder-width: 897px; --smush-placeholder-aspect-ratio: 897\/461;\" \/><\/p>\n<p>Hasta el momento, se retiraron al menos cuatro camiones de desechos, mientras personal de forestaci\u00f3n tambi\u00e9n realiz\u00f3 tareas de poda debido al crecimiento de \u00e1rboles que afectaban cables y viviendas linderas. Las tareas continuar\u00e1n en los pr\u00f3ximos d\u00edas.<\/p>\n<p>Desde el municipio advirtieron adem\u00e1s que el lugar ya no est\u00e1 habilitado como punto de acopio informal, por lo que quienes arrojen residuos all\u00ed podr\u00e1n ser sancionados. En ese sentido, se record\u00f3 a comerciantes y vecinos que deben canalizar sus desechos a trav\u00e9s de recuperadores urbanos o trasladarlos a la planta de tratamiento correspondiente.<\/p>\n<p>Por su parte, el referente del \u00e1rea ambiental, David Acosta, remarc\u00f3 la importancia de cumplir con la trazabilidad de los residuos: \u201cLos comercios deben gestionar correctamente sus materiales reciclables. Existen alternativas municipales para evitar que estas situaciones se repitan\u201d.<\/p>\n<p><img decoding=\"async\" class=\"alignnone size-full wp-image-41431 lazyload\" data-src=\"https:\/\/ecosdelsur.com\/wp-content\/uploads\/2026\/04\/Captura-de-pantalla-1246.png\" alt=\"\" width=\"859\" height=\"459\" data-srcset=\"https:\/\/ecosdelsur.com\/wp-content\/uploads\/2026\/04\/Captura-de-pantalla-1246.png 859w, https:\/\/ecosdelsur.com\/wp-content\/uploads\/2026\/04\/Captura-de-pantalla-1246-300x160.png 300w, https:\/\/ecosdelsur.com\/wp-content\/uploads\/2026\/04\/Captura-de-pantalla-1246-768x410.png 768w\" data-sizes=\"(max-width: 859px) 100vw, 859px\" src=\"data:image\/svg+xml;base64,PHN2ZyB3aWR0aD0iMSIgaGVpZ2h0PSIxIiB4bWxucz0iaHR0cDovL3d3dy53My5vcmcvMjAwMC9zdmciPjwvc3ZnPg==\" style=\"--smush-placeholder-width: 859px; --smush-placeholder-aspect-ratio: 859\/459;\" \/><\/p>\n<p>El trasfondo social y la pol\u00e9mica<\/p>\n<p>En paralelo, la secretaria de Desarrollo Social, Priscila Jwanczyk, brind\u00f3 declaraciones para aclarar la intervenci\u00f3n estatal luego de cuestionamientos p\u00fablicos por parte del concejal Juan Curall\u00e1n.<\/p>\n<p>La funcionaria explic\u00f3 que el caso fue abordado de manera integral por equipos t\u00e9cnicos, incluyendo trabajadores sociales y agentes sanitarios, quienes realizaron evaluaciones en el domicilio y gestionaron asistencia m\u00e9dica.<\/p>\n<p>Seg\u00fan detall\u00f3, el propio vecino hab\u00eda solicitado postergar la limpieza para concretar una \u00faltima venta de materiales, lo que retras\u00f3 el operativo. Posteriormente, y ante el agravamiento de la situaci\u00f3n, se logr\u00f3 su traslado voluntario al hogar de adultos mayores, donde actualmente recibe contenci\u00f3n y atenci\u00f3n m\u00e9dica.<\/p>\n<p><img decoding=\"async\" class=\"alignnone size-large wp-image-41432 lazyload\" data-src=\"https:\/\/ecosdelsur.com\/wp-content\/uploads\/2026\/04\/Captura-de-pantalla-1247-1024x576.png\" alt=\"\" width=\"800\" height=\"450\" data-srcset=\"https:\/\/ecosdelsur.com\/wp-content\/uploads\/2026\/04\/Captura-de-pantalla-1247-1024x576.png 1024w, https:\/\/ecosdelsur.com\/wp-content\/uploads\/2026\/04\/Captura-de-pantalla-1247-300x169.png 300w, https:\/\/ecosdelsur.com\/wp-content\/uploads\/2026\/04\/Captura-de-pantalla-1247-768x432.png 768w, https:\/\/ecosdelsur.com\/wp-content\/uploads\/2026\/04\/Captura-de-pantalla-1247.png 1366w\" data-sizes=\"(max-width: 800px) 100vw, 800px\" src=\"data:image\/svg+xml;base64,PHN2ZyB3aWR0aD0iMSIgaGVpZ2h0PSIxIiB4bWxucz0iaHR0cDovL3d3dy53My5vcmcvMjAwMC9zdmciPjwvc3ZnPg==\" style=\"--smush-placeholder-width: 800px; --smush-placeholder-aspect-ratio: 800\/450;\" \/><\/p>\n<p>Jwanczyk rechaz\u00f3 las acusaciones de abandono y cuestion\u00f3 la exposici\u00f3n medi\u00e1tica del caso: \u201cNo se puede hacer un uso pol\u00edtico de situaciones de vulnerabilidad. Hay protocolos y profesionales que intervienen, y muchas veces no se difunde por respeto a la privacidad de las personas\u201d.<\/p>\n","protected":false},"excerpt":{"rendered":"<p>La Municipalidad intervino en un domicilio de la ciudad para dar respuesta a una compleja situaci\u00f3n ambiental y social vinculada<\/p>\n","protected":false},"author":8,"featured_media":41429,"comment_status":"open","ping_status":"closed","sticky":false,"template":"","format":"standard","meta":{"footnotes":""},"categories":[33],"tags":[60,1505,249,254,1586],"class_list":["post-41428","post","type-post","status-publish","format-standard","has-post-thumbnail","hentry","category-politica","tag-caleta-olivia","tag-desarrollo-social","tag-medio-ambiente","tag-municipio","tag-servicios"],"_links":{"self":[{"href":"https:\/\/ecosdelsur.com\/index.php?rest_route=\/wp\/v2\/posts\/41428","targetHints":{"allow":["GET"]}}],"collection":[{"href":"https:\/\/ecosdelsur.com\/index.php?rest_route=\/wp\/v2\/posts"}],"about":[{"href":"https:\/\/ecosdelsur.com\/index.php?rest_route=\/wp\/v2\/types\/post"}],"author":[{"embeddable":true,"href":"https:\/\/ecosdelsur.com\/index.php?rest_route=\/wp\/v2\/users\/8"}],"replies":[{"embeddable":true,"href":"https:\/\/ecosdelsur.com\/index.php?rest_route=%2Fwp%2Fv2%2Fcomments&post=41428"}],"version-history":[{"count":1,"href":"https:\/\/ecosdelsur.com\/index.php?rest_route=\/wp\/v2\/posts\/41428\/revisions"}],"predecessor-version":[{"id":41433,"href":"https:\/\/ecosdelsur.com\/index.php?rest_route=\/wp\/v2\/posts\/41428\/revisions\/41433"}],"wp:featuredmedia":[{"embeddable":true,"href":"https:\/\/ecosdelsur.com\/index.php?rest_route=\/wp\/v2\/media\/41429"}],"wp:attachment":[{"href":"https:\/\/ecosdelsur.com\/index.php?rest_route=%2Fwp%2Fv2%2Fmedia&parent=41428"}],"wp:term":[{"taxonomy":"category","embeddable":true,"href":"https:\/\/ecosdelsur.com\/index.php?rest_route=%2Fwp%2Fv2%2Fcategories&post=41428"},{"taxonomy":"post_tag","embeddable":true,"href":"https:\/\/ecosdelsur.com\/index.php?rest_route=%2Fwp%2Fv2%2Ftags&post=41428"}],"curies":[{"name":"wp","href":"https:\/\/api.w.org\/{rel}","templated":true}]}}