{"id":41425,"date":"2026-04-27T17:43:42","date_gmt":"2026-04-27T20:43:42","guid":{"rendered":"https:\/\/ecosdelsur.com\/?p=41425"},"modified":"2026-04-27T17:43:42","modified_gmt":"2026-04-27T20:43:42","slug":"preocupacion-en-barrio-parque-por-tiroteos-durante-la-madrugada","status":"publish","type":"post","link":"https:\/\/ecosdelsur.com\/?p=41425","title":{"rendered":"Preocupaci\u00f3n en Barrio Parque por tiroteos durante la madrugada"},"content":{"rendered":"<p>Vecinos denuncian disparos en la calle Buenos Aires y reclaman mayor presencia policial ante el temor creciente en el sector.<\/p>\n<p>Vecinos del barrio Parque de Caleta Olivia manifestaron su preocupaci\u00f3n tras una serie de episodios con disparos de arma de fuego ocurridos durante la madrugada de este lunes en la calle Buenos Aires.<\/p>\n<p>La presidenta de la uni\u00f3n vecinal, Eva Hassanie, confirm\u00f3 que los hechos se repitieron en al menos dos oportunidades durante el fin de semana, generando alarma entre los residentes.<\/p>\n<p>Seg\u00fan relat\u00f3, el primer incidente ocurri\u00f3 el s\u00e1bado alrededor de las 3 de la ma\u00f1ana, cuando una persona a bordo de una motocicleta efectu\u00f3 siete disparos contra una vivienda o un veh\u00edculo estacionado. \u201cUn vecino que integra la comisi\u00f3n vio el momento en que esta persona pas\u00f3 y realiz\u00f3 los tiros\u201d, explic\u00f3.<\/p>\n<p>Al d\u00eda siguiente, en el mismo horario, se registr\u00f3 un nuevo episodio con caracter\u00edsticas similares, aunque en esta ocasi\u00f3n se habr\u00edan efectuado cuatro disparos. \u201cLos vecinos volvieron a alertarnos, est\u00e1n asustados porque esto puede terminar en algo m\u00e1s grave\u201d, se\u00f1al\u00f3.<\/p>\n<p>Falta de respuestas y reclamo vecinal<\/p>\n<p>Hassanie indic\u00f3 que, pese a los llamados realizados a la comisar\u00eda, no se despleg\u00f3 un operativo inmediato ni se realizaron pericias en el lugar tras los hechos. Incluso, fueron los propios vecinos quienes recolectaron casquillos y los acercaron a la polic\u00eda.<\/p>\n<p>\u201cNos dijeron que hab\u00edan pasado, pero que no hab\u00eda nada. Sin embargo, las evidencias est\u00e1n\u201d, remarc\u00f3.<\/p>\n<p>Ante esta situaci\u00f3n, desde la uni\u00f3n vecinal solicitar\u00e1n formalmente una reuni\u00f3n con autoridades de la Comisar\u00eda Cuarta para exigir medidas concretas. El objetivo es obtener respuestas y definir acciones que garanticen la seguridad en el barrio.<\/p>\n<p>Miedo e incertidumbre<\/p>\n<p>El clima en la zona es de creciente preocupaci\u00f3n. Los vecinos temen que los ataques puedan derivar en consecuencias m\u00e1s graves.<\/p>\n<p>\u201cImaginate escuchar tiros a las tres de la ma\u00f1ana. Puede pasar alguien caminando, un auto, y recibir un impacto. \u00bfQu\u00e9 hacemos despu\u00e9s?\u201d, plante\u00f3 la dirigente.<\/p>\n<p>Adem\u00e1s, destac\u00f3 que muchos residentes evitan involucrarse por temor, lo que dificulta avanzar en denuncias m\u00e1s contundentes.<\/p>\n<p>Pedido urgente de medidas<\/p>\n<p>Desde la organizaci\u00f3n barrial insisten en la necesidad de mayor presencia policial, investigaciones en el lugar y acciones preventivas.<\/p>\n<p>\u201cQueremos una respuesta. Que esto se termine y que la gente pueda volver a dormir tranquila\u201d, concluy\u00f3 Hassanie.<\/p>\n","protected":false},"excerpt":{"rendered":"<p>Vecinos denuncian disparos en la calle Buenos Aires y reclaman mayor presencia policial ante el temor creciente en el sector.<\/p>\n","protected":false},"author":8,"featured_media":41426,"comment_status":"open","ping_status":"closed","sticky":false,"template":"","format":"standard","meta":{"footnotes":""},"categories":[35],"tags":[1583,60,1585,1385,1584],"class_list":["post-41425","post","type-post","status-publish","format-standard","has-post-thumbnail","hentry","category-sociedad","tag-b-parque","tag-caleta-olivia","tag-eva-hassanie","tag-inseguridad","tag-tiroteos"],"_links":{"self":[{"href":"https:\/\/ecosdelsur.com\/index.php?rest_route=\/wp\/v2\/posts\/41425","targetHints":{"allow":["GET"]}}],"collection":[{"href":"https:\/\/ecosdelsur.com\/index.php?rest_route=\/wp\/v2\/posts"}],"about":[{"href":"https:\/\/ecosdelsur.com\/index.php?rest_route=\/wp\/v2\/types\/post"}],"author":[{"embeddable":true,"href":"https:\/\/ecosdelsur.com\/index.php?rest_route=\/wp\/v2\/users\/8"}],"replies":[{"embeddable":true,"href":"https:\/\/ecosdelsur.com\/index.php?rest_route=%2Fwp%2Fv2%2Fcomments&post=41425"}],"version-history":[{"count":1,"href":"https:\/\/ecosdelsur.com\/index.php?rest_route=\/wp\/v2\/posts\/41425\/revisions"}],"predecessor-version":[{"id":41427,"href":"https:\/\/ecosdelsur.com\/index.php?rest_route=\/wp\/v2\/posts\/41425\/revisions\/41427"}],"wp:featuredmedia":[{"embeddable":true,"href":"https:\/\/ecosdelsur.com\/index.php?rest_route=\/wp\/v2\/media\/41426"}],"wp:attachment":[{"href":"https:\/\/ecosdelsur.com\/index.php?rest_route=%2Fwp%2Fv2%2Fmedia&parent=41425"}],"wp:term":[{"taxonomy":"category","embeddable":true,"href":"https:\/\/ecosdelsur.com\/index.php?rest_route=%2Fwp%2Fv2%2Fcategories&post=41425"},{"taxonomy":"post_tag","embeddable":true,"href":"https:\/\/ecosdelsur.com\/index.php?rest_route=%2Fwp%2Fv2%2Ftags&post=41425"}],"curies":[{"name":"wp","href":"https:\/\/api.w.org\/{rel}","templated":true}]}}